{"id":19853,"date":"2023-10-11T08:00:00","date_gmt":"2023-10-11T11:00:00","guid":{"rendered":"https:\/\/latinoamerica21.com\/?p=19853"},"modified":"2023-12-20T05:25:03","modified_gmt":"2023-12-20T08:25:03","slug":"el-nuevo-extremismo-politico-en-america-latina","status":"publish","type":"post","link":"https:\/\/latinoamerica21.com\/es\/el-nuevo-extremismo-politico-en-america-latina\/","title":{"rendered":"El nuevo extremismo pol\u00edtico en Am\u00e9rica Latina"},"content":{"rendered":"\n<p>Tras la victoria en las primarias del economista ultraliberal Javier Milei, que encabeza el partido La Libertad Avanza, Argentina se ha convertido en el nuevo foco de debate sobre los cambios pol\u00edticos experimentales en Am\u00e9rica Latina. De hecho, los centros acad\u00e9micos y period\u00edsticos argentinos han multiplicado sus actividades en torno al estudio de la nueva extrema derecha en el mundo. Sobre todo, ante la perspectiva de que tenga lugar en Argentina el modelo m\u00e1s favorable para este tipo de fuerza pol\u00edtica, el cual no se detiene en el aparecimiento de una fuerza de presi\u00f3n complementaria, al estilo de Vox en Espa\u00f1a, sino un partido que hegemoniza las fuerzas conservadoras del pa\u00eds. Ese temor ha sido provocado por el hecho de que <a href=\"https:\/\/latinoamerica21.com\/es\/argentina-ayn-rand-y-la-novela-de-milei\/\" target=\"_blank\" rel=\"noreferrer noopener\">La Libertad Avanza<\/a> haya obtenido el 30% de los votos, superando a la alianza conservadora Juntos por el Cambio, que obtuvo dos puntos menos en los comicios.<\/p>\n\n\n\n<p>Afortunadamente, la reflexi\u00f3n m\u00e1s rigurosa sobre el aparecimiento de la nueva extrema derecha comienza por descartar la utilidad de usar la categor\u00eda de fascismo para referirse a este fen\u00f3meno. Especialistas en el tema, como Pablo Stefanoni o Steven Forti, alertan sobre la confusi\u00f3n que puede generar <a href=\"https:\/\/www.youtube.com\/watch?v=e7iqwokK-xg\" target=\"_blank\" rel=\"noreferrer noopener\">la simplificaci\u00f3n que suelen hacer grupos izquierdistas al categorizar de fascismo<\/a> a la nueva extrema derecha. Destacan que el fascismo hist\u00f3rico estaba marcado por un corporativismo y una asociaci\u00f3n a la fuerza militar como base constitutiva del proyecto pol\u00edtico que no aparecen en los or\u00edgenes de la nueva extrema derecha. El cl\u00e1sico Nicos Poulantzas agregaba una nota diferencial importante para distinguirlo de las dictaduras del sur europeo: el fascismo proyectaba su fuerte nacionalismo hacia la conquista externa, ten\u00eda una enorme vocaci\u00f3n imperialista. No pod\u00edan consolidar un r\u00e9gimen fascista quienes lo desearan, sino quienes pudieran hacerlo.<\/p>\n\n\n\n<p>Existe un amplio consenso sobre los rasgos propios de la nueva extrema derecha. Destaca su antiprogresismo y en especial su rechazo del relato pol\u00edtico <em>progre<\/em>; tambi\u00e9n su rebote ante la globalizaci\u00f3n econ\u00f3mica, causante de tanta desigualdad. En relaci\u00f3n con ello, se muestra un inconformismo social y un reclamo ante las \u00e9lites liberales, todo ello cimentado mediante una ideolog\u00eda libertaria radical (una de cuyas manifestaciones fue el movimiento antivacunas). Y en ese contexto, presentan una aceptaci\u00f3n cr\u00edtica y condicionada del sistema democr\u00e1tico establecido.<\/p>\n\n\n\n<p>El mayor problema que tiene este an\u00e1lisis de la nueva extrema derecha es su parcialidad. Como subraya Stefanoni, no se puede hablar de la forma populista de hacer pol\u00edtica o de sus planteamientos radicales sin mirar al otro extremo del espectro pol\u00edtico. Sobre todo, en Am\u00e9rica Latina la extrema izquierda lleva veinte a\u00f1os haciendo acto de presencia y con algunos \u00e9xitos electorales notables en Bolivia, Venezuela, Nicaragua, Per\u00fa, m\u00e1s all\u00e1 de c\u00f3mo haya evolucionado luego el proceso y su resultado final.<\/p>\n\n\n\n<p>Es decir, si se examinan de manera integral los cambios en la din\u00e1mica sociopol\u00edtica latinoamericana, en realidad deber\u00eda tematizarse sobre el nuevo extremismo pol\u00edtico en la regi\u00f3n, desde ambos lados del espectro pol\u00edtico. Algo que tambi\u00e9n tiene claros antecedentes hist\u00f3ricos, sobre todo en lo que refiere al respeto y defensa de las reglas del juego democr\u00e1tico. No hay que olvidar que en la primera mitad del siglo XX no hubo solo un detractor de la democracia liberal, sino dos: el comunismo y el fascismo, representando ambos el extremismo pol\u00edtico de ese tiempo. Es cierto que la nueva extrema izquierda ya no reproduce los patrones del comunismo, como lo es que la nueva extrema derecha no reproduce los del fascismo, pero ambos representan el nuevo extremismo pol\u00edtico que socaba el pacto social que necesitan los pa\u00edses como base del desarrollo funcional de los sistemas democr\u00e1ticos. Ese enfoque integral debe ser el correcto para evitar que el debate caiga en segmentaciones y medias verdades.<\/p>\n","protected":false},"excerpt":{"rendered":"<p>La reflexi\u00f3n m\u00e1s rigurosa sobre el surgimiento de la nueva extrema derecha descarta utilizar la categor\u00eda de fascismo para referirse a este fen\u00f3meno. <\/p>\n","protected":false},"author":300,"featured_media":19854,"comment_status":"closed","ping_status":"closed","sticky":false,"template":"","format":"standard","meta":{"_acf_changed":false,"episode_type":"","audio_file":"","cover_image":"","cover_image_id":"","duration":"","filesize":"","filesize_raw":"","date_recorded":"","explicit":"","block":"","itunes_episode_number":"","itunes_title":"","itunes_season_number":"","itunes_episode_type":"","footnotes":""},"categories":[16468,16468,16555,16555,16607,16607],"tags":[14128],"gps":[],"class_list":{"0":"post-19853","1":"post","2":"type-post","3":"status-publish","4":"format-standard","5":"has-post-thumbnail","7":"category-politica","9":"category-extremismo","11":"category-javier-milei","13":"tag-ideas-en-es"},"acf":[],"_links":{"self":[{"href":"https:\/\/latinoamerica21.com\/es\/wp-json\/wp\/v2\/posts\/19853","targetHints":{"allow":["GET"]}}],"collection":[{"href":"https:\/\/latinoamerica21.com\/es\/wp-json\/wp\/v2\/posts"}],"about":[{"href":"https:\/\/latinoamerica21.com\/es\/wp-json\/wp\/v2\/types\/post"}],"author":[{"embeddable":true,"href":"https:\/\/latinoamerica21.com\/es\/wp-json\/wp\/v2\/users\/300"}],"replies":[{"embeddable":true,"href":"https:\/\/latinoamerica21.com\/es\/wp-json\/wp\/v2\/comments?post=19853"}],"version-history":[{"count":0,"href":"https:\/\/latinoamerica21.com\/es\/wp-json\/wp\/v2\/posts\/19853\/revisions"}],"wp:featuredmedia":[{"embeddable":true,"href":"https:\/\/latinoamerica21.com\/es\/wp-json\/wp\/v2\/media\/19854"}],"wp:attachment":[{"href":"https:\/\/latinoamerica21.com\/es\/wp-json\/wp\/v2\/media?parent=19853"}],"wp:term":[{"taxonomy":"category","embeddable":true,"href":"https:\/\/latinoamerica21.com\/es\/wp-json\/wp\/v2\/categories?post=19853"},{"taxonomy":"post_tag","embeddable":true,"href":"https:\/\/latinoamerica21.com\/es\/wp-json\/wp\/v2\/tags?post=19853"},{"taxonomy":"gps","embeddable":true,"href":"https:\/\/latinoamerica21.com\/es\/wp-json\/wp\/v2\/gps?post=19853"}],"curies":[{"name":"wp","href":"https:\/\/api.w.org\/{rel}","templated":true}]}}