{"id":1986,"date":"2020-08-01T09:15:04","date_gmt":"2020-08-01T12:15:04","guid":{"rendered":"http:\/\/latinoamerica21.com\/?p=1986"},"modified":"2024-06-24T09:27:05","modified_gmt":"2024-06-24T12:27:05","slug":"la-pandemia-y-la-indolencia-economica-de-amlo","status":"publish","type":"post","link":"https:\/\/latinoamerica21.com\/es\/la-pandemia-y-la-indolencia-economica-de-amlo\/","title":{"rendered":"La pandemia y la indolencia econ\u00f3mica de AMLO"},"content":{"rendered":"\n<p>Antes present\u00e9 datos y argumentos sobre los empeoramientos sufridos y provocados por el presidente mexicano. Con cifras oficiales y estimadas de muertes, se estableci\u00f3 su mala gesti\u00f3n de la pandemia. Dije gesti\u00f3n porque L\u00f3pez Obrador decidi\u00f3 administrar la tragedia, no intentar evitarla. Y esa mala administraci\u00f3n ha llevado a una tragedia mayor. Los simplistas se solazan con alguna versi\u00f3n de la creencia \u201ctodos los pa\u00edses han vivido una tragedia\u201d (falso; un ejemplo: Vietnam) y si son izquierdistas de la moda siguen creyendo que san AMLO es un buen gobernante de izquierda que no ten\u00eda alternativas. Pero su respuesta \u2014por llamarla de alguna forma\u2014 econ\u00f3mica a la crisis pand\u00e9mica apunta en otra direcci\u00f3n.<\/p>\n\n\n\n<p>Se\u00f1alemos, entonces, que la crisis econ\u00f3mica se siente en toda la regi\u00f3n a la que pertenece M\u00e9xico, pero no en todos los pa\u00edses \u2014ni de Latinoam\u00e9rica ni del mundo\u2014 se siente de la misma manera. La crisis particular mexicana se debe no s\u00f3lo a las restricciones contra la pandemia, tard\u00edas y parciales como han sido, sino a la reacci\u00f3n del jefe de Estado, casi inexistente en un sentido. Tan es cierto que hubo diversidad internacional de medidas epidemiol\u00f3gicas contra la crisis sanitaria como que hay diversidad de medidas econ\u00f3micas contra la segunda crisis. Las \u201cmedidas\u201d obradoristas son diferentes y peores a las de muchos pa\u00edses.<\/p>\n\n\n\n<p>Podemos ver la pandemia como un laboratorio y un experimento. A veces, la naturaleza es un laboratorio que nos regala una especie de experimento: un raro experimento socionatural a gran escala y en tiempo real, social porque ocurre (con factores naturales-biol\u00f3gicos) dentro y sobre la sociedad humana, y \u201cnatural\u201d porque no ha sido dise\u00f1ado por ning\u00fan humano ni est\u00e1 controlado como tal a gusto de ning\u00fan otro. Aqu\u00ed no creemos en \u201cteor\u00edas de la conspiraci\u00f3n\u201d\u2026 En lo que s\u00ed se \u201ccree\u201d es la posibilidad de aprovechar anal\u00edticamente el experimento no intencionado.<\/p>\n\n\n\n<p>Para provecharlo se hicieron unas hip\u00f3tesis vinculadas: 1) la probabilidad de que alguien responsable act\u00fae responsablemente contra estas crisis es mayor a la probabilidad de que alguien irresponsable empiece a actuar responsablemente frente a ellas; 2) un gobernante m\u00e1s o menos responsable y verdaderamente de izquierda y antineoliberal no dejar\u00eda de tomar posibles decisiones responsables, de izquierda y no neoliberales; teniendo algo de poder y esa perspectiva, responder\u00eda a una situaci\u00f3n extrema y grave no con \u201cbuenas intenciones\u201d y manejos ret\u00f3ricos sino con intenciones e intentos espec\u00edficos y contundentes de pol\u00edticas a favor de los necesitados; 3) si ante crisis de esta magnitud un poderoso relativo no reacciona con pol\u00edticas de ayuda, o es un irresponsable o no es de izquierda adem\u00e1s de no ser responsable.<\/p>\n\n\n\n<p>As\u00ed, el experimento mundial permit\u00eda reenmarcar la acci\u00f3n presidencial de L\u00f3pez Obrador como experimento fortuito con una hip\u00f3tesis muy pertinente para el debate nacional e internacional sobre ese gobernante: si AMLO es de izquierda y antineoliberal, adoptar\u00e1 medidas de izquierda y antineoliberales.<\/p>\n\n\n\n<blockquote class=\"wp-block-quote is-layout-flow wp-block-quote-is-layout-flow\"><p>no hab\u00eda ni hay reforma fiscal para que el 1% o algo parecido pague m\u00e1s impuestos, ni ninguna otra reforma fiscal propia y progresista<\/p><\/blockquote>\n\n\n\n<p>\u00bfC\u00f3mo ha reaccionado L\u00f3pez Obrador ante la crisis econ\u00f3mica asociada al Covid-19? Con austeridad neoliberal: con un decreto recortando 75% de los gastos en servicios generales y materiales en toda la administraci\u00f3n p\u00fablica federal, gastos que son\/eran ventas de empresas no necesariamente grandes que emplean a ciudadanos comunes de clases baja y media, y buscando m\u00e1s \u201cahorros\u201d en cualquier pedazo del presupuesto que no sea parte de los proyectos&nbsp; presidenciales favoritos, preexistentes e inamovibles. Adem\u00e1s de austeridad donde no deber\u00eda haberla, AMLO ha reaccionado conservando 17 programas sociales que no hab\u00edan cumplido la promesa de disminuir sensiblemente la pobreza y la desigualdad y que tampoco disminuyeron el impacto o tama\u00f1o de la crisis actual, programas que no sirven como se supone que deber\u00edan servir por ser t\u00e9cnicamente deficientes, pol\u00edticamente clientelares e integralmente insuficientes (tomando los datos oficiales de cobertura, m\u00e1ximo de 22 millones, y de pobreza nacional que repiten los obradoristas, m\u00e1s de la mitad de los mexicanos, resulta que no se cubre ni ineficazmente hasta dos tercios de los pobres). Sumadas a estos programas ineficaces y sin ajustes, hay ausencias: no hab\u00eda ni hay reforma fiscal para que el 1% o algo parecido pague m\u00e1s impuestos, ni ninguna otra reforma fiscal propia y progresista; tampoco se condon\u00f3, redujo o difiri\u00f3 el pago de impuestos federales a empresas medianas y peque\u00f1as; sigue sin haber apoyo al ingreso de los ciudadanos sea en la l\u00ednea de las rentas b\u00e1sicas o en alguna similar, como sigue sin haber un buen uso contextual de los instrumentos de deuda.<\/p>\n\n\n\n<p>Sobre estas dos \u00faltimas faltas: a) AMLO no ha dado ning\u00fan sustituto de ingresos a desempleados recientes o anteriores por fuera de los programas mencionados, ni cubriendo el salario de quienes lo perdieron durante la cuarentena ni transfiriendo dinero sin condiciones por un tiempo a los necesitados; b) la deuda p\u00fablica equivale a 45% del PIB y subir\u00e1 sin que se le aumente contra la pandemia, \u00bfpor qu\u00e9 no usar un tanto de deuda para ayudar a quienes les urge ayuda?<\/p>\n\n\n\n<p>Se calcula que el gasto del gobierno de L\u00f3pez Obrador contra la crisis es menor al 0.5% del PIB. La India, otro pa\u00eds fuera del \u201cprimer mundo\u201d, gastar\u00e1 10% para la recuperaci\u00f3n.<\/p>\n\n\n\n<p>La respuesta de AMLO que hemos expuesto, \u00bfc\u00f3mo puede ser de izquierda y antineoliberal? \u00bfY c\u00f3mo puede ser responsable? Para m\u00ed es la reacci\u00f3n de alguien de derecha neoliberal o de un pragm\u00e1tico miope, electorero y negligente. L\u00f3pez Obrador es jefe de Estado, no estadista. Es un presidente indolente. Quiere equipararse con Franklin Roosevelt pero no hace nada rooseveltiano. Y no sigue ni entiende a Keynes, gran economista que no dijo que siempre sea bueno endeudarse sino escribi\u00f3: \u201cel auge, no el bache, es el momento correcto para la austeridad\u201d; y \u201cla prosperidad y la depresi\u00f3n no son cosas que dependan (exclusivamente) de glorias pasadas sino de realizaciones actuales\u201d.<\/p>\n\n\n\n<p>Con las \u201crealizaciones\u201d actuales de AMLO, la econom\u00eda mexicana caer\u00e1 9% seg\u00fan la CEPAL, y seg\u00fan la ONU la pobreza en general subir\u00e1 de 52% a 68.5% de la poblaci\u00f3n.<\/p>\n\n\n\n<p><em>Foto de Presidencia de la Rep\u00fablica Mexicana en Foter.com \/ CC BY <\/em><\/p>\n","protected":false},"excerpt":{"rendered":"<p>L\u00f3pez Obrador decidi\u00f3 administrar la tragedia, no intentar evitarla. Y esa mala administraci\u00f3n ha llevado a una tragedia mayor. Los simplistas se solazan con alguna versi\u00f3n de la creencia \u201ctodos los pa\u00edses han vivido una tragedia\u201d y si son izquierdistas de la moda siguen creyendo que que no ten\u00eda alternativas.<\/p>\n","protected":false},"author":5,"featured_media":1987,"comment_status":"closed","ping_status":"closed","sticky":false,"template":"","format":"standard","meta":{"_acf_changed":false,"episode_type":"","audio_file":"","cover_image":"","cover_image_id":"","duration":"","filesize":"","filesize_raw":"","date_recorded":"","explicit":"","block":"","itunes_episode_number":"","itunes_title":"","itunes_season_number":"","itunes_episode_type":"","footnotes":""},"categories":[16548,16548,16506,16506],"tags":[14126],"gps":[],"class_list":{"0":"post-1986","1":"post","2":"type-post","3":"status-publish","4":"format-standard","5":"has-post-thumbnail","7":"category-pandemia","9":"category-economia","11":"tag-debates-br-es"},"acf":[],"_links":{"self":[{"href":"https:\/\/latinoamerica21.com\/es\/wp-json\/wp\/v2\/posts\/1986","targetHints":{"allow":["GET"]}}],"collection":[{"href":"https:\/\/latinoamerica21.com\/es\/wp-json\/wp\/v2\/posts"}],"about":[{"href":"https:\/\/latinoamerica21.com\/es\/wp-json\/wp\/v2\/types\/post"}],"author":[{"embeddable":true,"href":"https:\/\/latinoamerica21.com\/es\/wp-json\/wp\/v2\/users\/5"}],"replies":[{"embeddable":true,"href":"https:\/\/latinoamerica21.com\/es\/wp-json\/wp\/v2\/comments?post=1986"}],"version-history":[{"count":0,"href":"https:\/\/latinoamerica21.com\/es\/wp-json\/wp\/v2\/posts\/1986\/revisions"}],"wp:featuredmedia":[{"embeddable":true,"href":"https:\/\/latinoamerica21.com\/es\/wp-json\/wp\/v2\/media\/1987"}],"wp:attachment":[{"href":"https:\/\/latinoamerica21.com\/es\/wp-json\/wp\/v2\/media?parent=1986"}],"wp:term":[{"taxonomy":"category","embeddable":true,"href":"https:\/\/latinoamerica21.com\/es\/wp-json\/wp\/v2\/categories?post=1986"},{"taxonomy":"post_tag","embeddable":true,"href":"https:\/\/latinoamerica21.com\/es\/wp-json\/wp\/v2\/tags?post=1986"},{"taxonomy":"gps","embeddable":true,"href":"https:\/\/latinoamerica21.com\/es\/wp-json\/wp\/v2\/gps?post=1986"}],"curies":[{"name":"wp","href":"https:\/\/api.w.org\/{rel}","templated":true}]}}