{"id":19899,"date":"2023-10-15T05:00:00","date_gmt":"2023-10-15T08:00:00","guid":{"rendered":"https:\/\/latinoamerica21.com\/?p=19899"},"modified":"2023-11-09T17:11:38","modified_gmt":"2023-11-09T20:11:38","slug":"el-anarcoautoritarismo-de-javier-milei","status":"publish","type":"post","link":"https:\/\/latinoamerica21.com\/es\/el-anarcoautoritarismo-de-javier-milei\/","title":{"rendered":"El anarcoautoritarismo de Javier Milei"},"content":{"rendered":"\n<p>Tras liderar la alianza de su partido libertario La Libertad Avanza al Congreso Nacional argentino en 2021, el incendiario ultraderechista Javier Milei ha vuelto a superar las expectativas. En las primarias presidenciales de agosto, obtuvo el 30% de los votos, superando a los dos candidatos de la centroizquierdista Uni\u00f3n por la Patria, que obtuvieron el 27%, y a los de la centroderechista Juntos por el Cambio, que obtuvieron el 28%. Ahora, en v\u00edsperas de las elecciones generales del 22 de octubre, Milei encabeza en solitario todas las encuestas. La \u00fanica incertidumbre es si podr\u00e1 superar el umbral para evitar una segunda vuelta.<\/p>\n\n\n\n<p>Para muchos observadores, la pol\u00edtica de Milei ha sido dif\u00edcil de clasificar. Ha sido futbolista semiprofesional, m\u00fasico de rock, cosplayer de c\u00f3mic, gur\u00fa del sexo t\u00e1ntrico y profesor de econom\u00eda. La caricatura de esta figura ciertamente caricaturesca es la muletilla de innumerables art\u00edculos de opini\u00f3n, que lo reducen a una imitaci\u00f3n de Trump con un peinado a\u00fan m\u00e1s exc\u00e9ntrico. Otros ven a Milei como una repetici\u00f3n del amorfo fen\u00f3meno \u00abpopulista\u00bb latinoamericano que abarca a Ch\u00e1vez, Castillo y Bukele. Pero en este marco binario -estabilidad liberal frente a demagogia populista- todas las variantes de la pol\u00edtica \u00abantiestablishment\u00bb se meten en el mismo saco, sin apenas tener en cuenta sus particularidades locales.&nbsp;&nbsp;&nbsp;<\/p>\n\n\n\n<p>Otros comentarios se centran correctamente en la espiral de la crisis econ\u00f3mica. La inflaci\u00f3n, en torno al 120%, quema los bolsillos de toda la poblaci\u00f3n. La relaci\u00f3n deuda p\u00fablica\/PIB se sit\u00faa en torno al 80%. El FMI ha impuesto duras medidas de austeridad como condici\u00f3n para conceder nuevos pr\u00e9stamos cada tres meses. El mercado laboral pospand\u00e9mico est\u00e1 cada vez m\u00e1s flexibilizado, con un amplio sector informal caracterizado por el sobreempleo m\u00e1s que por el subempleo: para muchos trabajadores, el pluriempleo y el \u00abgig work\u00bb son un medio de supervivencia.&nbsp;<\/p>\n\n\n\n<p>No es de extra\u00f1ar que una pluralidad de votantes se rebele contra la clase dirigente de un partido que supervisa este tipo de crisis. Tampoco sorprende que el \u00abpopulismo\u00bb prenda en el pa\u00eds que lo vio nacer. Pero la pregunta sigue siendo: \u00bfpor qu\u00e9 Milei habla de esta coyuntura y qu\u00e9 puede significar su victoria para el futuro del pa\u00eds?<\/p>\n\n\n\n<p>En m\u00edtines electorales que hacen las veces de conciertos punk, Milei combina un credo hiperindividualista de \u00abvida, libertad, propiedad\u00bb con una denuncia populista de la \u00abcasta pol\u00edtica\u00bb. Empieza y termina sus discursos con su eslogan: \u00abViva la libertad, maldita sea\u00bb. Su p\u00fablico est\u00e1 formado en su mayor\u00eda por hombres hiperconectados y amantes del Bitcoin. Milei les promete que \u00abquemar\u00e1\u00bb el banco central, dolarizar\u00e1 la moneda, eliminar\u00e1 la mayor\u00eda de los organismos estatales y privatizar\u00e1 las empresas p\u00fablicas. Al igual que califica el cambio clim\u00e1tico antropog\u00e9nico de \u00abmentira socialista\u00bb, niega las torturas y desapariciones que tuvieron lugar bajo la dictadura, y planea indultar a los militares encarcelados por tales delitos. Alimentado por un virulento sexismo, espera hacer retroceder los avances logrados por el poderoso movimiento feminista del pa\u00eds, en particular la legalizaci\u00f3n del aborto, y derrotar la llamada \u00abideolog\u00eda de g\u00e9nero\u00bb de la comunidad LGBT en la educaci\u00f3n y la cultura en general.<\/p>\n\n\n\n<p>La perspectiva de <a href=\"https:\/\/latinoamerica21.com\/es\/argentina-ayn-rand-y-la-novela-de-milei\/\" target=\"_blank\" rel=\"noreferrer noopener\">Milei representa una mutaci\u00f3n reaccionaria del neoliberalismo<\/a> en respuesta a las condiciones de crisis. Es la \u00faltima versi\u00f3n de la larga tradici\u00f3n autoritaria de libre mercado de Am\u00e9rica Latina, lo que Ver\u00f3nica Gago llama la \u00abviolencia originaria\u00bb de su modelo neoliberal perif\u00e9rico. En un momento de desesperaci\u00f3n, como ha observado Pablo Stefanoni, Milei ha logrado construir la \u00fanica \u00abcandidatura verdaderamente ideol\u00f3gica\u00bb con un programa electoral y una imagen ut\u00f3pica del futuro. Esto explica, en parte, c\u00f3mo pudo conquistar a gran parte de la juventud masculina de las villas empobrecidas de Buenos Aires.&nbsp;<\/p>\n\n\n\n<p>M\u00e1s que Jair Bolsonaro -cuya candidatura fue impulsada por los j\u00f3venes activistas en l\u00ednea del Movimiento Brasil Libre despu\u00e9s de que prometiera nombrar ministro de Hacienda a Paulo Guedes, el Chicago Boy-, Milei es un neoliberal de carn\u00e9. Cuando se le pregunta c\u00f3mo lleg\u00f3 a serlo, habla de una conversi\u00f3n casi religiosa: del keynesianismo neocl\u00e1sico a la Escuela Austriaca.&nbsp;<\/p>\n\n\n\n<p>La filosof\u00eda anarco-libertaria de Milei se manifiesta en sus planes concretos de dolarizaci\u00f3n, un proyecto para el que ya ha empezado a buscar financiaci\u00f3n extranjera. Para muchos votantes, indignados por la inflaci\u00f3n y acostumbrados a negociar en moneda estadounidense, esta pol\u00edtica parece intuitiva, o al menos vale la pena correr el riesgo. Para Milei, sin embargo, no se trata tanto de resolver la crisis actual como de defender un principio intemporal. En la tradici\u00f3n de la Escuela Austriaca, la vuelta al patr\u00f3n oro es el santo grial, y la dolarizaci\u00f3n es la siguiente mejor opci\u00f3n.<\/p>\n\n\n\n<p>En contraste con artistas sin tim\u00f3n como Bolsonaro y Trump, Milei est\u00e1 celosamente comprometido con una ideolog\u00eda coherente. Pero cuando habla con The Economist, rechaza las caracterizaciones precisas de su programa como \u00abhip\u00e9rboles\u00bb. Aqu\u00ed, Milei sugiere que el Estado del bienestar deber\u00eda ser destruido, pero no de golpe. \u00abEs el enemigo, as\u00ed que vamos a desmantelarlo. Pero con una transici\u00f3n\u00bb. Propone reducir el n\u00famero de ministerios de dieciocho a ocho. Una nueva era de terapia de choque est\u00e1 en camino; pero, como asegura Milei a The Economist, esto no causar\u00e1 problemas a las instituciones internacionales ni a los inversores, ya que sus propios recortes de impuestos y gastos ser\u00e1n mucho m\u00e1s duros que las propuestas del FMI.<\/p>\n\n\n\n<p>El Financial Times cuestiona su capacidad para ejecutar tales pol\u00edticas: \u00abPreocupa&#8230; la gobernabilidad, hasta qu\u00e9 punto ser\u00eda capaz de controlar las protestas si pudiera aplicar sus medidas radicales\u00bb. \u00bfSer\u00eda la reacci\u00f3n demasiado grave para que el Estado la reprimiera?Una vez m\u00e1s, Milei responde que manejar\u00e1 con cuidado su motosierra, la herramienta que utiliza simb\u00f3licamente en sus m\u00edtines. La seguridad se confiar\u00e1 a su compa\u00f1era de f\u00f3rmula, Victoria Villarruel. Apodada \u00abVillacruel\u00bb, ha dedicado su carrera jur\u00eddica a defender a militares condenados por cr\u00edmenes contra la humanidad. Defiende desde hace tiempo la llamada \u00abteor\u00eda de los dos demonios\u00bb de la dictadura argentina, que culpa por igual a los disidentes comunistas y al Estado que intent\u00f3 erradicarlos sistem\u00e1ticamente.&nbsp;&nbsp;<\/p>\n\n\n\n<p>La pol\u00edtica exterior de Milei evoca los mismos temas. Pretende iniciar un \u00abalineamiento autom\u00e1tico con Estados Unidos e Israel\u00bb, al tiempo que rechaza trabajar con \u00abpa\u00edses socialistas\u00bb como China, Brasil, Colombia, Chile y M\u00e9xico.&nbsp;<\/p>\n\n\n\n<p>Pero tambi\u00e9n critica el acuerdo Mercosur de la UE y se opone a la idea de aranceles sin m\u00e1s. Su administraci\u00f3n seguramente ampliar\u00e1 la frontera extractiva en el Tri\u00e1ngulo del Litio, que ya est\u00e1 desplazando violentamente a las comunidades ind\u00edgenas, de acuerdo con la exigencia del FMI de pagar las deudas soberanas en d\u00f3lares estadounidenses.<\/p>\n\n\n\n<p>Milei ser\u00eda una figura solitaria en la regi\u00f3n; el presidente uruguayo y el actual favorito a la presidencia de Ecuador estar\u00edan entre sus \u00fanicos aliados. Sin embargo, como explic\u00f3 en una <a href=\"https:\/\/www.youtube.com\/watch?v=pb01O1EP2I4\" target=\"_blank\" rel=\"noreferrer noopener\">entrevista con Tucker Carlson<\/a> -vista 420 millones de veces tras el apoyo de Elon Musk-, la organizaci\u00f3n transnacional de la extrema derecha significa que ese aislamiento puede ser ef\u00edmero. Milei tiene v\u00ednculos con el partido espa\u00f1ol Vox y est\u00e1 aliado con l\u00edderes reaccionarios de toda Am\u00e9rica Latina a trav\u00e9s de iniciativas como el Foro de Madrid, que pretende reunir a la derecha moderada y extrema \u00abpara hacer frente a la amenaza que supone el crecimiento del comunismo a ambos lados del Atl\u00e1ntico\u00bb.&nbsp;<\/p>\n\n\n\n<p>La promesa de Milei de \u00abHacer Argentina grande otra vez\u00bb no es s\u00f3lo el \u00faltimo truco trumpiano utilizado por un nacionalista de extrema derecha. Es tambi\u00e9n un llamamiento genuino a la palingenesia liberal, una visi\u00f3n del renacimiento nacional a trav\u00e9s de un retorno al \u00abliberalismo cl\u00e1sico de libre mercado\u00bb de Smith, Hayek y sus herederos. Cuando Milei utiliza esta frase, no s\u00f3lo est\u00e1 participando en la rehabilitaci\u00f3n de la dictadura militar; tambi\u00e9n est\u00e1 pidiendo un retorno a los a\u00f1os dorados de la historia argentina &#8211; las primeras d\u00e9cadas del siglo XX, cuando se encontraba entre las naciones m\u00e1s ricas del mundo. Esta prosperidad fue supuestamente borrada por el intervencionismo estatal socialista de Juan Per\u00f3n, que desde entonces ha sumido al pa\u00eds en la decadencia. Para recuperar esa grandeza, Milei aboga por una \u00abrevoluci\u00f3n libertaria que vuelva a hacer de Argentina una potencia mundial en treinta y cinco a\u00f1os\u00bb. Sin embargo, su programa anarco-autoritario no se parecer\u00eda a las dictaduras del pasado. Sus rasgos m\u00e1s destructivos a\u00fan est\u00e1n por verse.<\/p>\n","protected":false},"excerpt":{"rendered":"<p>La perspectiva de Milei representa una mutaci\u00f3n reaccionaria del neoliberalismo en respuesta a la profunda crisis pol\u00edtica, econ\u00f3mica y social.<\/p>\n","protected":false},"author":494,"featured_media":19900,"comment_status":"closed","ping_status":"closed","sticky":false,"template":"","format":"standard","meta":{"_acf_changed":false,"episode_type":"","audio_file":"","cover_image":"","cover_image_id":"","duration":"","filesize":"","filesize_raw":"","date_recorded":"","explicit":"","block":"","itunes_episode_number":"","itunes_title":"","itunes_season_number":"","itunes_episode_type":"","footnotes":""},"categories":[16530,16530,16468,16468,16471,16471,16489,16489],"tags":[14126],"gps":[],"class_list":{"0":"post-19899","1":"post","2":"type-post","3":"status-publish","4":"format-standard","5":"has-post-thumbnail","7":"category-polarizacion","9":"category-politica","11":"category-elecciones","13":"category-argentina","15":"tag-debates-br-es"},"acf":[],"_links":{"self":[{"href":"https:\/\/latinoamerica21.com\/es\/wp-json\/wp\/v2\/posts\/19899","targetHints":{"allow":["GET"]}}],"collection":[{"href":"https:\/\/latinoamerica21.com\/es\/wp-json\/wp\/v2\/posts"}],"about":[{"href":"https:\/\/latinoamerica21.com\/es\/wp-json\/wp\/v2\/types\/post"}],"author":[{"embeddable":true,"href":"https:\/\/latinoamerica21.com\/es\/wp-json\/wp\/v2\/users\/494"}],"replies":[{"embeddable":true,"href":"https:\/\/latinoamerica21.com\/es\/wp-json\/wp\/v2\/comments?post=19899"}],"version-history":[{"count":0,"href":"https:\/\/latinoamerica21.com\/es\/wp-json\/wp\/v2\/posts\/19899\/revisions"}],"wp:featuredmedia":[{"embeddable":true,"href":"https:\/\/latinoamerica21.com\/es\/wp-json\/wp\/v2\/media\/19900"}],"wp:attachment":[{"href":"https:\/\/latinoamerica21.com\/es\/wp-json\/wp\/v2\/media?parent=19899"}],"wp:term":[{"taxonomy":"category","embeddable":true,"href":"https:\/\/latinoamerica21.com\/es\/wp-json\/wp\/v2\/categories?post=19899"},{"taxonomy":"post_tag","embeddable":true,"href":"https:\/\/latinoamerica21.com\/es\/wp-json\/wp\/v2\/tags?post=19899"},{"taxonomy":"gps","embeddable":true,"href":"https:\/\/latinoamerica21.com\/es\/wp-json\/wp\/v2\/gps?post=19899"}],"curies":[{"name":"wp","href":"https:\/\/api.w.org\/{rel}","templated":true}]}}