{"id":19994,"date":"2023-10-20T09:00:00","date_gmt":"2023-10-20T12:00:00","guid":{"rendered":"https:\/\/latinoamerica21.com\/?p=19994"},"modified":"2023-12-20T05:25:00","modified_gmt":"2023-12-20T08:25:00","slug":"oriente-medio-otra-guerra-imposible-de-ganar","status":"publish","type":"post","link":"https:\/\/latinoamerica21.com\/es\/oriente-medio-otra-guerra-imposible-de-ganar\/","title":{"rendered":"Oriente Medio: otra guerra imposible de ganar"},"content":{"rendered":"\n<p>Toda guerra es una derrota humana, significa que los seres humanos no han logrado encontrar una v\u00eda pac\u00edfica para resolver sus diferencias. Pero hay un tipo de guerra que lleva esta derrota moral al paroxismo. Se trata de las <em>unwinnable wars,<\/em> es decir, las guerras imposibles de ganar. A menos, claro est\u00e1, que se logre la liquidaci\u00f3n f\u00edsica total del antagonista.\u00a0<\/p>\n\n\n\n<p>Este tipo de guerras tienden a enquistarse y quedar listas para una nueva explosi\u00f3n de destrucci\u00f3n y muerte. Y si no encuentran alguna salida estable del conflicto, la idea de que ser\u00e1 posible encontrar una soluci\u00f3n definitiva en el campo de batalla no es otra cosa que un espejismo. Algunos conflictos armados lograron encontrar esa v\u00eda de soluci\u00f3n, despu\u00e9s de muchas muertes y sufrimiento, como fue el caso de la guerra de Irlanda. Pero otros, incluso los m\u00e1s actuales, como el de Ucrania, son del tipo <em>unwinnable war<\/em>. Algo que se asocia bien con su vocaci\u00f3n de durabilidad.<\/p>\n\n\n\n<p>El conflicto armado entre palestinos e israel\u00edes constituye el paradigma de este tipo de guerras. Una vez establecidas las bases constitutivas del enfrentamiento, solo existen dos opciones pr\u00e1cticas: la destrucci\u00f3n completa de una de las partes contendientes o bien un acuerdo negociado, aunque no resulte completamente satisfactorio para nadie. En realidad, a esa primera opci\u00f3n se refer\u00edan los jud\u00edos ortodoxos cuando ped\u00edan a Nethanyahu que \u201centrara en Gaza para resolver de una vez por todas el problema\u201d. No se puede pretender que sea posible distinguir a los militantes de Ham\u00e1s de la poblaci\u00f3n palestina que vive en Gaza. La \u00fanica forma de evitar que el ni\u00f1o de ocho a\u00f1os que vive en ese territorio ocupado sea ma\u00f1ana un militante de Ham\u00e1s es borr\u00e1ndolo del mapa. Esta narrativa radical es la que conduce a golpear tan fuerte a la poblaci\u00f3n palestina para que nunca olvide el costo de una agresi\u00f3n a Israel. En este contexto, la completa destrucci\u00f3n de un hospital, colmado de enfermos y heridos, encaja bien en esa l\u00f3gica implacable.<\/p>\n\n\n\n<figure class=\"wp-block-image size-large\"><a href=\"https:\/\/latinoamerica21.com\/podcast\/segunda-vuelta-electoral-en-ecuador-mediacion-de-la-oea-en-guatemala-y-la-recta-final-del-proceso-constituyente-chileno-mirada-semanal\/\"><img loading=\"lazy\" decoding=\"async\" width=\"1024\" height=\"331\" src=\"http:\/\/latinoamerica21.com\/wp-content\/uploads\/2023\/10\/MIRADA-SEMANAL-1024x331.jpg\" alt=\"\" class=\"wp-image-19951\" srcset=\"https:\/\/latinoamerica21.com\/wp-content\/uploads\/2023\/10\/MIRADA-SEMANAL-1024x331.jpg 1024w, https:\/\/latinoamerica21.com\/wp-content\/uploads\/2023\/10\/MIRADA-SEMANAL-300x97.jpg 300w, https:\/\/latinoamerica21.com\/wp-content\/uploads\/2023\/10\/MIRADA-SEMANAL-768x248.jpg 768w, https:\/\/latinoamerica21.com\/wp-content\/uploads\/2023\/10\/MIRADA-SEMANAL-1536x497.jpg 1536w, https:\/\/latinoamerica21.com\/wp-content\/uploads\/2023\/10\/MIRADA-SEMANAL.jpg 2000w\" sizes=\"auto, (max-width: 1024px) 100vw, 1024px\" \/><\/a><\/figure>\n\n\n\n<p>Pero, desde el lado opuesto, hacer que tu vida solo tenga sentido si la dedicas a la destrucci\u00f3n de Israel tambi\u00e9n forma parte de la misma l\u00f3gica, dentro de la cual cabe perfectamente el uso de armas de \u00faltima generaci\u00f3n, especialmente los drones, para provocar la elevaci\u00f3n del enfrentamiento hist\u00f3rico. La destrucci\u00f3n de Israel es tan ilusoria como la negaci\u00f3n de aceptar el establecimiento de un Estado palestino.<\/p>\n\n\n\n<p>Como participante de una misi\u00f3n mediadora en los a\u00f1os ochenta, tuve la oportunidad de escuchar a Yasir Arafat contarnos d\u00f3nde estaba su casa en Bel\u00e9n, antes de que fuera requisada por colonos israel\u00edes. Y pude comprobar que el intercambio de ideas con las generaciones de jud\u00edos que hab\u00edan vivido los campos de concentraci\u00f3n se hac\u00eda eterno, hasta que el interlocutor acud\u00eda a su ultimo argumento, recogi\u00e9ndose la manga de la camisa para mostrarme el n\u00famero grabado en su antebrazo.<\/p>\n\n\n\n<p>La soluci\u00f3n al conflicto ya ha sido establecida por la comunidad internacional, mediante la resoluci\u00f3n de Naciones Unidas que plantea el establecimiento de dos estados. Pero ninguna de las partes est\u00e1 dispuesta a aceptarla por entero. Israel aduce que con ello empeorar\u00eda su seguridad, algo que Estados Unidos apoya por razones geopol\u00edticas y tambi\u00e9n dom\u00e9sticas. Y la parte palestina se mantiene completamente dividida al respecto. Ham\u00e1s nunca superar\u00e1 la vieja demanda del regreso a la situaci\u00f3n antes de la creaci\u00f3n del Estado de Israel.<\/p>\n\n\n\n<p>Hace tiempo que mi conclusi\u00f3n sobre este conflicto es que el hecho de haber sufrido una terrible persecuci\u00f3n o discriminaci\u00f3n no otorga a nadie una carta blanca moral para relacionarse con el mundo. No hay justificaci\u00f3n \u00e9tica para utilizar el terror como instrumento pol\u00edtico o usar contra otros la espantosa experiencia adquirida en los campos de concentraci\u00f3n. Los aterrorizados pueden convertirse en maestros del terror y los perseguidos pueden ser los perseguidores m\u00e1s atroces. La comunidad internacional debe ayudar a los contendientes a encontrar una v\u00eda de negociaci\u00f3n, comenzando por romper con la ret\u00f3rica victimista de ambos. Tomar distancia de esa ret\u00f3rica facilita la libertad de condenar cualquier acci\u00f3n condenable de cualquiera de las dos partes. Hoy, cuando <a href=\"https:\/\/agenciabrasil.ebc.com.br\/es\/internacional\/noticia\/2023-10\/onu-consejo-de-seguridad-rechaza-propuesta-de-brasil-sobre-conflicto\" target=\"_blank\" rel=\"noreferrer noopener\">Brasil preside por este mes el Consejo de Seguridad de la ONU<\/a>, parece oportuno que impulse acciones de car\u00e1cter humanitario y que se apeguen a los acuerdos y resoluciones ya establecidos entre las partes. Incluso si Estados Unidos ejerce su veto en el Consejo, colocando la defensa de Israel por encima de cualquier otro criterio.<\/p>\n","protected":false},"excerpt":{"rendered":"<p>Toda guerra es una derrota humana, pero hay un tipo de guerra que lleva esta derrota moral al paroxismo: las guerras imposibles de ganar. <\/p>\n","protected":false},"author":300,"featured_media":19995,"comment_status":"closed","ping_status":"closed","sticky":false,"template":"","format":"standard","meta":{"_acf_changed":false,"episode_type":"","audio_file":"","cover_image":"","cover_image_id":"","duration":"","filesize":"","filesize_raw":"","date_recorded":"","explicit":"","block":"","itunes_episode_number":"","itunes_title":"","itunes_season_number":"","itunes_episode_type":"","footnotes":""},"categories":[16692,16692,16516,16516,16693,16693],"tags":[14128],"gps":[],"class_list":{"0":"post-19994","1":"post","2":"type-post","3":"status-publish","4":"format-standard","5":"has-post-thumbnail","7":"category-guerra","9":"category-derechos-humanos","11":"category-israel-palestina","13":"tag-ideas-en-es"},"acf":[],"_links":{"self":[{"href":"https:\/\/latinoamerica21.com\/es\/wp-json\/wp\/v2\/posts\/19994","targetHints":{"allow":["GET"]}}],"collection":[{"href":"https:\/\/latinoamerica21.com\/es\/wp-json\/wp\/v2\/posts"}],"about":[{"href":"https:\/\/latinoamerica21.com\/es\/wp-json\/wp\/v2\/types\/post"}],"author":[{"embeddable":true,"href":"https:\/\/latinoamerica21.com\/es\/wp-json\/wp\/v2\/users\/300"}],"replies":[{"embeddable":true,"href":"https:\/\/latinoamerica21.com\/es\/wp-json\/wp\/v2\/comments?post=19994"}],"version-history":[{"count":0,"href":"https:\/\/latinoamerica21.com\/es\/wp-json\/wp\/v2\/posts\/19994\/revisions"}],"wp:featuredmedia":[{"embeddable":true,"href":"https:\/\/latinoamerica21.com\/es\/wp-json\/wp\/v2\/media\/19995"}],"wp:attachment":[{"href":"https:\/\/latinoamerica21.com\/es\/wp-json\/wp\/v2\/media?parent=19994"}],"wp:term":[{"taxonomy":"category","embeddable":true,"href":"https:\/\/latinoamerica21.com\/es\/wp-json\/wp\/v2\/categories?post=19994"},{"taxonomy":"post_tag","embeddable":true,"href":"https:\/\/latinoamerica21.com\/es\/wp-json\/wp\/v2\/tags?post=19994"},{"taxonomy":"gps","embeddable":true,"href":"https:\/\/latinoamerica21.com\/es\/wp-json\/wp\/v2\/gps?post=19994"}],"curies":[{"name":"wp","href":"https:\/\/api.w.org\/{rel}","templated":true}]}}