{"id":20254,"date":"2023-10-31T08:00:00","date_gmt":"2023-10-31T11:00:00","guid":{"rendered":"https:\/\/latinoamerica21.com\/?p=20254"},"modified":"2024-01-11T08:44:07","modified_gmt":"2024-01-11T11:44:07","slug":"las-politicas-de-seguridad-publicas-suelen-ser-cortoplacistas-y-por-ende-ineficaces","status":"publish","type":"post","link":"https:\/\/latinoamerica21.com\/es\/las-politicas-de-seguridad-publicas-suelen-ser-cortoplacistas-y-por-ende-ineficaces\/","title":{"rendered":"Las pol\u00edticas de seguridad p\u00fablicas suelen ser cortoplacistas e ineficaces"},"content":{"rendered":"\r\n<p>Cada cuatro, cinco o seis a\u00f1os volvemos a la misma discusi\u00f3n: el asunto de la seguridad ciudadana. Un tema que cobra relevancia en las agendas de los candidatos presidenciales de Am\u00e9rica Latina cada vez que necesitan adherir votantes. Votantes que est\u00e1n cada vez m\u00e1s desesperados por la inseguridad que los aqueja, tanto en la ciudad como en el campo, e, incluso, en su propio barrio y en su propio hogar. Votantes, personas del com\u00fan, de cualquier estrato socioecon\u00f3mico, que exigen \u201cmano dura\u201d contra la delincuencia y los violentos. Ciudadanos de cualquier pa\u00eds latinoamericano que evidencian c\u00f3mo la violencia, la inseguridad y el delito no cesan y, por el contrario, crecen cada a\u00f1o, llevando consigo la sensaci\u00f3n de angustia, temor, desarraigo, desplazamientos forzosos y llantos por p\u00e9rdidas de seres queridos.<\/p>\r\n\r\n\r\n\r\n<p>Pero \u00bfpor qu\u00e9 volvemos a la misma discusi\u00f3n sobre qu\u00e9 hacer para mejorar la situaci\u00f3n de seguridad de los ciudadanos cada vez que hay un cambio de gobierno? Por un lado, la ciudadan\u00eda exige inmediatez en las soluciones, lo que fomenta el populismo electoral. <a href=\"https:\/\/latinoamerica21.com\/es\/como-afecta-la-inseguridada-la-popularidad-del-presidente\/\" target=\"_blank\" rel=\"noreferrer noopener\">Los gobernantes de turno intentan saciar el hambre de resultados<\/a> que tiene la ciudadan\u00eda con pol\u00edticas cortoplacistas y que arrojen n\u00fameros para mostrar.\u00a0<\/p>\r\n\r\n\r\n\r\n<p>Las pol\u00edticas que se intentan generar a largo plazo no prosperan, en parte, porque el gobernante entrante quiere borrar todo lo hecho por su antecesor y empezar desde cero. pero tambi\u00e9n porque los mismos ciudadanos eligen para ver los resultados ahora y no despu\u00e9s.<\/p>\r\n\r\n\r\n\r\n<p>En junio de 2021, los expertos en seguridad Cafferata y Scartascini publicaron un documento para el Banco Interamericano de Desarrollo (BID), titulado <a href=\"https:\/\/publications.iadb.org\/es\/publications\/spanish\/viewer\/Como-combatir-la-delincuencia-en-America-Latina-Que-politicas-publicas-demandan-los-ciudadanos.pdf\"><em>C\u00f3mo combatir la delincuencia en Am\u00e9rica Latina. \u00bfQu\u00e9 pol\u00edticas p\u00fablicas demandan los ciudadanos<\/em>?<\/a>, donde recogen las percepciones de miles de latinoamericanos encuestados sobre diversos temas de seguridad. Una de las grandes conclusiones del documento es que la seguridad es uno de los temas m\u00e1s relevantes para los ciudadanos, incluso por encima de la pobreza y el desempleo. Las personas consideran que se debe dar m\u00e1s recursos para combatir la delincuencia que para ayudar a cerrar las brechas de desigualdad.<\/p>\r\n\r\n\r\n\r\n<p>Aun as\u00ed, es curioso que cuando se consulta sobre los recursos que se deben destinar a prevenci\u00f3n o al fortalecimiento de la polic\u00eda, principal ente responsable de garantizar la seguridad de una ciudad o un pa\u00eds, las opiniones dejan ver que no hay tanta acogida en las propuestas. Sin embargo, s\u00ed hay acogida en la idea de resarcir a las v\u00edctimas de la violencia con compensaciones econ\u00f3micas y en imponer altas penas carcelarias a los delincuentes.\u00a0<\/p>\r\n\r\n\r\n\r\n<p>Con este estudio, los autores concluyeron que la deficiencia en pol\u00edticas eficaces de seguridad ciudadana a largo plazo se debe en gran parte a la inmediatez que demandan los ciudadanos, los votantes y a sus elegidos, para remediar el enorme problema cultural y social por el que atravesamos en Am\u00e9rica Latina.<\/p>\r\n\r\n\r\n\r\n<p>Pero ser\u00eda injusto decir que la culpa es del ciudadano. Habr\u00e1 que revisar qu\u00e9 han hecho los gobiernos para avanzar en la lucha contra el crimen en la regi\u00f3n, y c\u00f3mo se han articulado los diversos actores de la sociedad para lograr la armon\u00eda y paz que tanto se anhelan.<\/p>\r\n\r\n\r\n\r\n<p>Laura Chinchilla y Doreen Vorndran, en el <a href=\"https:\/\/publications.iadb.org\/es\/seguridad-ciudadana-en-america-latina-y-el-caribe-desafios-e-innovacion-en-gestion-y-politicas\">informe publicado tambi\u00e9n para el BID<\/a> en noviembre de 2018<em>, <\/em>hablan del importante avance en materia de pol\u00edtica p\u00fablica de seguridad ciudadana tanto a nivel de investigaci\u00f3n como de recursos. Incluso mencionan que el BID ha recibido y aprobado innumerables solicitudes de cr\u00e9ditos de los gobiernos de Am\u00e9rica Latina para combatir el delito y el crimen en la regi\u00f3n.<\/p>\r\n\r\n\r\n\r\n<p>Sin embargo, las autoras expresan sus inquietudes y exponen una serie de recomendaciones a los gobiernos: \u201cUna buena gesti\u00f3n institucional es indispensable para una efectiva pol\u00edtica de seguridad ciudadana. Para ello, necesitamos voluntad pol\u00edtica, generar procesos con continuidad, definiendo bien objetivos y metas, y, construir una buena gobernanza, que permita la participaci\u00f3n ordenada y coordinada de diferentes actores relevantes\u201d.<\/p>\r\n\r\n\r\n\r\n<p>Chinchilla y Vorndran, en su investigaci\u00f3n, documentan el paso de una pol\u00edtica del \u201cs\u00e1lvese quien pueda\u201d, con ausentismo del Estado y ceguera ante los delitos, pasando por una pol\u00edtica punitiva de \u201cmano dura\u201d, con pr\u00e1cticas trasgresoras y represivas por parte de algunos gobiernos y sus cuerpos de polic\u00eda, a una pol\u00edtica actual m\u00e1s enfocada en la convivencia y la prevenci\u00f3n.<\/p>\r\n\r\n\r\n\r\n<p>En este sentido, se han organizado en la regi\u00f3n diversos cuerpos consultivos y de decisi\u00f3n para la prevenci\u00f3n y reacci\u00f3n a problemas de seguridad. En el caso particular de Colombia, este cuerpo se denomina Consejo Nacional de Seguridad y Convivencia Ciudadana y fue creado en el 2015. Es liderado por el presidente de la Rep\u00fablica y sus ministros de Gobierno, as\u00ed como la Direcci\u00f3n Nacional de Polic\u00eda y la representaci\u00f3n de gobernadores y alcaldes. Llama la atenci\u00f3n que en este Consejo no existan representantes de los ciudadanos.<\/p>\r\n\r\n\r\n\r\n<p>Sabemos que los hacedores de pol\u00edtica son los gobernantes, civiles elegidos popularmente (en los pa\u00edses democr\u00e1ticos), que muchas veces carecen de formaci\u00f3n en temas de seguridad, a tal punto que sus decisiones y \u00f3rdenes a los cuerpos de polic\u00eda han llevado a que estos \u00faltimos no gocen de muy buena reputaci\u00f3n.<\/p>\r\n\r\n\r\n\r\n<p>Se hace imperativo entonces que tanto gobernantes como ciudadanos se capaciten en conceptos, leyes, teor\u00edas, pr\u00e1cticas y mejores formas de implementar planes de seguridad en las ciudades, en los barrios y hasta en los hogares y escuelas.<\/p>\r\n\r\n\r\n\r\n<p>Esta formaci\u00f3n ya sobrepasa los muros de las universidades y nos invita a pensar en un recinto y escenario propio para el abordaje de pol\u00edticas serias y eficaces para nuestros pa\u00edses. Lugares de investigaci\u00f3n, reflexi\u00f3n y acci\u00f3n, donde puedan entrenarse todos los interesados en aportar su granito de arena para que los \u00edndices de inseguridad se reduzcan y logremos la tan anhelada convivencia pac\u00edfica en la regi\u00f3n.<\/p>\r\n\r\n\r\n\r\n<p>La seguridad ciudadana es cada vez m\u00e1s relevante para los ciudadanos y gobernantes, pero debido a la complejidad del tema y la necesidad de resultados inmediatos, las pol\u00edticas p\u00fablicas generalmente terminan siempre dise\u00f1\u00e1ndose a corto plazo. Por lo tanto, es necesario que los gobiernos trabajen en desarrollar estrategias y articular esfuerzos en procura de saldar esta deuda hist\u00f3rica con la ciudadan\u00eda.<\/p>\r\n\r\n\r\n\r\n<figure class=\"wp-block-embed is-type-rich is-provider-spotify wp-block-embed-spotify wp-embed-aspect-21-9 wp-has-aspect-ratio\">\r\n<div class=\"wp-block-embed__wrapper\">https:\/\/open.spotify.com\/episode\/0ItwWLGHLhJU89VIAuh98G?si=275f401a0eb543d9<\/div>\r\n<\/figure>\r\n","protected":false},"excerpt":{"rendered":"<p>La seguridad ciudadana es cada vez m\u00e1s relevante para los ciudadanos y gobernantes, pero debido a la necesidad de resultados inmediatos, las pol\u00edticas p\u00fablicas generalmente terminan dise\u00f1\u00e1ndose a corto plazo.<\/p>\n","protected":false},"author":485,"featured_media":20255,"comment_status":"closed","ping_status":"closed","sticky":false,"template":"","format":"standard","meta":{"_acf_changed":false,"episode_type":"","audio_file":"","cover_image":"","cover_image_id":"","duration":"","filesize":"","filesize_raw":"","date_recorded":"","explicit":"","block":"","itunes_episode_number":"","itunes_title":"","itunes_season_number":"","itunes_episode_type":"","footnotes":""},"categories":[16468,16660,16527],"tags":[14128],"gps":[],"class_list":{"0":"post-20254","1":"post","2":"type-post","3":"status-publish","4":"format-standard","5":"has-post-thumbnail","7":"category-politica","8":"category-seguridad-publica","9":"category-violencia-social","10":"tag-ideas-en-es"},"acf":[],"_links":{"self":[{"href":"https:\/\/latinoamerica21.com\/es\/wp-json\/wp\/v2\/posts\/20254","targetHints":{"allow":["GET"]}}],"collection":[{"href":"https:\/\/latinoamerica21.com\/es\/wp-json\/wp\/v2\/posts"}],"about":[{"href":"https:\/\/latinoamerica21.com\/es\/wp-json\/wp\/v2\/types\/post"}],"author":[{"embeddable":true,"href":"https:\/\/latinoamerica21.com\/es\/wp-json\/wp\/v2\/users\/485"}],"replies":[{"embeddable":true,"href":"https:\/\/latinoamerica21.com\/es\/wp-json\/wp\/v2\/comments?post=20254"}],"version-history":[{"count":0,"href":"https:\/\/latinoamerica21.com\/es\/wp-json\/wp\/v2\/posts\/20254\/revisions"}],"wp:featuredmedia":[{"embeddable":true,"href":"https:\/\/latinoamerica21.com\/es\/wp-json\/wp\/v2\/media\/20255"}],"wp:attachment":[{"href":"https:\/\/latinoamerica21.com\/es\/wp-json\/wp\/v2\/media?parent=20254"}],"wp:term":[{"taxonomy":"category","embeddable":true,"href":"https:\/\/latinoamerica21.com\/es\/wp-json\/wp\/v2\/categories?post=20254"},{"taxonomy":"post_tag","embeddable":true,"href":"https:\/\/latinoamerica21.com\/es\/wp-json\/wp\/v2\/tags?post=20254"},{"taxonomy":"gps","embeddable":true,"href":"https:\/\/latinoamerica21.com\/es\/wp-json\/wp\/v2\/gps?post=20254"}],"curies":[{"name":"wp","href":"https:\/\/api.w.org\/{rel}","templated":true}]}}