{"id":20307,"date":"2023-11-04T09:00:00","date_gmt":"2023-11-04T12:00:00","guid":{"rendered":"https:\/\/latinoamerica21.com\/?p=20307"},"modified":"2023-12-16T08:11:09","modified_gmt":"2023-12-16T11:11:09","slug":"lula-y-la-agenda-del-sur-global-paz-ydesarrollo-sostenible","status":"publish","type":"post","link":"https:\/\/latinoamerica21.com\/es\/lula-y-la-agenda-del-sur-global-paz-ydesarrollo-sostenible\/","title":{"rendered":"Lula y la agenda del Sur Global: paz y desarrollo sostenible"},"content":{"rendered":"\r\n<p>El gobierno de Lula est\u00e1 trabajando para revertir el retroceso de la gran estrategia brasile\u00f1a, retomando, como era de esperar, el protagonismo de Brasil en Am\u00e9rica del Sur y Am\u00e9rica Latina con una pol\u00edtica exterior que, coherente con su mejor tradici\u00f3n, tiene en la promoci\u00f3n de la paz y la b\u00fasqueda del desarrollo sostenible sus dos principales vectores. Esta agenda <a href=\"https:\/\/latinoamerica21.com\/es\/brazil-is-back-el-retorno-del-sur-en-la-agenda-de-lula\/\" target=\"_blank\" rel=\"noreferrer noopener\">proyecta al pa\u00eds como l\u00edder del Sur Global<\/a>, en un escenario marcado por la reconfiguraci\u00f3n multipolar de la geopol\u00edtica mundial, con \u00e9nfasis en el creciente litigio entre las grandes potencias.<\/p>\r\n\r\n\r\n\r\n<p>A pesar de las cr\u00edticas internas a la pol\u00edtica de no alineamiento activo, desde su toma de posesi\u00f3n el Presidente Lula se ha reunido con m\u00e1s de 50 Jefes de Estado y de Gobierno, que han dado gran relevancia a estos encuentros y han participado en los principales foros mundiales, haciendo del di\u00e1logo amplio y ecum\u00e9nico un elemento m\u00e1s de legitimaci\u00f3n de su gobierno. Para el mundo, el Presidente Lula es el verdadero mito de la democracia brasile\u00f1a. El discurso de apertura de la \u00faltima sesi\u00f3n de la <a href=\"https:\/\/www.youtube.com\/watch?v=T6BKQIdbQFA\" target=\"_blank\" rel=\"noreferrer noopener\">Asamblea General de la ONU <\/a>consagr\u00f3 al presidente en un escenario global y marc\u00f3 el retorno de Brasil a la gran pol\u00edtica internacional.<\/p>\r\n\r\n\r\n\r\n<p>En el campo de la promoci\u00f3n de la paz, la presencia del pa\u00eds es m\u00e1s simb\u00f3lica y reputacional, teniendo en cuenta su debilidad en la dimensi\u00f3n estrat\u00e9gico-militar, pero el hecho de contar con una diplomacia bien estructurada y una relaci\u00f3n fluida y regular con todos los pa\u00edses que integran el sistema de Naciones Unidas permite a Brasil ejercer una mediaci\u00f3n en la que el principal recurso es la capacidad de persuasi\u00f3n. Pese a las reticencias de parte de la prensa, la posici\u00f3n adoptada en el conflicto ucraniano ha demostrado ser la correcta hasta el momento: el pa\u00eds ha dialogado con todos los actores relevantes, contando incluso con las bendiciones de una personalidad ic\u00f3nica como el Papa Francisco y las simpat\u00edas de importantes pa\u00edses del llamado Tercer Mundo.<\/p>\r\n\r\n\r\n\r\n<p>El gran nudo de la cuesti\u00f3n ucraniana es que hasta ahora las grandes potencias han salido ganando con el conflicto, a excepci\u00f3n de Europa en su conjunto, que ha soportado la mayor carga. Estados Unidos ha obtenido ventajas econ\u00f3micas concretas de la dinamizaci\u00f3n de su complejo militar-industrial y de la conquista del mercado energ\u00e9tico europeo: la mayor parte de la ayuda estadounidense a Ucrania se canaliza de hecho hacia su industria b\u00e9lica y la guerra ha funcionado como instrumento de la hegemon\u00eda energ\u00e9tica estadounidense en el espacio econ\u00f3mico europeo.<\/p>\r\n\r\n\r\n\r\n<p>Para China, la guerra tambi\u00e9n es conveniente. Refuerza la dependencia rusa de su econom\u00eda al tiempo que disipa las energ\u00edas militares de la OTAN. Mientras la OTAN est\u00e9 en Ucrania, no estar\u00e1 en Taiw\u00e1n, el pr\u00f3ximo punto de desencuentro geopol\u00edtico. Por eso el apoyo chino a Rusia no fracasar\u00e1. China tambi\u00e9n ha aprovechado la oportunidad para proyectar su pol\u00edtica exterior hacia Oriente Medio y reforzar su presencia en Asia Central. El acercamiento entre Arabia Saud\u00ed e Ir\u00e1n, el regreso de Siria a la Liga \u00c1rabe,<a href=\"https:\/\/latinoamerica21.com\/es\/la-expansion-de-los-brics\/\"> la expansi\u00f3n de los BRICs<\/a> y el avance de las inversiones log\u00edsticas en las nuevas rutas de la seda consolidan sus intereses en Asia.<\/p>\r\n\r\n\r\n\r\n<p>Rusia, una vez gestionados los impactos econ\u00f3micos de las sanciones, trata ahora de asegurarse el bot\u00edn estrat\u00e9gico que representa la reincorporaci\u00f3n de las regiones rus\u00f3fonas del bajo Don y de la costa del Mar Negro, cuya relevancia geopol\u00edtica para su proyecci\u00f3n mar\u00edtima es evidente desde la guerra de Crimea en el siglo XIX.<\/p>\r\n\r\n\r\n\r\n<p>Dado que la guerra es la ant\u00edtesis del desarrollo sostenible, adem\u00e1s de devastar el territorio ucraniano, ha sacrificado la seguridad alimentaria y energ\u00e9tica del Sur Global, desviando recursos que deber\u00edan canalizarse principalmente hacia la financiaci\u00f3n de la Agenda 2030 y la consecuci\u00f3n de los Objetivos de Desarrollo Sostenible (ODS), fundamentales para reducir las desigualdades sociales y atajar la crisis ecol\u00f3gica.<\/p>\r\n\r\n\r\n\r\n<p>Al defender sus intereses en la escena mundial, Brasil tambi\u00e9n est\u00e1 expresando las aspiraciones de esta vasta periferia. El pa\u00eds necesita alianzas y recursos externos (financieros y tecnol\u00f3gicos) para promover su reindustrializaci\u00f3n, la transici\u00f3n ecol\u00f3gica hacia una econom\u00eda verde y baja en carbono, la transici\u00f3n energ\u00e9tica hacia fuentes sostenibles y el aumento de la complejidad de su tejido productivo y su inserci\u00f3n en la divisi\u00f3n internacional del trabajo. Para ello, necesita mantener su perfil de actor global y comerciante mundial.<\/p>\r\n\r\n\r\n\r\n<p>Como consecuencia de este perfil, es imperativo que Brasil estimule la cooperaci\u00f3n econ\u00f3mica al mismo tiempo que trabaja para superar los antagonismos pol\u00edticos. El pa\u00eds depende de Rusia, de quien importa fertilizantes e insumos esenciales para la agroindustria; depende de las exportaciones de productos b\u00e1sicos a China, de donde procede su mayor balanza comercial; y depende de Estados Unidos, el segundo mayor importador, pero con una agenda de mayor valor a\u00f1adido. A Brasil le interesa acceder a mercados, tecnolog\u00edas y financiaci\u00f3n tanto de Occidente como de Asia. Para satisfacer sus plurales intereses, el pa\u00eds tendr\u00e1 que negociar su inserci\u00f3n en las cadenas de producci\u00f3n del \u00abnearshoring\u00bb estadounidense, as\u00ed como complejizar su relaci\u00f3n con China, en un contexto de grandes transformaciones geoecon\u00f3micas globales.<\/p>\r\n\r\n\r\n\r\n<p>Las habilidades y sutilezas de la diplomacia brasile\u00f1a ser\u00e1n puestas a prueba hasta el l\u00edmite, ya que el inter\u00e9s nacional exigir\u00e1 que el pa\u00eds sea \u00abalgod\u00f3n entre cristales\u00bb para ampliar oportunidades y gestionar riesgos crecientes, al tiempo que teje un liderazgo cooperativo Sur-Sur que es un recurso m\u00e1s de poder en este tablero de ajedrez asim\u00e9trico.<\/p>\r\n","protected":false},"excerpt":{"rendered":"<p>El gobierno de Lula est\u00e1 trabajando para revertir el retroceso de la gran estrategia brasile\u00f1a, retomando, como era de esperar, el protagonismo de Brasil en Am\u00e9rica Latina.<\/p>\n","protected":false},"author":371,"featured_media":20308,"comment_status":"closed","ping_status":"closed","sticky":false,"template":"","format":"standard","meta":{"_acf_changed":false,"episode_type":"","audio_file":"","cover_image":"","cover_image_id":"","duration":"","filesize":"","filesize_raw":"","date_recorded":"","explicit":"","block":"","itunes_episode_number":"","itunes_title":"","itunes_season_number":"","itunes_episode_type":"","footnotes":""},"categories":[16583,16583,16604,16604,16524,16524],"tags":[14128],"gps":[],"class_list":{"0":"post-20307","1":"post","2":"type-post","3":"status-publish","4":"format-standard","5":"has-post-thumbnail","7":"category-politica-internacional","9":"category-sur-global","11":"category-lula-da-silva","13":"tag-ideas-en-es"},"acf":[],"_links":{"self":[{"href":"https:\/\/latinoamerica21.com\/es\/wp-json\/wp\/v2\/posts\/20307","targetHints":{"allow":["GET"]}}],"collection":[{"href":"https:\/\/latinoamerica21.com\/es\/wp-json\/wp\/v2\/posts"}],"about":[{"href":"https:\/\/latinoamerica21.com\/es\/wp-json\/wp\/v2\/types\/post"}],"author":[{"embeddable":true,"href":"https:\/\/latinoamerica21.com\/es\/wp-json\/wp\/v2\/users\/371"}],"replies":[{"embeddable":true,"href":"https:\/\/latinoamerica21.com\/es\/wp-json\/wp\/v2\/comments?post=20307"}],"version-history":[{"count":0,"href":"https:\/\/latinoamerica21.com\/es\/wp-json\/wp\/v2\/posts\/20307\/revisions"}],"wp:featuredmedia":[{"embeddable":true,"href":"https:\/\/latinoamerica21.com\/es\/wp-json\/wp\/v2\/media\/20308"}],"wp:attachment":[{"href":"https:\/\/latinoamerica21.com\/es\/wp-json\/wp\/v2\/media?parent=20307"}],"wp:term":[{"taxonomy":"category","embeddable":true,"href":"https:\/\/latinoamerica21.com\/es\/wp-json\/wp\/v2\/categories?post=20307"},{"taxonomy":"post_tag","embeddable":true,"href":"https:\/\/latinoamerica21.com\/es\/wp-json\/wp\/v2\/tags?post=20307"},{"taxonomy":"gps","embeddable":true,"href":"https:\/\/latinoamerica21.com\/es\/wp-json\/wp\/v2\/gps?post=20307"}],"curies":[{"name":"wp","href":"https:\/\/api.w.org\/{rel}","templated":true}]}}