{"id":20450,"date":"2023-11-13T09:00:00","date_gmt":"2023-11-13T12:00:00","guid":{"rendered":"https:\/\/latinoamerica21.com\/?p=20450"},"modified":"2023-12-15T07:20:09","modified_gmt":"2023-12-15T10:20:09","slug":"argentina-el-ballotage-de-hierro","status":"publish","type":"post","link":"https:\/\/latinoamerica21.com\/es\/argentina-el-ballotage-de-hierro\/","title":{"rendered":"Argentina: el \u2018ballotage\u2019 de hierro"},"content":{"rendered":"\r\n<p>El 19 de noviembre la Argentina elegir\u00e1 presidente en un proceso de doble vuelta (<em>ballotage<\/em>) entre el candidato devenido del actual gobierno, Sergio Massa -Uni\u00f3n por la Patria-, y el <em>outsider <\/em>Javier Milei, creador del partido libertario La Libertad Avanza. <a href=\"https:\/\/www.infobae.com\/politica\/2023\/11\/12\/debate-balotaje-2023-en-vivo-como-llegan-massa-y-milei-y-todo-lo-que-hay-que-saber-minuto-a-minuto\/\" target=\"_blank\" rel=\"noreferrer noopener\">Ambos llegaron a esta instancia de manera sorpresiva<\/a>: Javier Milei como ganador de las Primarias Abiertas (PASO) de agosto, en donde Massa qued\u00f3 tercero, y Sergio Massa luego de la primera vuelta de octubre donde se recuper\u00f3 y qued\u00f3 primero, desplazando a Milei al segundo lugar y dejando afuera de la contienda a la previamente favorita, Patricia Bullrich, del macrista Juntos por el Cambio.<\/p>\r\n\r\n\r\n\r\n<p>Sergio Massa es un pol\u00edtico ambicioso que viene escalando hace a\u00f1os en la pol\u00edtica argentina y al que alguna parte del electorado y alguna prensa tilda de oportunista. En esta escalada, y desde su puesto de ministro de Econom\u00eda a pesar de no ser economista, realiz\u00f3 una campa\u00f1a bas\u00e1ndose principalmente en dos cuestiones: por un lado despeg\u00e1ndose del kirchnerismo, b\u00e1sicamente de Cristina Kirchner, por el alto rechazo que tiene en el electorado, y, por otro lado, con decisiones econ\u00f3micas que claramente pueden ser tildadas de \u201cdistribuci\u00f3n de recursos para ganar votos\u201d (en los medios se lo denomina \u201cPlan Platita\u201d).<\/p>\r\n\r\n\r\n\r\n<p><a href=\"https:\/\/latinoamerica21.com\/es\/el-anarcoautoritarismo-de-javier-milei\/\" target=\"_blank\" rel=\"noreferrer noopener\">Javier Milei representa ese fen\u00f3meno nuevo<\/a>, al menos nuevo en convertirse en un jugador competitivo, de la pol\u00edtica global, denominado <em>libertarismo<\/em>. Los denominadores comunes del libertarismo lo constituyen b\u00e1sicamente un ultraliberalismo econ\u00f3mico, un individualismo extremo y, sobre todo, una reacci\u00f3n furiosa a las reivindicaciones de las nuevas izquierdas: g\u00e9nero, diversidad sexual, multiculturalismo, ambientalismo.<\/p>\r\n\r\n\r\n\r\n<p>Es decir, el <em>ballotage<\/em> en la Argentina ya no transcurrir\u00e1 en el cl\u00e1sico enfrentamiento entre peronismo y antiperonismo, o entre kirchnerismo y antikirchnerismo. Se enfrentan dos especies nuevas, sobre todo la de Milei.<\/p>\r\n\r\n\r\n\r\n<p>La guerra de encuestas, una guerra que no es una competencia por la veracidad sino signada por el c\u00e1lculo pol\u00edtico, muestra una paridad permanente, algo l\u00f3gico en un <em>ballotage<\/em>. El sentido social m\u00e1s extendido piensa, intuye, que una victoria de Milei es casi imposible, pues constituye un salto al vac\u00edo que evitar\u00e1 que, m\u00e1s all\u00e1 de simpat\u00edas, afinidades o hartazgo, una parte del electorado termine votando por el mal menor, que es Massa, el cual, cabe se\u00f1alar, es objeto de desconfianza por ajenos, pero tambi\u00e9n en parte de los propios. El mismo M\u00e1ximo Kirchner dicen que ha dicho: \u201cMassa nos va a cagar\u201d.<\/p>\r\n\r\n\r\n\r\n<p>En lo que coinciden muchos estudios de opini\u00f3n es en que el voto a Milei es mayoritario, no desproporcionadamente pero s\u00ed en forma clara, entre los hombres m\u00e1s que en las mujeres. Y a\u00f1aden este dato, que por s\u00ed mismo es una fuente de an\u00e1lisis sociol\u00f3gico y pol\u00edtico, de que entre las preferencias masculinas por el voto a Milei destaca claramente las diferencias etarias: los m\u00e1s j\u00f3venes (m\u00e1s o menos hasta 35 a\u00f1os) se inclinan mayoritariamente por Milei.<\/p>\r\n\r\n\r\n\r\n<p>Javier Milei es el <em>outsider<\/em> que plantea no una antipol\u00edtica sino una pol\u00edtica donde hay que eliminar todo lo que, entiende, traba las fuerzas individuales, y por ende productivas, del pa\u00eds hace un siglo. Por su parte, Sergio Massa se hizo elegir ministro de Econom\u00eda en el peor momento econ\u00f3mico del pa\u00eds en las \u00faltimas dos d\u00e9cadas solo para transformarse en el centro de un gobierno exhausto y debilitado. A pesar de que los indicadores econ\u00f3micos y socioecon\u00f3micos empeoraron dr\u00e1sticamente en este \u00faltimo a\u00f1o, efectivamente Massa es la figura central del oficialismo para esta elecci\u00f3n.<\/p>\r\n\r\n\r\n\r\n<p>Massa lleva adelante la campa\u00f1a del <em>ballotage<\/em> sabiendo que no tiene resultados pol\u00edticos para ofrecer y, asesorado en esta parte de la campa\u00f1a por los exconsultores de Lula, haciendo gala de un discurso mesurado, esperanzador, de cambio (del interior del oficialismo, lo que es decir del kirchnerismo), y convocando a un gobierno de unidad, es decir, compuesto por personas de distintas vertientes pol\u00edticas.<\/p>\r\n\r\n\r\n\r\n<p>Milei, que es el emergente del enojo y la furia de quienes no solo est\u00e1n en una mala situaci\u00f3n actual sino que carecen de expectativas de futuro -de ah\u00ed el voto predominantemente joven a \u00e9l-, encara este <em>ballotage<\/em> bajando los niveles de gritos y agresiones de la campa\u00f1a de la elecci\u00f3n de octubre, manteniendo sus posturas centrales y convocando a ampliar su electorado a partir de su alianza con el expresidente Mauricio Macri, alianza forjada por el mismo Macri y que, se supone, puede atraer una porci\u00f3n grande del voto a Juntos por el Cambio de octubre.<\/p>\r\n\r\n\r\n\r\n<p>Un <em>ballotage<\/em>, una elecci\u00f3n presidencial, de hierro. Uno es el candidato \u201cque qued\u00f3\u201d, es decir, ni buscado ni querido por el espacio pol\u00edtico que representa, al cual, diez a\u00f1os atr\u00e1s, Massa denost\u00f3 y llam\u00f3 \u201ccorruptos y \u00f1oquis\u201d (t\u00e9rmino este \u00faltimo que refiere a un empleo estatal ficticio pero con salario para militantes pol\u00edticos propios).<\/p>\r\n\r\n\r\n\r\n<p>El otro es un emergente del enojo, sin estructura pol\u00edtica ni partido propio, con un personal variopinto desde el cual surgen algunas declaraciones y prop\u00f3sitos entre surrealistas y generadores de temor. La Argentina, en crisis econ\u00f3mica y social, encontr\u00f3 de manera casi desmedida su crisis pol\u00edtica.<\/p>\r\n","protected":false},"excerpt":{"rendered":"<p>La Argentina, en medio de una grave crisis econ\u00f3mica y social, encontr\u00f3 de manera casi desmedida su crisis pol\u00edtica.<\/p>\n","protected":false},"author":176,"featured_media":20451,"comment_status":"closed","ping_status":"closed","sticky":false,"template":"","format":"standard","meta":{"_acf_changed":false,"episode_type":"","audio_file":"","cover_image":"","cover_image_id":"","duration":"","filesize":"","filesize_raw":"","date_recorded":"","explicit":"","block":"","itunes_episode_number":"","itunes_title":"","itunes_season_number":"","itunes_episode_type":"","footnotes":""},"categories":[16468,16468,16471,16471,16489,16489],"tags":[14126,14126],"gps":[],"class_list":{"0":"post-20450","1":"post","2":"type-post","3":"status-publish","4":"format-standard","5":"has-post-thumbnail","7":"category-politica","9":"category-elecciones","11":"category-argentina","13":"tag-debates-br-es"},"acf":[],"_links":{"self":[{"href":"https:\/\/latinoamerica21.com\/es\/wp-json\/wp\/v2\/posts\/20450","targetHints":{"allow":["GET"]}}],"collection":[{"href":"https:\/\/latinoamerica21.com\/es\/wp-json\/wp\/v2\/posts"}],"about":[{"href":"https:\/\/latinoamerica21.com\/es\/wp-json\/wp\/v2\/types\/post"}],"author":[{"embeddable":true,"href":"https:\/\/latinoamerica21.com\/es\/wp-json\/wp\/v2\/users\/176"}],"replies":[{"embeddable":true,"href":"https:\/\/latinoamerica21.com\/es\/wp-json\/wp\/v2\/comments?post=20450"}],"version-history":[{"count":0,"href":"https:\/\/latinoamerica21.com\/es\/wp-json\/wp\/v2\/posts\/20450\/revisions"}],"wp:featuredmedia":[{"embeddable":true,"href":"https:\/\/latinoamerica21.com\/es\/wp-json\/wp\/v2\/media\/20451"}],"wp:attachment":[{"href":"https:\/\/latinoamerica21.com\/es\/wp-json\/wp\/v2\/media?parent=20450"}],"wp:term":[{"taxonomy":"category","embeddable":true,"href":"https:\/\/latinoamerica21.com\/es\/wp-json\/wp\/v2\/categories?post=20450"},{"taxonomy":"post_tag","embeddable":true,"href":"https:\/\/latinoamerica21.com\/es\/wp-json\/wp\/v2\/tags?post=20450"},{"taxonomy":"gps","embeddable":true,"href":"https:\/\/latinoamerica21.com\/es\/wp-json\/wp\/v2\/gps?post=20450"}],"curies":[{"name":"wp","href":"https:\/\/api.w.org\/{rel}","templated":true}]}}