{"id":20458,"date":"2023-11-14T09:00:00","date_gmt":"2023-11-14T12:00:00","guid":{"rendered":"https:\/\/latinoamerica21.com\/?p=20458"},"modified":"2023-11-14T09:00:00","modified_gmt":"2023-11-14T12:00:00","slug":"uruguay-no-es-una-isla","status":"publish","type":"post","link":"https:\/\/latinoamerica21.com\/es\/uruguay-no-es-una-isla\/","title":{"rendered":"Uruguay no es una isla"},"content":{"rendered":"\n<p>Uruguay vive la principal crisis pol\u00edtica desde la restauraci\u00f3n de la democracia en 1985, y el desencadenante es tan escandaloso que para el sereno y ordenado pa\u00eds suena casi que a ficci\u00f3n. De momento han renunciado dos de los principales ministros del gobierno, dos subsecretarios y el principal asesor del presidente. Con esto, sin embargo, no se finiquita el tema, como ha intentado el mandatario, sino que comienza un largo camino legal que puede llevar al pa\u00eds a vaya a saber d\u00f3nde.<\/p>\n\n\n\n<p>La bomba deton\u00f3 con la difusi\u00f3n de audios en los que el ahora ex canciller le suger\u00eda a su subsecretar\u00eda que perdiera su tel\u00e9fono para ocultar a la fiscal\u00eda sus comunicaciones con el subsecretario del ministerio del Interior. Y es que la informaci\u00f3n guardada en el tel\u00e9fono demostraba que <a href=\"https:\/\/elpais.com\/america\/2023-11-04\/la-entrega-de-un-pasaporte-uruguayo-al-narco-fugitivo-sebastian-marset-pone-contra-las-cuerdas-al-gobierno.html\" target=\"_blank\" rel=\"noreferrer noopener\">todos los jerarcas vinculados a la entrega expr\u00e9s del pasaporte al narco uruguayo Sebasti\u00e1n Marset<\/a>, detenido en Dub\u00e1i, sab\u00edan de qui\u00e9n se trataba.<\/p>\n\n\n\n<p>A pesar de ello, las autoridades uruguayas entregaron el documento en un tiempo r\u00e9cord. Esto no permiti\u00f3 al gobierno de Paraguay, quien estaba tramitando la orden de captura internacional entre otras causas por el asesinato del principal fiscal antimafia paraguayo en Colombia, emitir la orden a tiempo. Y as\u00ed, el narco, con su flamante pasaporte, pudo abandonar Emiratos \u00c1rabes y esfumarse en la clandestinidad.<\/p>\n\n\n\n<p>El enorme impacto del audio es que desmantel\u00f3 el principal argumento que los jerarcas involucrados ven\u00edan manejando hace m\u00e1s de un a\u00f1o para justificar la entrega del pasaporte. El 22 de agosto de 2022, mientras eran interpelados por la oposici\u00f3n por la emisi\u00f3n del documento, el entonces canciller afirm\u00f3 ante el Parlamento que, en noviembre de 2021, cuando se entreg\u00f3 el pasaporte, \u201cnadie sab\u00eda qui\u00e9n era Marset\u201d.<\/p>\n\n\n\n<p>Con los audios se hicieron p\u00fablicas tambi\u00e9n las comunicaciones en las que el subsecretario del Ministerio Interior le comentaba por WhatsApp a la ex subsecretaria de Canciller\u00eda que se trataba de \u201cun narco peligroso y pesado y ser\u00eda terrible que quedara libre\u201d. Adem\u00e1s, en declaraci\u00f3n ante fiscal\u00eda, la ex vicecanciller afirm\u00f3 que el principal asesor del presidente le dijo que destruy\u00f3 el informe con las comunicaciones entre los jerarcas, un documento que era parte de un expediente de canciller\u00eda, a pesar de que el primer mandatario lo haya negado ante la prensa.<\/p>\n\n\n\n<p>Cuando estall\u00f3 el esc\u00e1ndalo, el presidente se encontraba de gira por Estados Unidos. El canciller renunci\u00f3 inmediatamente y ni bien el mandatario puso un pie en el pa\u00eds, acept\u00f3 la renuncia de los otros tres jerarcas. En la ansiada conferencia de prensa del presidente, que el pa\u00eds llevaba 3 d\u00edas esperando y que dur\u00f3 16 minutos, incluidas las respuestas a las \u00fanicas 4 preguntas que se permiti\u00f3 realizar a la prensa, Lacalle Pou, en lugar de aclarar las dudas, concluy\u00f3 que el caso estaba en manos de la justicia pero que el pasaporte hab\u00eda sido emitido legalmente.<\/p>\n\n\n\n<p>Tras la desarticulaci\u00f3n del argumento de que nadie sab\u00eda qui\u00e9n era el narco, la idea de que el pasaporte fue emitido correctamente pas\u00f3 a ser la principal narrativa para justificar su entrega. Y con el pasar de las horas, uno a uno los l\u00edderes de los diferentes partidos de la coalici\u00f3n oficialista, que en un inicio hab\u00edan mostrado preocupaci\u00f3n y, en alg\u00fan caso, evidente malestar con los audios, fueron abrazando este nuevo argumento que se ha convertido en el escudo del gobierno.<\/p>\n\n\n\n<p>Seg\u00fan el presidente, el gobierno no ten\u00eda otra salida que entregar el pasaporte de acuerdo a la normativa activada durante la administraci\u00f3n de Jos\u00e9 Mujica. Sin embargo, si bien esta normativa permit\u00eda emitir el documento, el decreto tambi\u00e9n establec\u00eda alternativas. Una de ellas, por ejemplo, es que en lugar de emitir el pasaporte se enviara un documento que permitiera al ciudadano realizar un viaje de regreso a Uruguay. Otra alternativa es que ante casos excepcionales \u2013evidentemente este era uno de ellos\u2013 la entrega quede a discrecionalidad de las autoridades.<\/p>\n\n\n\n<p>Por lo tanto, a diferencia de lo que afirma el presidente Lacalle Pou, el gobierno no \u201cten\u00eda\u201d que emitir el pasaporte, \u201cpod\u00eda\u201d emitirlo, y eso hizo a sabiendas de que se lo estaba entregando a \u201cun narco peligroso y pesado\u201d, seg\u00fan el propio ex subsecretaria del Ministerio del Interior.<\/p>\n\n\n\n<p>Los hechos son dram\u00e1ticos, pero hay m\u00e1s. La reuni\u00f3n para definir si presentar o no las comunicaciones en la interpelaci\u00f3n fue convocada por el propio presidente a trav\u00e9s de su asesor. Y la indicaci\u00f3n fue que los convocados ingresaran a la Torre Ejecutiva por el garaje del edificio. El encuentro se realiz\u00f3 a metros del despacho del presidente. Y este incluso estuvo presente, aunque no est\u00e1 claro si pas\u00f3 dos, cinco o diez minutos.<\/p>\n\n\n\n<p>A\u00fan hay muchas cosas que no han sido explicadas en este complicado y delicado asunto. Si no hubo ilegalidad, \u00bfpor qu\u00e9 algunos de los principales jerarcas del gobierno, tres de ellos amigos personales del presidente, se enredaron en tantas contradicciones llegando a destruir informaci\u00f3n? Como dice el presidente, el tema est\u00e1 en manos de la justicia.<\/p>\n\n\n\n<p>Pero a falta de esclarecimiento y teniendo en cuenta que estamos hablando de un peligroso y poderoso narcotraficante, las dudas sobre si esto es el reflejo de <a href=\"https:\/\/latinoamerica21.com\/es\/apuntes-republicanos-sobre-la-corrupcion-en-america-latina\/\" target=\"_blank\" rel=\"noreferrer noopener\">un acto de corrupci\u00f3n<\/a> o, peor a\u00fan, de infiltramiento del narcotr\u00e1fico en el Estado uruguayo, no parecen injustificadas. Sobre todo, teniendo en cuenta que ya antes del actual gobierno han ido surgiendo casos sospechosos de v\u00ednculos entre el narcotr\u00e1fico y funcionarios del Estado.<\/p>\n\n\n\n<p>A pesar de todo, la gobernabilidad del pa\u00eds, de momento, no est\u00e1 en juego. A un a\u00f1o de las pr\u00f3ximas elecciones, los socios de la coalici\u00f3n han decidido cerrar filas detr\u00e1s del presidente y la oposici\u00f3n ha optado, hasta ahora, por la moderaci\u00f3n. La idea de un juicio pol\u00edtico al presidente apenas se menciona y todos parecen coincidir en que ser\u00e1 la justicia quien dirima.<\/p>\n\n\n\n<p>Este esc\u00e1ndalo, si bien es el m\u00e1s grave, no es el primero del gobierno. Para dimensionar el asunto, en lo que va de gesti\u00f3n han renunciado o han sido removidos 15 ministros y 7 por mala gesti\u00f3n, el mayor recambio por cuestionamientos desde el retorno a la democracia. Adem\u00e1s, han sido sustituidos subsecretarios y numerosos cargos t\u00e9cnicos, entre ellos toda la c\u00fapula de la polic\u00eda.<\/p>\n\n\n\n<p>Pero es el caso que se centra en el ex jefe de seguridad del presidente, el caso Astesiano, acusado, entre otras cosas, de gestionar pasaportes uruguayos a ciudadanos rusos con documentos de identidad falsos, y que tambi\u00e9n se encuentra en la justicia, el que hasta ahora vinculaba al presidente, de una u otra manera, a m\u00e1s esc\u00e1ndalos. Entre ellos, el delito de abuso de funciones en la utilizaci\u00f3n de canales oficiales para averiguar el destino de un viaje de su propia esposa luego de haberse separado.<\/p>\n\n\n\n<p>Esta sucesi\u00f3n de hechos ha llevado al oficialismo a desarrollar otro argumento, el de las malas compa\u00f1\u00edas. Una idea en forma de coraza que busca blindar al presidente de su entorno, culpabilizando \u00fanicamente a los involucrados directos en las escuchas y mensajes en los diferentes casos. A esta altura, sin embargo, ya se hace dif\u00edcil creer que el mandatario est\u00e1 rodeado y parece m\u00e1s bien ser el mismo centro de la cuesti\u00f3n. Pero esto lo decidir\u00e1 la justicia. Lo que s\u00ed est\u00e1 claro es que por m\u00e1s sereno y ordenado, Uruguay no es una isla.<\/p>\n","protected":false},"excerpt":{"rendered":"<p>Uruguay vive la principal crisis pol\u00edtica desde la restauraci\u00f3n de la democracia en 1985, y el desencadenante es tan escandaloso que para el sereno y ordenado pa\u00eds suena casi que a ficci\u00f3n.<\/p>\n","protected":false},"author":2,"featured_media":20459,"comment_status":"closed","ping_status":"closed","sticky":false,"template":"","format":"standard","meta":{"_acf_changed":false,"episode_type":"","audio_file":"","cover_image":"","cover_image_id":"","duration":"","filesize":"","filesize_raw":"","date_recorded":"","explicit":"","block":"","itunes_episode_number":"","itunes_title":"","itunes_season_number":"","itunes_episode_type":"","footnotes":""},"categories":[16468,16484,16474,16468,16474,16484,544],"tags":[14126,14126],"gps":[],"class_list":{"0":"post-20458","1":"post","2":"type-post","3":"status-publish","4":"format-standard","5":"has-post-thumbnail","7":"category-politica","8":"category-uruguay","9":"category-corrupcion","13":"category-politica-br","14":"tag-debates-br-es"},"acf":[],"_links":{"self":[{"href":"https:\/\/latinoamerica21.com\/es\/wp-json\/wp\/v2\/posts\/20458","targetHints":{"allow":["GET"]}}],"collection":[{"href":"https:\/\/latinoamerica21.com\/es\/wp-json\/wp\/v2\/posts"}],"about":[{"href":"https:\/\/latinoamerica21.com\/es\/wp-json\/wp\/v2\/types\/post"}],"author":[{"embeddable":true,"href":"https:\/\/latinoamerica21.com\/es\/wp-json\/wp\/v2\/users\/2"}],"replies":[{"embeddable":true,"href":"https:\/\/latinoamerica21.com\/es\/wp-json\/wp\/v2\/comments?post=20458"}],"version-history":[{"count":0,"href":"https:\/\/latinoamerica21.com\/es\/wp-json\/wp\/v2\/posts\/20458\/revisions"}],"wp:featuredmedia":[{"embeddable":true,"href":"https:\/\/latinoamerica21.com\/es\/wp-json\/wp\/v2\/media\/20459"}],"wp:attachment":[{"href":"https:\/\/latinoamerica21.com\/es\/wp-json\/wp\/v2\/media?parent=20458"}],"wp:term":[{"taxonomy":"category","embeddable":true,"href":"https:\/\/latinoamerica21.com\/es\/wp-json\/wp\/v2\/categories?post=20458"},{"taxonomy":"post_tag","embeddable":true,"href":"https:\/\/latinoamerica21.com\/es\/wp-json\/wp\/v2\/tags?post=20458"},{"taxonomy":"gps","embeddable":true,"href":"https:\/\/latinoamerica21.com\/es\/wp-json\/wp\/v2\/gps?post=20458"}],"curies":[{"name":"wp","href":"https:\/\/api.w.org\/{rel}","templated":true}]}}