{"id":20489,"date":"2023-11-17T09:00:00","date_gmt":"2023-11-17T12:00:00","guid":{"rendered":"https:\/\/latinoamerica21.com\/?p=20489"},"modified":"2023-12-17T05:10:53","modified_gmt":"2023-12-17T08:10:53","slug":"el-gran-consenso","status":"publish","type":"post","link":"https:\/\/latinoamerica21.com\/es\/el-gran-consenso\/","title":{"rendered":"El gran consenso"},"content":{"rendered":"\r\n<p>De entre las muchas definiciones de car\u00e1cter lapidario que conozco del t\u00e9rmino <em>pol\u00edtica<\/em>, la que establece que es \u201cla gesti\u00f3n del conflicto\u201d es mi favorita. Cuatro palabras que resumen el sentir de una actividad humana por excelencia cuyo an\u00e1lisis da pie a un elevado n\u00famero de vol\u00famenes y cuyo estudio configura carreras universitarias de duraci\u00f3n diferente. El conflicto como un escenario en el que el miedo desempe\u00f1a un papel trascendental y la gesti\u00f3n como un conjunto de artes en el complejo proceso de toma de decisiones en el seno de una colectividad.<\/p>\r\n\r\n\r\n\r\n<p>Sin embargo, hay una versi\u00f3n m\u00e1s ben\u00e9vola y cargada de notables dosis de optimismo que pone el acento en el establecimiento de marcos de entendimiento y de negociaci\u00f3n. En ella lo que predomina es la b\u00fasqueda de consensos en el comportamiento de los individuos bien sea por la existencia de un clima de confianza mutua o por el establecimiento de reglas que propicien un determinado nivel de convivencia. El capital social e instituciones marcadas por un reconocimiento ampliamente extendido constituyen los resortes en que se basa su desarrollo.<\/p>\r\n\r\n\r\n\r\n<p>En cierta manera estos dos factores pueden tambi\u00e9n encontrarse en el primer escenario con independencia de la ausencia de una visi\u00f3n \u201cbuenista\u201d del problema. Pero frente al subrayado de lo conflictivo, lo consensual gozar\u00eda de una mayor dosis de fervor. As\u00ed, gobernar mediante el consenso estar\u00eda siempre m\u00e1s valorado que el gobierno del conflicto, pues este, adem\u00e1s, supondr\u00eda una ca\u00edda en la polarizaci\u00f3n siempre repudiada.<\/p>\r\n\r\n\r\n\r\n<p>En las \u00faltimas fechas, la ausencia del consenso ha sido el mantra m\u00e1s repetido a la hora de enjuiciar el documento entregado al presidente Gabriel Boric por el Consejo Constitucional encargado de la elaboraci\u00f3n del proyecto de Constituci\u00f3n que ser\u00e1 sometido a plebiscito el pr\u00f3ximo 17 de diciembre. <a href=\"https:\/\/elpais.com\/chile\/2023-11-04\/el-expresidente-ricardo-lagos-sobre-la-nueva-propuesta-de-constitucion-en-chile-estoy-por-el-rechazo.html\" target=\"_blank\" rel=\"noreferrer noopener\">Ricardo Lagos, en declaraciones al diario <em>El Pa\u00eds<\/em><\/a> del 4 de noviembre, advert\u00eda al respecto que \u201c(se) nos entrega un texto partisano, sin ninguna posibilidad de representar a la Naci\u00f3n como un todo\u201d. La pol\u00edtica del consenso que ten\u00eda una loable reivindicaci\u00f3n para marcar un futuro promisorio en torno a una pretendida comunidad homog\u00e9nea y puesta de acuerdo en lineamientos b\u00e1sicos de su quehacer inmediato se ve\u00eda defraudada.<\/p>\r\n\r\n\r\n\r\n<p>Despu\u00e9s de una tarea que se ha extendido de modo pr\u00e1cticamente ininterrumpido durante cuatro a\u00f1os, la v\u00eda constituyente chilena va camino de una conclusi\u00f3n est\u00e9ril. El probable voto negativo echar\u00e1 por tierra miles de horas dedicadas al mismo por parte de activistas, clase pol\u00edtica, analistas \u2013de opini\u00f3n y de la academia\u2013 y una ciudadan\u00eda participante en consultas y en procesos electorales. Gente comprometida con lo que individualmente estiman que es lo mejor para el pa\u00eds, bienintencionada (o no) y dotada de un mayor o menor conocimiento. El triunfo del voto afirmativo no mejorar\u00eda las cosas. En fin, un esfuerzo en pro de un consenso vano enterrado por, dicen algunos, la irracionalidad del conflicto siempre presente.<\/p>\r\n\r\n\r\n\r\n<p>Las razones y la casu\u00edstica de lo acontecido han sido, est\u00e1n, y lo seguir\u00e1n siendo, objeto de documentados an\u00e1lisis, pero de momento parecieran desprenderse tres grandes cuestiones que ameritan considerarse por las implicaciones que pudieran tener para confrontar situaciones similares en los pa\u00edses del vecindario. Algo relevante si adem\u00e1s no se deja de tener en cuenta la circunstancia de que el nivel de la democracia de Chile sit\u00faa al pa\u00eds entre los tres m\u00e1s destacados de Am\u00e9rica Latina de acuerdo con cualquiera de los \u00edndices al uso. El car\u00e1cter sist\u00e9mico de estos asuntos anima a su consideraci\u00f3n de manera integrada.<\/p>\r\n\r\n\r\n\r\n<p>Las reformas a la totalidad que pretenden implementar, como es en este caso, un nuevo orden constitucional, chocan diametralmente con aquellas que se pueden llevar a cabo de manera paulatina. El gradualismo es un procedimiento \u201cde dos pasos adelante y uno atr\u00e1s\u201d que al adecuar las decisiones tanto en el tiempo como en los temas permite avances substantivos a largo plazo. Por el contrario, el maximalismo basado en \u201cel todo o nada\u201d supuestamente permite en su l\u00edmite \u201casaltar el cielo\u201d, pero con frecuencia conlleva atropello y vaciamiento del proceso que concluye siendo el de una parte de la sociedad. La confusi\u00f3n generada por el reclamo urgente hace dos d\u00e9cadas de la afamada \u201cconstrucci\u00f3n de hegemon\u00eda\u201d sigue cobr\u00e1ndose sus dividendos.<\/p>\r\n\r\n\r\n\r\n<p>En segundo lugar, el siglo XXI viene asentado sobre una modernidad l\u00edquida, en los t\u00e9rminos de Zygmunt Bauman. Una situaci\u00f3n que se fue potenciando por la revoluci\u00f3n digital en clave de un individualismo muy agudo y la proliferaci\u00f3n de identidades m\u00faltiples, cambiantes y superponibles que hacen muy dif\u00edcil la articulaci\u00f3n de proyectos colectivos unidimensionales. Si siempre la naci\u00f3n fue una construcci\u00f3n artificiosa, sin duda bastante exitosa hasta cierto momento, hoy resulta una quimera. De esta forma, pretender expresar la presumida voluntad de la naci\u00f3n como un todo en un \u00fanico proceso, aunque este vea sus pasos articulados por mecanismos que en otros momentos funcionaron, significa ignorar los cambios exponenciales registrados en la sociedad en los \u00faltimos a\u00f1os.<\/p>\r\n\r\n\r\n\r\n<p>Por \u00faltimo, como viene se\u00f1alando Mariano Torcal en sus m\u00e1s recientes trabajos, la polarizaci\u00f3n afectiva se ense\u00f1orea hoy del panorama pol\u00edtico de forma generalizada siendo el ep\u00edtome que asola por excelencia a las democracias actuales. Entendida como la tendencia a ver negativamente a los partidarios opuestos y positivamente a los copartidarios, supone la entrada en la pol\u00edtica de las emociones en un mundo extremadamente fragmentado y singularizado. La polarizaci\u00f3n afectiva expandida por doquier conlleva que la pretensi\u00f3n de establecer el gran consenso refundador de un nuevo orden pol\u00edtico encuentra una traba cuya confrontaci\u00f3n requiere, en la l\u00ednea del apartado anterior, plantear nuevos mecanismos de acci\u00f3n. Me temo que los procesos constituyentes como los conocimos hasta hace poco son asuntos definitivamente del pasado y estimo que el momento actual demanda conceptos novedosos y estrategias innovadoras donde el se\u00f1uelo del consenso encuentre su reemplazo. Mientras tanto no queda m\u00e1s remedio que lidiar con el conflicto gestado en tantas direcciones como hay individuos supuestamente empoderados por su celular.<\/p>\r\n","protected":false},"excerpt":{"rendered":"<p>La ausencia del consenso ha sido el mantra m\u00e1s repetido a la hora de enjuiciar el documento entregado al presidente Gabriel Boric por el Consejo Constitucional que ser\u00e1 sometido a plebiscito.<\/p>\n","protected":false},"author":45,"featured_media":20490,"comment_status":"closed","ping_status":"closed","sticky":false,"template":"","format":"standard","meta":{"_acf_changed":false,"episode_type":"","audio_file":"","cover_image":"","cover_image_id":"","duration":"","filesize":"","filesize_raw":"","date_recorded":"","explicit":"","block":"","itunes_episode_number":"","itunes_title":"","itunes_season_number":"","itunes_episode_type":"","footnotes":""},"categories":[16569,16468,16521,16569,16468,16521],"tags":[14128],"gps":[],"class_list":{"0":"post-20489","1":"post","2":"type-post","3":"status-publish","4":"format-standard","5":"has-post-thumbnail","7":"category-proceso-constituyente","8":"category-politica","9":"category-chile-es","13":"tag-ideas-en-es"},"acf":[],"_links":{"self":[{"href":"https:\/\/latinoamerica21.com\/es\/wp-json\/wp\/v2\/posts\/20489","targetHints":{"allow":["GET"]}}],"collection":[{"href":"https:\/\/latinoamerica21.com\/es\/wp-json\/wp\/v2\/posts"}],"about":[{"href":"https:\/\/latinoamerica21.com\/es\/wp-json\/wp\/v2\/types\/post"}],"author":[{"embeddable":true,"href":"https:\/\/latinoamerica21.com\/es\/wp-json\/wp\/v2\/users\/45"}],"replies":[{"embeddable":true,"href":"https:\/\/latinoamerica21.com\/es\/wp-json\/wp\/v2\/comments?post=20489"}],"version-history":[{"count":0,"href":"https:\/\/latinoamerica21.com\/es\/wp-json\/wp\/v2\/posts\/20489\/revisions"}],"wp:featuredmedia":[{"embeddable":true,"href":"https:\/\/latinoamerica21.com\/es\/wp-json\/wp\/v2\/media\/20490"}],"wp:attachment":[{"href":"https:\/\/latinoamerica21.com\/es\/wp-json\/wp\/v2\/media?parent=20489"}],"wp:term":[{"taxonomy":"category","embeddable":true,"href":"https:\/\/latinoamerica21.com\/es\/wp-json\/wp\/v2\/categories?post=20489"},{"taxonomy":"post_tag","embeddable":true,"href":"https:\/\/latinoamerica21.com\/es\/wp-json\/wp\/v2\/tags?post=20489"},{"taxonomy":"gps","embeddable":true,"href":"https:\/\/latinoamerica21.com\/es\/wp-json\/wp\/v2\/gps?post=20489"}],"curies":[{"name":"wp","href":"https:\/\/api.w.org\/{rel}","templated":true}]}}