{"id":20605,"date":"2023-11-24T09:00:00","date_gmt":"2023-11-24T12:00:00","guid":{"rendered":"https:\/\/latinoamerica21.com\/?p=20605"},"modified":"2023-12-16T08:06:38","modified_gmt":"2023-12-16T11:06:38","slug":"argentina-y-el-cambio-desesperado","status":"publish","type":"post","link":"https:\/\/latinoamerica21.com\/es\/argentina-y-el-cambio-desesperado\/","title":{"rendered":"Argentina y el cambio desesperado"},"content":{"rendered":"\n<p>Este 19 de noviembre los argentinos eligieron al que ser\u00e1 presidente de la Naci\u00f3n para los siguientes cuatro a\u00f1os. En medio de una de las m\u00e1s graves crisis econ\u00f3micas y de descomposici\u00f3n del tejido social, el diputado Javier Milei, identificado con la derecha libertaria y que ha manifestado <a href=\"https:\/\/latinoamerica21.com\/es\/a-vueltas-con-el-estado\/\" target=\"_blank\" rel=\"noreferrer noopener\">romper con el <em>statu quo<\/em> de la clase pol\u00edtica<\/a>, derrot\u00f3 al ministro de Econom\u00eda del kichnerismo, Sergio Massa.\u00a0<\/p>\n\n\n\n<p>En 1900 Argentina era la econom\u00eda 13 del mundo, mientras que para 2022 el Banco Mundial la ubic\u00f3 en el n\u00famero 66. En el pa\u00eds solo 13 de cada 100 alumnos completan sus estudios primarios y secundarios en tiempo y forma. Por otra parte, el empleo formal se redujo en un 5,6% entre 2012 y julio de 2023, sin contar los \u00edndices hist\u00f3ricos de inflaci\u00f3n a partir del control cambiario y el nivel de deuda que registra la Naci\u00f3n.<\/p>\n\n\n\n<p>Argentina, con 46 millones de habitantes y un producto interno bruto (PIB) per c\u00e1pita de 26,074 d\u00f3lares, similar al de Costa Rica, Maldivas o Serbia, tuvo que elegir entre un candidato que ofrece buenos oficios pol\u00edticos, gobernabilidad y acomodo en el gasto social y un candidato disruptivo que llama la atenci\u00f3n nacional e internacional por sus posturas radicales respecto al papel que debe jugar el Estado dentro de la vida de los argentinos.<\/p>\n\n\n\n<p>Sin embargo, en una votaci\u00f3n contundente y una participaci\u00f3n ciudadana similar al proceso anterior, Javier Milei pudo ganar la elecci\u00f3n con alrededor de 12 puntos de diferencia y tres millones de votos. Los argentinos decidieron entre el cambio o la continuidad. Para quienes entienden de pol\u00edtica local, la suma de las alianzas entre Milei y el expresidente Mauricio Macri resume el triunfo de este y la derrota hist\u00f3rica de Cristina Fern\u00e1ndez de Kirchner. No se sabe si este es el final de la vida pol\u00edtica de la controvertida expresidenta.<\/p>\n\n\n\n<p>Viene ahora la parte m\u00e1s complicada para Javier Milei: <a href=\"https:\/\/www.bbc.com\/mundo\/articles\/c889dj5my89o\" target=\"_blank\" rel=\"noreferrer noopener\">cumplir las promesas de campa\u00f1a<\/a>, entre las que destacan cerrar el Banco Central y dolarizar la econom\u00eda, suprimir ministerios y privatizar empresas p\u00fablicas, entre otras. No obstante, varias de esas reformas necesitar\u00e1n el aval del Congreso, en donde la fuerza de Milei no alcanza para llevarlas a cabo. Por tanto, tendr\u00e1 que pactar con la bancada de Juntos por el Cambio y algunos partidos m\u00e1s peque\u00f1os.<\/p>\n\n\n\n<p>M\u00e1s all\u00e1 de fanatismos, de izquierdas o derechas, Argentina sali\u00f3 a las calles por el agotamiento de un sistema, de una forma de gobierno, que ha sumido a la econom\u00eda a niveles nunca vistos, donde el deterioro social es impresionante. Este escenario complica al nuevo gobierno, que deber\u00e1 generar ajustes inmediatos para contrarrestar los niveles de inflaci\u00f3n, mantener y atraer inversiones, as\u00ed como generar un mecanismo de pagos ante la deuda contra\u00edda constantemente.<\/p>\n\n\n\n<p>Al d\u00eda siguiente de la elecci\u00f3n, las empresas argentinas listadas en las bolsas de valores norteamericanas sufrieron una apreciaci\u00f3n significativa en el precio de sus acciones. Adem\u00e1s, el riesgo-pa\u00eds cay\u00f3 a m\u00ednimos de los \u00faltimos dos meses, lo que podr\u00eda servir como referencia a una muy dif\u00edcil pero posible recuperaci\u00f3n econ\u00f3mica.<\/p>\n\n\n\n<p>Vendr\u00e1n momentos de intensa conflictividad corporativa, donde seguramente el sindicalismo intentar\u00e1 \u201cdetener\u201d el pa\u00eds. Javier Milei deber\u00e1 serenarse y adoptar la figura de jefe de Estado, as\u00ed como conformar un equipo que permita cuidar la econom\u00eda y la gobernabilidad. Habr\u00e1 que hacer m\u00e1s peque\u00f1o el gobierno sin lastimar el gasto social, sumando la necesidad de generar puestos de trabajo y pagar empr\u00e9stitos. Nada f\u00e1cil para el gobierno nacional y el pueblo argentino.<\/p>\n\n\n\n<p>Javier Milei deber\u00e1 buscar aliados en el exterior, adoptando la agenda clim\u00e1tica y los compromisos de la Agenda 2030, reconstruir la relaci\u00f3n con el Vaticano y tender puentes de entendimiento con los gobiernos de la regi\u00f3n, especialmente Brasil, donde Argentina tiene el mayor ingreso por intercambio comercial.<\/p>\n\n\n\n<p>El nuevo presidente de la Naci\u00f3n deber\u00e1 cuidar la agenda de derechos, que no acepta regresiones. La tolerancia y pluralidad jugar\u00e1n un rol clave en la visi\u00f3n de Estado que en este momento requiere Argentina.<\/p>\n\n\n\n<p>Es importante destacar que el sistema electoral argentino debe revisarse a profundidad, ya que requiere una modernizaci\u00f3n de fondo, que privilegie principalmente a la equidad de las campa\u00f1as y comicios. D\u00edas previos a la jornada electoral, la organizaci\u00f3n no gubernamental Transparencia Electoral difundi\u00f3 un estudio que revela la inequidad en la contienda, sobre todo en el uso de recursos p\u00fablicos para favorecer a un candidato en espec\u00edfico.<\/p>\n\n\n\n<p>Ser\u00eda satisfactorio que, en este sentido, el nuevo gobierno propusiese reformas como la separaci\u00f3n del cargo para poder obtener una candidatura y hacer campa\u00f1a, y el uso de boleta \u00fanica y de medios electr\u00f3nicos de votaci\u00f3n.<\/p>\n\n\n\n<p>Otro rasgo importante a destacar es que la justicia electoral deber\u00e1 permitir la observaci\u00f3n electoral internacional. Argentina es un pa\u00eds que no permite esta pr\u00e1ctica, cosa que impide que instituciones como la Organizaci\u00f3n de los Estados Americanos (OEA), Transparencia Electoral (TE) o la Uni\u00f3n Europea (EU) puedan desarrollar inmersiones en el proceso electoral.&nbsp;<\/p>\n","protected":false},"excerpt":{"rendered":"<p>El nuevo presidente deber\u00e1 cuidar la agenda de derechos, que no acepta regresiones. La tolerancia y pluralidad jugar\u00e1n un rol clave en la visi\u00f3n de Estado que requiere Argentina.<\/p>\n","protected":false},"author":385,"featured_media":20606,"comment_status":"closed","ping_status":"closed","sticky":false,"template":"","format":"standard","meta":{"_acf_changed":false,"episode_type":"","audio_file":"","cover_image":"","cover_image_id":"","duration":"","filesize":"","filesize_raw":"","date_recorded":"","explicit":"","block":"","itunes_episode_number":"","itunes_title":"","itunes_season_number":"","itunes_episode_type":"","footnotes":""},"categories":[16471,16471,16489,16489],"tags":[14126,14126],"gps":[],"class_list":{"0":"post-20605","1":"post","2":"type-post","3":"status-publish","4":"format-standard","5":"has-post-thumbnail","7":"category-elecciones","9":"category-argentina","11":"tag-debates-br-es"},"acf":[],"_links":{"self":[{"href":"https:\/\/latinoamerica21.com\/es\/wp-json\/wp\/v2\/posts\/20605","targetHints":{"allow":["GET"]}}],"collection":[{"href":"https:\/\/latinoamerica21.com\/es\/wp-json\/wp\/v2\/posts"}],"about":[{"href":"https:\/\/latinoamerica21.com\/es\/wp-json\/wp\/v2\/types\/post"}],"author":[{"embeddable":true,"href":"https:\/\/latinoamerica21.com\/es\/wp-json\/wp\/v2\/users\/385"}],"replies":[{"embeddable":true,"href":"https:\/\/latinoamerica21.com\/es\/wp-json\/wp\/v2\/comments?post=20605"}],"version-history":[{"count":0,"href":"https:\/\/latinoamerica21.com\/es\/wp-json\/wp\/v2\/posts\/20605\/revisions"}],"wp:featuredmedia":[{"embeddable":true,"href":"https:\/\/latinoamerica21.com\/es\/wp-json\/wp\/v2\/media\/20606"}],"wp:attachment":[{"href":"https:\/\/latinoamerica21.com\/es\/wp-json\/wp\/v2\/media?parent=20605"}],"wp:term":[{"taxonomy":"category","embeddable":true,"href":"https:\/\/latinoamerica21.com\/es\/wp-json\/wp\/v2\/categories?post=20605"},{"taxonomy":"post_tag","embeddable":true,"href":"https:\/\/latinoamerica21.com\/es\/wp-json\/wp\/v2\/tags?post=20605"},{"taxonomy":"gps","embeddable":true,"href":"https:\/\/latinoamerica21.com\/es\/wp-json\/wp\/v2\/gps?post=20605"}],"curies":[{"name":"wp","href":"https:\/\/api.w.org\/{rel}","templated":true}]}}