{"id":20715,"date":"2023-12-03T05:00:00","date_gmt":"2023-12-03T08:00:00","guid":{"rendered":"https:\/\/latinoamerica21.com\/?p=20715"},"modified":"2023-12-03T05:00:00","modified_gmt":"2023-12-03T08:00:00","slug":"milei-y-una-odisea","status":"publish","type":"post","link":"https:\/\/latinoamerica21.com\/es\/milei-y-una-odisea\/","title":{"rendered":"Milei y una odisea"},"content":{"rendered":"\n<p>En el comienzo de <em>La Odisea de los Giles<\/em> -la estupenda pel\u00edcula dirigida por Sebasti\u00e1n Borensztein (2019) e inspirada en el libro <em>La Noche de la Usina<\/em> (2016) de Eduardo Sacheri- el personaje principal de la historia, Ferm\u00edn Perlassi (encarnado por el inigualable Ricardo Dar\u00edn), presenta lo que ser\u00e1 el argumento de este excelente largometraje. Buscando en el diccionario el significado de la palabra \u201cgil\u201d -un t\u00e9rmino muy despectivo en la jerga argentina-, Perlassi relata que, \u201cseg\u00fan el diccionario, \u2018gil\u2019 \u00b4es una persona lenta, a la que le falta viveza y picard\u00eda\u2019 (\u2026), aunque ya sabemos que [t\u00e9rminos como] laburante, tipo honesto, gente que cumple las normas, terminan siendo sin\u00f3nimos de gil (\u2026). Pero un d\u00eda, el abuso al que estamos acostumbrados los giles, se convierte en una verdadera patada en los dientes y uno dice \u00a1basta!\u201d.<\/p>\n\n\n\n<p>La oposici\u00f3n entre los honestos (los \u201cgiles\u201d) y los deshonestos (los \u201cvivos\u201d) que la pel\u00edcula sugiere no es nueva (a modo de rasgo de larga duraci\u00f3n de la psicolog\u00eda pol\u00edtica argentina) y tiene muchos antecedentes en los estudios de la ciencia pol\u00edtica, la sociolog\u00eda y la historia, entre los que se destaca la conocida obra de Carlos Nino, <em>Un pa\u00eds<\/em> <em>al margen de la ley<\/em>. As\u00ed, el filme nos cuenta que, indignados ante la crisis del corralito de 2001, un grupo de amigos de una peque\u00f1a poblaci\u00f3n rural de Buenos Aires decide emprender una muy arriesgada e incierta aventura para recuperar el secuestro de sus ahorros en d\u00f3lares, en donde, adem\u00e1s, hay funcionarios del banco del mismo pueblo implicados. Aunque el largometraje se estren\u00f3 en 2019 y hablaba sobre el ya entonces lejano corralito, no se puede evitar pensarlo como una met\u00e1fora casi anticipatoria de lo que ocurrir\u00eda con el reciente resultado del ballotage en Argentina: a pesar de los miedos y la incertidumbre que generaba el candidato que resultar\u00eda ganador, la ira (la \u201cbronca\u201d en clave argentina) movilizar\u00eda a millones de electores a votar en contra de la propuesta pol\u00edtica oficialista. La campa\u00f1a de que Massa representaba a un artero y sutil enga\u00f1ador -consagrada con el adjetivo de \u201cventajita\u201d con que Mauricio Macri lo bautizar\u00eda- parece haber tenido como una reverberaci\u00f3n el invocar la idea, muy sensible y dolorosa para ciertos sectores, de que ser honesto, trabajador o respetuoso de las normas es de \u201cgiles\u201d, es de tontos. Estos electores, hartos de esa visi\u00f3n (que muchos a\u00fan propugnan), habr\u00edan decidido votar en contra del \u201cvivo\u201d del ballotage, el \u201cventajita\u201d Massa.&nbsp;<\/p>\n\n\n\n<p>Como corolario de la idea de que <a href=\"https:\/\/latinoamerica21.com\/es\/argentina-y-el-cambio-desesperado\/\" target=\"_blank\" rel=\"noreferrer noopener\">parece haber sido la bronca la emoci\u00f3n que cataliz\u00f3 buena parte del voto<\/a> en la segunda vuelta (emoci\u00f3n que muchas encuestas y grupos de enfoque registraron en la previa a la elecci\u00f3n), emerge el interrogante sobre la gobernabilidad de la presidencia de Javier Milei. Los cuarenta a\u00f1os de la relativamente joven actual democracia argentina testifican que, con excepci\u00f3n del gobierno de Macri, ning\u00fan partido o coalici\u00f3n no peronista pudo finalizar su mandato. La creciente polarizaci\u00f3n -tanto ideol\u00f3gica como afectiva- agudizada en el \u00faltimo tramo de la campa\u00f1a electoral con mensajes fuertemente negativos de cada una de las dos fuerzas pol\u00edticas respecto de la otra, no parecen augurar la formaci\u00f3n de un gobierno que cuente con una base lo suficientemente amplia y consensuada. La polarizaci\u00f3n se observa no solo entre los partidos sino entre los ciudadanos. Los llamados a la resistencia en la calle de parte de diferentes actores econ\u00f3micos y sociales el d\u00eda siguiente mismo de la segunda vuelta anticipan un panorama muy complejo en t\u00e9rminos de gobernabilidad.\u00a0 S\u00f3lo a modo de un par de ejemplos entre otras expresiones -catalogadas como \u201cgolpistas\u201d por parte de sectores afines a Milei-, el director del sindicato de Aerol\u00edneas Argentinas, Pablo Vir\u00f3, afirmaba que \u201csi se quiere cargar a Aerol\u00edneas, nos van a tener que matar\u201d. Un d\u00eda despu\u00e9s, el sacerdote Francisco \u201cPaco\u201d Oliveira sosten\u00eda que \u201cno creo que este gobierno dure cuatro a\u00f1os\u201d y que \u201csi votaste a Milei, no veng\u00e1s a buscar comida ac\u00e1\u201d, aludiendo al comedor para personas indigentes que dirige en Merlo.<\/p>\n\n\n\n<p>Cabe aqu\u00ed tener en cuenta el punto de partida econ\u00f3mico y social del que ser\u00e1 el gobierno argentino a partir del 10 de diciembre pr\u00f3ximo. <a href=\"https:\/\/chequeado.com\/el-explicador\/que-gobierno-recibe-javier-milei-de-alberto-fernandez-11-indicadores-para-entender-el-traspaso-presidencial\/\" target=\"_blank\" rel=\"noreferrer noopener\">El presidente entrante recibir\u00e1 un pa\u00eds<\/a> con reservas negativas en el Banco Central, una inflaci\u00f3n del 140% con una proyecci\u00f3n estimada de 300%, una importante distorsi\u00f3n de los precios relativos, catorce tipos de cambio frente al d\u00f3lar, niveles de pobreza del 40 % y de indigencia del 15%, una deuda p\u00fablica alt\u00edsima no s\u00f3lo con el Fondo Monetario Internacional sino con el llamado \u201cswap\u201d con China y con otras entidades p\u00fablicas y privadas. Dada la escasez de d\u00f3lares, Argentina ha tenido dificultades para importar desde productos primarios, hasta medicamentos fundamentales, insumos hospitalarios cr\u00edticos y manufacturas que son claves para la industria automotriz.<\/p>\n\n\n\n<p>El enorme esfuerzo realizado por el oficialismo para llegar a los comicios en condiciones competitivas electoralmente (algo que se logr\u00f3 con la llegada al ballotage de un ministro de econom\u00eda a pesar de las grav\u00edsimas dificultades producto de su propia gesti\u00f3n) se hizo apelando a pol\u00edticas econ\u00f3micas caracterizadas por arduos problemas de inconsistencia temporal: se privilegi\u00f3 exclusivamente el presente para hacer recaer sus consecuencias en el futuro. Se trataba de llegar lo mejor posible a las elecciones para despu\u00e9s ver. En los dieciocho meses del ministerio de Sergio Massa, la emisi\u00f3n increment\u00f3 la base monetaria en un 100%. Las pol\u00edticas dirigidas a mejorar las chances electorales del candidato oficial costaron entre un 1.5 y 2.5 puntos del PIB argentino. Los recortes impositivos a los sectores m\u00e1s privilegiados en t\u00e9rminos de ingresos, o los llamados \u201cplanes platita\u201d -como distribuir prebendas imposibles de sostener en el tiempo y que finalizaban (justamente) con la celebraci\u00f3n de las elecciones- parecen haber puesto a este pa\u00eds frente a lo que Elinor Ostrom, Premio Nobel de Econom\u00eda, llamase <em>la tragedia de los comunes<\/em>: si una aldea tala todo el bosque hoy, llegar\u00e1 un momento en el que ya no habr\u00e1 \u00e1rboles que talar.<\/p>\n\n\n\n<p>El margen de maniobra del gobierno entrante es muy reducido. No parece exagerado afirmar que, fruto de los resultados de la llamada \u201cdependencia de la trayectoria\u201d (o <em>path dependence<\/em>), los casi veinte a\u00f1os de gobiernos kirchneristas han llevado a Argentina a una situaci\u00f3n en la que los problemas estructurales y no sus gobiernos son quienes \u201cgobiernan\u201d. El pa\u00eds no crece econ\u00f3micamente desde 2011 a pesar de los a\u00f1os dorados de las <em>commodities<\/em> que caracteriz\u00f3 a los primeros gobiernos de los Kirchner. Un inmenso desbalance entre el \u00e9nfasis puesto en la redistribuci\u00f3n y el maltrato hacia la producci\u00f3n est\u00e1 en la base del drama que recibe este gobierno. No puede haber redistribuci\u00f3n si no hay qu\u00e9 distribuir. La tarea fundamental de la pol\u00edtica es sobre como satisfacer deseos infinitos con recursos finitos. Buscando perpetuarse en el poder, el kirchnerismo deform\u00f3 y banaliz\u00f3 la larga tradici\u00f3n de afinidad con la centro-izquierda que ha caracterizado largamente a amplios sectores en Argentina. Con sus pol\u00edticas, invirti\u00f3 los incentivos, favoreciendo al no-trabajo (los \u201cvivos\u201d) y perjudicando al trabajo (los \u201cgiles\u201d).\u00a0<\/p>\n\n\n\n<p>La expresi\u00f3n de un \u201cbasta\u201d rotundo de parte de la mayor\u00eda del electorado ante un presente insoportable y en favor de un cambio es un capital muy importante, aunque podr\u00eda desgastarse r\u00e1pidamente. La luna de miel podr\u00eda durar poco si no hay un esfuerzo de comunicaci\u00f3n, did\u00e1ctico -casi rousseauniano- de explicar los objetivos a mediano y largo plazo que persiguen los dolores iniciales, que ser\u00e1n importantes. No se podr\u00e1 apelar a esl\u00f3ganes f\u00e1ciles -ni irresponsables- como ocurri\u00f3 en la campa\u00f1a electoral. La paciencia social no da m\u00e1s. En t\u00e9rminos de pol\u00edticas, habr\u00e1 que pensar en procesos de diferentes temporalidades que deben darse simult\u00e1neamente: responder a las urgencias m\u00e1s acuciantes hoy, al mismo tiempo que reducir el d\u00e9ficit fiscal en lo inmediato es s\u00f3lo uno de m\u00faltiples desaf\u00edos cicl\u00f3peos que emergen en el horizonte.&nbsp;<\/p>\n\n\n\n<p>Milei deber\u00e1, al mismo tiempo, satisfacer las demandas por las que fue votado, as\u00ed como contener la protesta de sus opositores, no siempre democr\u00e1tica ni pac\u00edfica. Las catorce toneladas de piedra contra el Congreso durante el periodo de Macri es un antecedente amenazante. Como en la pel\u00edcula de Berensztein, Argentina se enfrenta a una verdadera odisea. Da la impresi\u00f3n de que ser\u00e1 muy dif\u00edcil -en lo que parece no s\u00f3lo un problema econ\u00f3mico sino una disputa cultural-, que el gobierno electo pueda responder a las postergadas demandas de los \u201cgiles\u201d al mismo tiempo que incluir a aquellos sectores que, fruto de pol\u00edticas mal concebidas y de la falta de oportunidades -junto a una extensa y profusa narrativa-, se acostumbr\u00f3 a concebir a la pol\u00edtica como el equivalente a un Estado que todo lo provea y a la econom\u00eda como un reino de bienes infinitos. \u00c9ste parece ser un inmenso desaf\u00edo. La gobernabilidad, y m\u00e1s a\u00fan, la propia paz social, est\u00e1n en juego.<\/p>\n","protected":false},"excerpt":{"rendered":"<p>Como corolario de la idea de que parece haber sido la bronca la emoci\u00f3n que cataliz\u00f3 buena parte del voto en la segunda vuelta, emerge la interrogante sobre la gobernabilidad de la presidencia de Javier Milei.<\/p>\n","protected":false},"author":505,"featured_media":20716,"comment_status":"closed","ping_status":"closed","sticky":false,"template":"","format":"standard","meta":{"_acf_changed":false,"episode_type":"","audio_file":"","cover_image":"","cover_image_id":"","duration":"","filesize":"","filesize_raw":"","date_recorded":"","explicit":"","block":"","itunes_episode_number":"","itunes_title":"","itunes_season_number":"","itunes_episode_type":"","footnotes":""},"categories":[16468,16468,16489,16489,16607,16607,544],"tags":[14126,14126],"gps":[],"class_list":{"0":"post-20715","1":"post","2":"type-post","3":"status-publish","4":"format-standard","5":"has-post-thumbnail","7":"category-politica","9":"category-argentina","11":"category-javier-milei","13":"category-politica-br","14":"tag-debates-br-es"},"acf":[],"_links":{"self":[{"href":"https:\/\/latinoamerica21.com\/es\/wp-json\/wp\/v2\/posts\/20715","targetHints":{"allow":["GET"]}}],"collection":[{"href":"https:\/\/latinoamerica21.com\/es\/wp-json\/wp\/v2\/posts"}],"about":[{"href":"https:\/\/latinoamerica21.com\/es\/wp-json\/wp\/v2\/types\/post"}],"author":[{"embeddable":true,"href":"https:\/\/latinoamerica21.com\/es\/wp-json\/wp\/v2\/users\/505"}],"replies":[{"embeddable":true,"href":"https:\/\/latinoamerica21.com\/es\/wp-json\/wp\/v2\/comments?post=20715"}],"version-history":[{"count":0,"href":"https:\/\/latinoamerica21.com\/es\/wp-json\/wp\/v2\/posts\/20715\/revisions"}],"wp:featuredmedia":[{"embeddable":true,"href":"https:\/\/latinoamerica21.com\/es\/wp-json\/wp\/v2\/media\/20716"}],"wp:attachment":[{"href":"https:\/\/latinoamerica21.com\/es\/wp-json\/wp\/v2\/media?parent=20715"}],"wp:term":[{"taxonomy":"category","embeddable":true,"href":"https:\/\/latinoamerica21.com\/es\/wp-json\/wp\/v2\/categories?post=20715"},{"taxonomy":"post_tag","embeddable":true,"href":"https:\/\/latinoamerica21.com\/es\/wp-json\/wp\/v2\/tags?post=20715"},{"taxonomy":"gps","embeddable":true,"href":"https:\/\/latinoamerica21.com\/es\/wp-json\/wp\/v2\/gps?post=20715"}],"curies":[{"name":"wp","href":"https:\/\/api.w.org\/{rel}","templated":true}]}}