{"id":20806,"date":"2023-12-07T09:00:00","date_gmt":"2023-12-07T12:00:00","guid":{"rendered":"https:\/\/latinoamerica21.com\/?p=20806"},"modified":"2023-12-17T05:10:09","modified_gmt":"2023-12-17T08:10:09","slug":"argentina-y-ecuador-dos-paises-un-camino","status":"publish","type":"post","link":"https:\/\/latinoamerica21.com\/es\/argentina-y-ecuador-dos-paises-un-camino\/","title":{"rendered":"Argentina y Ecuador: dos pa\u00edses, un camino"},"content":{"rendered":"\n<p>El m\u00e9todo comparado en Ciencias Sociales busca establecer las causas de un fen\u00f3meno confrontando casos similares o diferentes con el fin de identificar el origen de un hecho. Si queremos entender lo que pasa en Argentina compar\u00e1ndola con un pa\u00eds similar, la intuici\u00f3n nos llevar\u00eda a Uruguay. Desde un pasado colonial parejo hasta su ubicaci\u00f3n sobre el R\u00edo de la Plata, pasando por el flujo migratorio parecido, la forma de hablar o la producci\u00f3n de carne y soja, hay un sinn\u00famero de semejanzas. Tambi\u00e9n comparten la maternidad del tango y de Gardel \u2013a pesar de que el zorzal criollo es natural de Tacuaremb\u00f3\u2013 y alojan, cada uno de los pa\u00edses, a uno de los mellizos Salvo-Barolo. Sin embargo, el pa\u00eds de la Banda Oriental del R\u00edo Uruguay tiene un sistema pol\u00edtico mucho m\u00e1s estable que el de la Naci\u00f3n Argentina. Dan fe de ello las \u00e9lites porte\u00f1as que migran a enfrente en busca de tranquilidad a pesar de mantener sus empresas y trabajos en Argentina.<\/p>\n\n\n\n<p>Mientras Uruguay aparece en todos los \u00edndices como la democracia m\u00e1s consolidada de Am\u00e9rica Latina, el sistema pol\u00edtico de Argentina muestra muchos problemas de funcionamiento a pesar del firme compromiso democr\u00e1tico de sus ciudadanos, y ah\u00ed est\u00e1 la diferencia entre los dos casos. Resulta evidente, por ejemplo, lo distintos que son los sistemas de representaci\u00f3n pol\u00edtica: por un lado, hay unos partidos consolidados que han desarrollado una l\u00f3gica de competencia inclusiva; por el otro, est\u00e1 un sistema de partidos de l\u00f3gica maniquea que tiende a la polarizaci\u00f3n necesaria en la \u201craz\u00f3n populista\u201d. Tambi\u00e9n contrasta que mientras al sur del R\u00edo de la Plata abunda el personalismo y es tierra f\u00e9rtil para el brote de dirigentes pol\u00edticos eg\u00f3latras, en Uruguay los l\u00edderes han ejercido de antih\u00e9roes y han puesto por delante al colectivo antes que a la \u201cconducci\u00f3n\u201d siguiendo el ejemplo de los Treinta y Tres Orientales y del pr\u00f3cer Artigas que se fue al Paraguay a tomar mate con Ansina.<\/p>\n\n\n\n<p>Si hay un pa\u00eds con el que se puede comparar Argentina, usando los criterios de lo que los polit\u00f3logos metod\u00f3logos (o viceversa) llaman Most Similar Systems Design (MSSD), es Ecuador. El MSSD busca variables explicativas en las que los pa\u00edses sean similares, y no cabe duda de que son los dos casos de Am\u00e9rica Latina que mejor cumplen esta premisa, si tomamos en cuenta que comparten una clara tendencia al <em>default<\/em> (impago de las deudas) en t\u00e9rminos econ\u00f3micos y al populismo en t\u00e9rminos pol\u00edticos. Me explico y desarrollo.<\/p>\n\n\n\n<p>Aunque las \u201ccrisis por deuda\u201d son habituales de Am\u00e9rica Latina, Argentina y Ecuador ocupan las primeras posiciones, respecto a los otros pa\u00edses de la regi\u00f3n, en el n\u00famero de veces que han incurrido en distintas formas de impago y morosidad durante esta tercera ola democr\u00e1tica. A pesar de las diferencias \u2013sobre todo por el tama\u00f1o del PIB y la industria\u2013, las dos econom\u00edas comparten la dependencia del sector externo, los altos niveles de desigualdad o la desconfianza en sus monedas nacionales, que, en el caso de Ecuador, se <em>solucion\u00f3<\/em> con <a href=\"https:\/\/elpais.com\/argentina\/2023-11-24\/dolarizar-la-economia-que-significa-y-que-paises-han-aplicado-la-propuesta-de-javier-milei.html\" target=\"_blank\" rel=\"noreferrer noopener\">la dolarizaci\u00f3n<\/a>, medida que quiere adoptar el presidente Milei y que ya us\u00f3 el peronista Menen en su versi\u00f3n convertible. Son dos econom\u00edas con tendencias inflacionarias e instaladas en el d\u00e9ficit presupuestario, el mismo que acaba traduci\u00e9ndose en m\u00e1s deuda, en emisi\u00f3n inorg\u00e1nica o en otros trucos contables en el caso de Ecuador que no puede activar la m\u00e1quina de los billetes. Tambi\u00e9n se parecen, y esto est\u00e1 relacionado con el ciclo pol\u00edtico, en que muchas de las autoridades econ\u00f3micas no han precautelado los equilibrios macroecon\u00f3micos, pues su visi\u00f3n de la econom\u00eda considera que estos son algo propio de economistas ortodoxos fieles al Consenso de Washington.<\/p>\n\n\n\n<p>Aunque el peronismo se haya convertido en el tipo ideal weberiano de populismo latinoamericano, uno de los padres fundadores, junto a Getulio Vargas, es el ecuatoriano Jos\u00e9 Mar\u00eda Velasco Ibarra, que ocup\u00f3 por primera vez la presidencia de la rep\u00fablica en 1934. Desde entonces, el velasquismo fue uno de los pivotes de la pol\u00edtica ecuatoriana hasta inicios de 1970. Los sistemas pol\u00edticos de Ecuador y Argentina siempre tienden al populismo y es as\u00ed como, en el siglo XXI, mientras en los Andes la brecha se constru\u00eda sobre el corre\u00edsmo, en la tierra de Evita el eje de la pol\u00edtica era el kirshnerismo. Quiz\u00e1 eso explica que el ecuatoriano Jaime Dur\u00e1n Barba entienda tan bien la pol\u00edtica argentina como para haber vencido al todopoderoso peronismo como estratega.<\/p>\n\n\n\n<p>En los dos pa\u00edses el populismo y el modelo econ\u00f3mico han confluido en las propuestas de dolarizaci\u00f3n gracias a dos presidentes que, adem\u00e1s de populistas, comparten como apodo \u201cEl Loco\u201d por sus exabruptos: Abdala Bucaram en Ecuador y Javier Milei en Argentina. Abdal\u00e1 no termin\u00f3 su gobierno y no pudo poner en marcha su plan de dolarizaci\u00f3n. Ahora <a href=\"https:\/\/latinoamerica21.com\/es\/milei-y-una-odisea\/\" target=\"_blank\" rel=\"noreferrer noopener\">queda por saber si Milei lo podr\u00e1 hacer<\/a>. De ser as\u00ed, m\u00e1s all\u00e1 de lo que pueda pasar con otras pol\u00edticas y sus consecuencias, el cambio de moneda modificar\u00e1 sustancialmente el funcionamiento de la econom\u00eda y de la pol\u00edtica argentina, tal y como sucedi\u00f3 en Ecuador cuando se dolariz\u00f3. En este sentido, no me cabe duda de que el \u201cperonismo\/K\u201d, tal y como lo conocemos, ser\u00e1 su primera v\u00edctima.<\/p>\n","protected":false},"excerpt":{"rendered":"<p>Los dos pa\u00edses comparten una clara tendencia al default (impago de las deudas) en t\u00e9rminos econ\u00f3micos y al populismo en t\u00e9rminos pol\u00edticos.<\/p>\n","protected":false},"author":42,"featured_media":20807,"comment_status":"closed","ping_status":"closed","sticky":false,"template":"","format":"standard","meta":{"_acf_changed":false,"episode_type":"","audio_file":"","cover_image":"","cover_image_id":"","duration":"","filesize":"","filesize_raw":"","date_recorded":"","explicit":"","block":"","itunes_episode_number":"","itunes_title":"","itunes_season_number":"","itunes_episode_type":"","footnotes":""},"categories":[16468,16468,16489,16489,16475,16475],"tags":[14128],"gps":[],"class_list":{"0":"post-20806","1":"post","2":"type-post","3":"status-publish","4":"format-standard","5":"has-post-thumbnail","7":"category-politica","9":"category-argentina","11":"category-ecuador","13":"tag-ideas-en-es"},"acf":[],"_links":{"self":[{"href":"https:\/\/latinoamerica21.com\/es\/wp-json\/wp\/v2\/posts\/20806","targetHints":{"allow":["GET"]}}],"collection":[{"href":"https:\/\/latinoamerica21.com\/es\/wp-json\/wp\/v2\/posts"}],"about":[{"href":"https:\/\/latinoamerica21.com\/es\/wp-json\/wp\/v2\/types\/post"}],"author":[{"embeddable":true,"href":"https:\/\/latinoamerica21.com\/es\/wp-json\/wp\/v2\/users\/42"}],"replies":[{"embeddable":true,"href":"https:\/\/latinoamerica21.com\/es\/wp-json\/wp\/v2\/comments?post=20806"}],"version-history":[{"count":0,"href":"https:\/\/latinoamerica21.com\/es\/wp-json\/wp\/v2\/posts\/20806\/revisions"}],"wp:featuredmedia":[{"embeddable":true,"href":"https:\/\/latinoamerica21.com\/es\/wp-json\/wp\/v2\/media\/20807"}],"wp:attachment":[{"href":"https:\/\/latinoamerica21.com\/es\/wp-json\/wp\/v2\/media?parent=20806"}],"wp:term":[{"taxonomy":"category","embeddable":true,"href":"https:\/\/latinoamerica21.com\/es\/wp-json\/wp\/v2\/categories?post=20806"},{"taxonomy":"post_tag","embeddable":true,"href":"https:\/\/latinoamerica21.com\/es\/wp-json\/wp\/v2\/tags?post=20806"},{"taxonomy":"gps","embeddable":true,"href":"https:\/\/latinoamerica21.com\/es\/wp-json\/wp\/v2\/gps?post=20806"}],"curies":[{"name":"wp","href":"https:\/\/api.w.org\/{rel}","templated":true}]}}