{"id":20935,"date":"2023-12-16T09:00:00","date_gmt":"2023-12-16T12:00:00","guid":{"rendered":"https:\/\/latinoamerica21.com\/?p=20935"},"modified":"2024-01-08T11:38:34","modified_gmt":"2024-01-08T14:38:34","slug":"el-salvador-y-sus-dos-mundos","status":"publish","type":"post","link":"https:\/\/latinoamerica21.com\/es\/el-salvador-y-sus-dos-mundos\/","title":{"rendered":"El Salvador y sus dos mundos"},"content":{"rendered":"\r\n<p>El primer p\u00e1rrafo de la novela: \u201cHistoria de dos ciudades\u201d, escrita en 1859, por Charles Dickens ((1812-1870), escritor Ingl\u00e9s, aplica perfecto a la realidad de El Salvador en estos d\u00edas en donde vivimos en 2 mundos: Estamos en el mejor de los mundos (pero virtual) y en el peor de los\u00a0 mundos (el real).<\/p>\r\n\r\n\r\n\r\n<p>Comienza la novela de Dickens:<\/p>\r\n\r\n\r\n\r\n<p><em>\u201cCap\u00edtulo I: La \u00e9poca<\/em><\/p>\r\n\r\n\r\n\r\n<p><em>Era el mejor de los tiempos, era el peor de los tiempos, la edad de la sabidur\u00eda, y tambi\u00e9n de la locura; la \u00e9poca de las creencias y de la incredulidad; la era de la luz y de las tinieblas; la primavera de la esperanza y el invierno de la desesperaci\u00f3n. Todo lo pose\u00edamos, pero no ten\u00edamos nada; camin\u00e1bamos en derechura al cielo y nos extravi\u00e1bamos por el camino opuesto. En una palabra, aquella \u00e9poca era tan parecida a la actual, que nuestras m\u00e1s notables autoridades insisten en que, tanto en lo que se refiere al bien como al mal, s\u00f3lo es aceptable la comparaci\u00f3n en grado superlativo\u201d.<\/em><\/p>\r\n\r\n\r\n\r\n<p>En El Salvador actual se puede aplicar a la exactitud esta descripci\u00f3n de Dickens porque aqu\u00ed hay dos realidades: la que dice que este pa\u00eds \u201ces el mejor de los mundos\u201d, \u201cque es el pa\u00eds m\u00e1s maravilloso\u201d, \u201cque es el Presidente m\u00e1s <em>cool<\/em> del universo\u201d y por otro lado est\u00e1 el peor de los mundos que es la otra realidad, la del hambre, se habla de hambruna en documentos de Naciones Unidas (ONU), un pa\u00eds con una alta tasa de desempleo, de migraci\u00f3n sin freno, pobreza a niveles de espanto, persecuci\u00f3n, irrespeto a los derechos humanos.<\/p>\r\n\r\n\r\n\r\n<p>Hay <a href=\"https:\/\/latinoamerica21.com\/es\/bukele-militariza-municipios-para-contener-la-caida-de-su-popularidad\/\" target=\"_blank\" rel=\"noreferrer noopener\">un r\u00e9gimen de excepci\u00f3n que establece captura a pandilleros<\/a>, pero en estas redadas llevan personas que nada tienen que ver con esas estructuras criminales y violenta derechos humanos, imponiendo la tesis de \u201cseguridad sin derechos humanos y sin respeto a las leyes\u201d. Se habla de 70 mil capturados de los cuales cerca de 40 mil no tienen ning\u00fan delito, son inocentes.<\/p>\r\n\r\n\r\n\r\n<p>Ese mejor de los mundos del que hablan es virtual, digital, construido a base de creaci\u00f3n de contenidos falsos de la mano de la post-verdad y la persuasi\u00f3n a trav\u00e9s de la manipulaci\u00f3n con las nuevas tecnolog\u00edas. Existen ej\u00e9rcitos digitales, granjas de troles, pautas millonarias en redes para insertar en las mentes de las personas esa narrativa del mejor de los mundos.<\/p>\r\n\r\n\r\n\r\n<p>El peor de los mundos es el real, del salvadore\u00f1o que pasa hambre, que no tiene trabajo, que anda por las calles con miedo a que le capturen a \u00e9l o a un cercano, que m\u00e1s que vivir lo que le toca es sobrevivir.<\/p>\r\n\r\n\r\n\r\n<p>Ante esos dos mundos nos enfrentamos. Con el agravante que la mayor\u00eda de medios de comunicaci\u00f3n tradicionales y de nuevas tecnolog\u00edas est\u00e1n plegados a la narrativa oficial. Sus armas: la <em>fake news<\/em>, la mentira falsa, el ocultamiento de agenda, sobredimensionar superlativamente los hechos, la reserva de informaci\u00f3n oficial, los linchamientos medi\u00e1ticos. La verdad en estos dos mundos tiene que abrirse paso en una correlaci\u00f3n tan desigual comparable a una gota de agua ante el inmenso oc\u00e9ano. As\u00ed de cruel, con el peligro de amenazas y persecuci\u00f3n.<\/p>\r\n\r\n\r\n\r\n<p>Con su maquinaria digital y virtual han logrado imponer una visi\u00f3n de pa\u00eds irreal. Desde luego muchos la aceptan y la creen. Esa es la tremenda paradoja: muchos de los hambrientos y desempleados (como en un espejismo) aplauden esa virtualidad.<\/p>\r\n\r\n\r\n\r\n<p>Del otro lado est\u00e1 ese El Salvador real, que no come, que no tiene empleo, que est\u00e1 preocupado porque no se respetan los derechos humanos. A este pa\u00eds el actual Ejecutivo le dinamit\u00f3 todas las instituciones democr\u00e1ticas. No hay hasta este momento, ninguna instituci\u00f3n del Estado que muestre independencia en el ejercicio de sus funciones. Podemos afirmar que hay ya una dictadura instaurada que se ratificar\u00e1 en <a href=\"https:\/\/elpais.com\/internacional\/2023-06-26\/bukele-inscribe-su-precandidatura-a-la-reeleccion-a-pesar-de-la-prohibicion-constitucional.html\" target=\"_blank\" rel=\"noreferrer noopener\">un proceso electoral desequilibrado y ama\u00f1ado <\/a>que se desarrollar\u00e1 en febrero del 2024, en donde, violentando m\u00e1s de ocho art\u00edculos de la Constituci\u00f3n de la Rep\u00fablica que proh\u00edbe la reelecci\u00f3n continua, el Presidente, bajo el argumento que la poblaci\u00f3n as\u00ed lo quiere, se ha inscrito para ser candidato a la presidencia.<\/p>\r\n\r\n\r\n\r\n<p>En El Salvador se resquebraj\u00f3 todo el andamiaje democr\u00e1tico, ese es El Salvador real. En este escenario surge, como estruendo, la inquietante pregunta: \u00bfEs lo electoral el camino?<\/p>\r\n","protected":false},"excerpt":{"rendered":"<p>Hay un r\u00e9gimen de excepci\u00f3n que establece captura a pandilleros, pero en estas redadas llevan personas que nada tienen que ver con esas estructuras de criminales.<\/p>\n","protected":false},"author":517,"featured_media":20936,"comment_status":"closed","ping_status":"closed","sticky":false,"template":"","format":"standard","meta":{"_acf_changed":false,"episode_type":"","audio_file":"","cover_image":"","cover_image_id":"","duration":"","filesize":"","filesize_raw":"","date_recorded":"","explicit":"","block":"","itunes_episode_number":"","itunes_title":"","itunes_season_number":"","itunes_episode_type":"","footnotes":""},"categories":[16541,16533,16575,16533,16541,16575],"tags":[14128],"gps":[],"class_list":{"0":"post-20935","1":"post","2":"type-post","3":"status-publish","4":"format-standard","5":"has-post-thumbnail","7":"category-bukele","8":"category-autoritarismo","9":"category-el-salvador-es","13":"tag-ideas-en-es"},"acf":[],"_links":{"self":[{"href":"https:\/\/latinoamerica21.com\/es\/wp-json\/wp\/v2\/posts\/20935","targetHints":{"allow":["GET"]}}],"collection":[{"href":"https:\/\/latinoamerica21.com\/es\/wp-json\/wp\/v2\/posts"}],"about":[{"href":"https:\/\/latinoamerica21.com\/es\/wp-json\/wp\/v2\/types\/post"}],"author":[{"embeddable":true,"href":"https:\/\/latinoamerica21.com\/es\/wp-json\/wp\/v2\/users\/517"}],"replies":[{"embeddable":true,"href":"https:\/\/latinoamerica21.com\/es\/wp-json\/wp\/v2\/comments?post=20935"}],"version-history":[{"count":0,"href":"https:\/\/latinoamerica21.com\/es\/wp-json\/wp\/v2\/posts\/20935\/revisions"}],"wp:featuredmedia":[{"embeddable":true,"href":"https:\/\/latinoamerica21.com\/es\/wp-json\/wp\/v2\/media\/20936"}],"wp:attachment":[{"href":"https:\/\/latinoamerica21.com\/es\/wp-json\/wp\/v2\/media?parent=20935"}],"wp:term":[{"taxonomy":"category","embeddable":true,"href":"https:\/\/latinoamerica21.com\/es\/wp-json\/wp\/v2\/categories?post=20935"},{"taxonomy":"post_tag","embeddable":true,"href":"https:\/\/latinoamerica21.com\/es\/wp-json\/wp\/v2\/tags?post=20935"},{"taxonomy":"gps","embeddable":true,"href":"https:\/\/latinoamerica21.com\/es\/wp-json\/wp\/v2\/gps?post=20935"}],"curies":[{"name":"wp","href":"https:\/\/api.w.org\/{rel}","templated":true}]}}