{"id":2496,"date":"2020-10-15T05:50:05","date_gmt":"2020-10-15T08:50:05","guid":{"rendered":"http:\/\/latinoamerica21.com\/?p=2496"},"modified":"2023-08-23T15:46:43","modified_gmt":"2023-08-23T18:46:43","slug":"fake-news-y-pandemia","status":"publish","type":"post","link":"https:\/\/latinoamerica21.com\/es\/fake-news-y-pandemia\/","title":{"rendered":"Fake news y pandemia"},"content":{"rendered":"\n<p><strong><em>Coautora Fernanda Veggetti<\/em><\/strong> \/ La de 2020 no es la primera pandemia que atraves\u00f3 la humanidad ni tampoco ser\u00e1 la \u00faltima. Al menos eso aseguran los expertos. S\u00ed resulta una novedad que esta peste coincidiera con el mayor per\u00edodo de interconectividad que hemos experimentado como especie. Se pensar\u00eda entonces que las complejas redes de informaci\u00f3n y comunicaci\u00f3n de las que disfrutamos en la actualidad, gracias a la vertiginosa aceleraci\u00f3n tecnol\u00f3gica de los \u00faltimos a\u00f1os, podr\u00edan haber sido herramientas \u00fatiles en este contexto.<\/p>\n\n\n\n<p>La capacidad y potencialidad de las nuevas tecnolog\u00edas para producir e intercambiar informaci\u00f3n fidedigna y contrastable, que sirva como base para crear planes de acci\u00f3n conjuntos a escala global que permitan afrontar la emergencia sanitaria es una cara de la moneda. La otra, menos amable, es la de la divulgaci\u00f3n y circulaci\u00f3n casi sin restricciones de informaciones que reproducen medias verdades, mentiras a secas, teor\u00edas conspirativas y, en general, contenidos que generan confusi\u00f3n e impactan en la calidad de la toma de decisiones tanto individuales como colectivas. As\u00ed, tanto la difusi\u00f3n de noticias falsas como el flujo indiscriminado de informaci\u00f3n se han vuelto dos preocupaciones m\u00e1s dentro del extenso cat\u00e1logo del desasosiego que nos va dejando la pandemia. &nbsp;<\/p>\n\n\n\n<blockquote class=\"wp-block-quote is-layout-flow wp-block-quote-is-layout-flow\">\n<p>El exceso de informaci\u00f3n puede generar efectos psicol\u00f3gicos en la poblaci\u00f3n como la depresi\u00f3n y el agotamiento emocional\u00bb<\/p>\n<\/blockquote>\n\n\n\n<p>Ya a principios del mes de mayo la Organizaci\u00f3n Panamericana de la Salud (OPS), junto con la Organizaci\u00f3n Mundial de la Salud (OMS,) public\u00f3 una hoja informativa titulada <em><a href=\"https:\/\/www.paho.org\/es\/documentos\/entender-infodemia-desinformacion-lucha-contra-covid-19\">Entender la infodemia y la desinformaci\u00f3n en la lucha contra la COVID-19<\/a>, <\/em>en la que se advierte sobre las consecuencias tanto de la infodemia (flujo excesivo de informaci\u00f3n, ver\u00eddica o no) como de la desinformaci\u00f3n deliberada. Adem\u00e1s de lo agotador que resulta separar \u201cel trigo de la paja\u201d informativa, el informe indica que en muchos casos la sociedad, \u00e1vida de encontrar explicaciones&nbsp; y respuestas, no estar\u00eda rastreando el origen de las informaciones, verificando su validez, o estar\u00edan obviando el contexto en las que se producen. Por otra parte, el documento asegura que el exceso de informaci\u00f3n puede generar efectos psicol\u00f3gicos en la poblaci\u00f3n como la depresi\u00f3n y el agotamiento emocional. Todo esto, dentro de un clima social en el que ya prevalece la sospecha y la desconfianza.<\/p>\n\n\n\n<p>A pesar del esfuerzo de las dos organizaciones mencionadas, y de otro sinf\u00edn de organismos gubernamentales, no gubernamentales, <a href=\"https:\/\/www.theverge.com\/2020\/6\/11\/21287598\/coronavirus-disinformation-reports-google-facebook-twitter-eu-monthly\">gigantes tecnol\u00f3gicos<\/a> y otros entes a escala mundial, regional y local, la infodemia y el virus de la desinformaci\u00f3n han sido tan dif\u00edciles de combatir como el virus en s\u00ed mismo, especialmente en Latinoam\u00e9rica. \u00bfPor qu\u00e9 sucede esto? Dami\u00e1n Coll, autor del libro <em>En campa\u00f1a, manual de comunicaci\u00f3n pol\u00edtica en redes sociales<\/em>, esboza una explicaci\u00f3n inicial:<\/p>\n\n\n\n<h4 class=\"wp-block-heading has-text-align-left\"><strong><em>Durante la cuarentena se incrementa el \u201ccaldo de cultivo\u201d de toda esta din\u00e1mica porque estamos m\u00e1s expuestos a contenidos de todo tipo, la retroalimentaci\u00f3n entre medios gr\u00e1ficos, televisivos y digitales es mayor, todos se nutren de todos y nosotros abrevamos un poco en todos y recibimos disparadores que nos inspiran a veces a repetir o retuitear, y muchas otras, a reinterpretar y crear nuestras propias versiones. A todos nos gusta ser cronistas de nuestro tiempo, aunque no seamos expertos en nada, ni en pandemias, ni en econom\u00eda, ni en pol\u00edtica internacional, ni en estad\u00edsticas.<\/em><\/strong><\/h4>\n\n\n\n<p>A lo expuesto por Coll, se suma el hecho de que en la regi\u00f3n existen claros problemas para identificar la veracidad de una informaci\u00f3n. De acuerdo a un <a href=\"https:\/\/latam.kaspersky.com\/blog\/70-de-los-latinoamericanos-desconoce-como-detectar-una-fake-news\/17015\/\">estudio realizado por la compa\u00f1\u00eda de ciberseguridad, Kaspersky, junto con la consultora de estudios de mercado chilena, Corpa,<\/a> \u201cel 70% de los latinoamericanos no sabe detectar o no est\u00e1 seguro de reconocer en Internet una noticia falsa de una verdadera\u201d.<\/p>\n\n\n\n<p>En esta misma l\u00ednea, en un art\u00edculo publicado durante el mes de julio por el diario brit\u00e1nico <a href=\"https:\/\/www.theguardian.com\/world\/2020\/jul\/26\/latin-america-coronavirus-tsunami-fake-news\"><em>The Guardian<\/em><\/a> se refleja la preocupaci\u00f3n por el \u201ctsunami de desinformaci\u00f3n\u201d que vive la regi\u00f3n. La desinformaci\u00f3n (se se\u00f1ala en el art\u00edculo) crea confusi\u00f3n entre la poblaci\u00f3n y dificulta el combate eficiente en contra del virus de la pandemia. La lista de informaciones falsas recopiladas por la pieza de <em>The Guardian<\/em> va &nbsp;desde lo \u201cpintoresco\u201d (<a href=\"https:\/\/www.chiapasparalelo.com\/noticias\/chiapas\/2020\/05\/impiden-entrada-a-fumigadores-de-dengue-por-rumor-de-que-esparcerian-el-covid-19-en-venustiano-carranza\/\">\u201cImpiden entrada a fumigadores de dengue por rumor de que esparcir\u00edan la COVID-19 en Venustiano Carranza\u201d;<\/a> <a href=\"https:\/\/www.ambito.com\/informacion-general\/china\/estrello-su-auto-contra-la-embajada-y-dijo-que-la-cia-esta-detras-del-covid-19-n5111861\">\u201cEstrell\u00f3 su auto contra la embajada de China y dijo que \u00b4la CIA est\u00e1 detr\u00e1s del COVID-19&#8243;),<\/a> hasta lo directamente peligroso. En esta \u00faltima categor\u00eda se enmarcan, sobre todo, las informaciones sobre recetas m\u00e1gicas, especias, p\u00f3cimas y otros remedios milagrosos que, en el mejor de los casos, no servir\u00edan para nada en contra de la pandemia de la COVID-19, pero que en el peor de los casos podr\u00edan afectar la salud de la persona que los consume.<\/p>\n\n\n\n<p>Durante el mes de abril, el <a href=\"https:\/\/www.lanacion.com.ar\/el-mundo\/fake-news-medicas-panico-desinformacion-coronavirus-nid2355645\">Grupo de Diarios Am\u00e9rica (GDA)<\/a>, que agrupa a varios de los principales diarios de la regi\u00f3n, tambi\u00e9n se tom\u00f3 el trabajo de listar algunas de las informaciones falsas de mayor transcendencia en los pa\u00edses en los que circulan. A las cadenas que divulgaban supuestos medicamentos efectivos contra la pandemia, se les sum\u00f3 toda una serie de rumores y noticias falsas relacionadas con la enfermedad.<\/p>\n\n\n\n<p>Pero \u00bfc\u00f3mo se viralizan estas informaciones? \u00bfSu reproducci\u00f3n est\u00e1 ligada \u00fanicamente a la ingenuidad de los usuarios o existen otras variables en juego? Para casi nadie es un secreto el uso de los famosos<em> bots<\/em> y <em>trolls <\/em>en campa\u00f1as en las que se busca establecer cierto clima de opini\u00f3n p\u00fablica. Sin embargo, \u00bfson realmente efectivos para tal fin? No existen todav\u00eda estudios sistem\u00e1ticos que demuestren que <em>bots<\/em> y<em> trolls <\/em>tengan la suficiente capacidad para instalar temas de manera significativa dentro de la agenda p\u00fablica.<\/p>\n\n\n\n<p>Sin embargo, lo realmente preocupante de este paisaje en el que conviven <a href=\"https:\/\/latinoamerica21.com\/podcast\/la-libertad-de-prensa-en-america-latina\/\">medios<\/a> tradicionales y no tradicionales, redes sociales (con sus<em> bots<\/em> y sus <em>trolls<\/em>) y servicios de mensajer\u00eda instant\u00e1nea, no parece radicar exclusivamente en la difusi\u00f3n de informaci\u00f3n falsa que pueda llegar a perjudicar la salud f\u00edsica y emocional de las personas en el contexto de la pandemia. Igual de alarmante es que en un momento de gran incertidumbre como el que vivimos, la <a href=\"https:\/\/www.paho.org\/journal\/es\/articulos\/infodemia-tiempos-covid-19\">infodemia<\/a> y la difusi\u00f3n de noticias falsas profundicen los sesgos de confirmaci\u00f3n y contribuyan al empobrecimiento del debate p\u00fablico. Tambi\u00e9n, a la radicalizaci\u00f3n de las posturas ideol\u00f3gicas, justo cuando, para afrontar un enorme desaf\u00edo de salud p\u00fablica, en todas sus etapas requerir\u00e1 de pol\u00edticas consensuadas y acuerdos ciudadanos.<\/p>\n\n\n\n<p><em><sub>Foto de Becker1999 en Foter.com \/ CC BY<\/sub><\/em><\/p>\n","protected":false},"excerpt":{"rendered":"<p>Coautora Fernanda Veggetti<br \/>\nLa de 2020 no es la primera pandemia que atraves\u00f3 la humanidad ni tampoco ser\u00e1 la \u00faltima. Al menos eso aseguran los expertos. S\u00ed resulta una novedad que esta peste coincidiera con el mayor per\u00edodo de interconectividad que hemos experimentado como especie.<\/p>\n","protected":false},"author":28,"featured_media":2497,"comment_status":"closed","ping_status":"closed","sticky":false,"template":"","format":"standard","meta":{"_acf_changed":false,"episode_type":"","audio_file":"","cover_image":"","cover_image_id":"","duration":"","filesize":"","filesize_raw":"","date_recorded":"","explicit":"","block":"","itunes_episode_number":"","itunes_title":"","itunes_season_number":"","itunes_episode_type":"","footnotes":""},"categories":[16548,16548,16551,16551,16553,16553,16495,16495],"tags":[],"gps":[],"class_list":{"0":"post-2496","1":"post","2":"type-post","3":"status-publish","4":"format-standard","5":"has-post-thumbnail","7":"category-pandemia","9":"category-fake-news","11":"category-desinformacion","13":"category-posverdad"},"acf":[],"_links":{"self":[{"href":"https:\/\/latinoamerica21.com\/es\/wp-json\/wp\/v2\/posts\/2496","targetHints":{"allow":["GET"]}}],"collection":[{"href":"https:\/\/latinoamerica21.com\/es\/wp-json\/wp\/v2\/posts"}],"about":[{"href":"https:\/\/latinoamerica21.com\/es\/wp-json\/wp\/v2\/types\/post"}],"author":[{"embeddable":true,"href":"https:\/\/latinoamerica21.com\/es\/wp-json\/wp\/v2\/users\/28"}],"replies":[{"embeddable":true,"href":"https:\/\/latinoamerica21.com\/es\/wp-json\/wp\/v2\/comments?post=2496"}],"version-history":[{"count":0,"href":"https:\/\/latinoamerica21.com\/es\/wp-json\/wp\/v2\/posts\/2496\/revisions"}],"wp:featuredmedia":[{"embeddable":true,"href":"https:\/\/latinoamerica21.com\/es\/wp-json\/wp\/v2\/media\/2497"}],"wp:attachment":[{"href":"https:\/\/latinoamerica21.com\/es\/wp-json\/wp\/v2\/media?parent=2496"}],"wp:term":[{"taxonomy":"category","embeddable":true,"href":"https:\/\/latinoamerica21.com\/es\/wp-json\/wp\/v2\/categories?post=2496"},{"taxonomy":"post_tag","embeddable":true,"href":"https:\/\/latinoamerica21.com\/es\/wp-json\/wp\/v2\/tags?post=2496"},{"taxonomy":"gps","embeddable":true,"href":"https:\/\/latinoamerica21.com\/es\/wp-json\/wp\/v2\/gps?post=2496"}],"curies":[{"name":"wp","href":"https:\/\/api.w.org\/{rel}","templated":true}]}}