{"id":2613,"date":"2020-10-28T07:17:26","date_gmt":"2020-10-28T10:17:26","guid":{"rendered":"http:\/\/latinoamerica21.com\/?p=2613"},"modified":"2023-08-18T18:27:59","modified_gmt":"2023-08-18T21:27:59","slug":"chile-el-final-de-un-ciclo-y-lo-que-esta-por-venir","status":"publish","type":"post","link":"https:\/\/latinoamerica21.com\/es\/chile-el-final-de-un-ciclo-y-lo-que-esta-por-venir\/","title":{"rendered":"Chile: el final de un ciclo y lo que viene"},"content":{"rendered":"\n<p>El sorprendente resultado del refer\u00e9ndum de Chile del 25 de octubre de 2020, que consagr\u00f3 la elecci\u00f3n popular de una nueva Constituci\u00f3n que ser\u00e1 elaborada por una Asamblea Constituyente (Convenci\u00f3n Constituyente), elegida exclusivamente para este fin, lleva varios simbolismos. Sobre todo, pone fin a un largo per\u00edodo de sometimiento de la sociedad chilena a un marco jur\u00eddico ileg\u00edtimo. Pero m\u00e1s all\u00e1 del ciclo que termina, es dif\u00edcil predecir el contenido de lo que lo remplazar\u00e1.<\/p>\n\n\n\n<p>En primer lugar, hay que reconocer la ilegitimidad de la Constituci\u00f3n de 1980, redactada por la dictadura militar que fue dirigida por Augusto Pinochet y que impuso dicha carta magna mediante un simulacro de plebiscito. M\u00e1s tarde, cuando la oposici\u00f3n democr\u00e1tica acept\u00f3 participar en el plebiscito de 1988, y a trav\u00e9s de la campa\u00f1a por el <em>No,<\/em> derrotaron la alternativa de continuidad de Pinochet en las urnas, no hab\u00eda mucho que celebrar. La participaci\u00f3n tambi\u00e9n simbolizaba un reconocimiento t\u00e1cito de las instituciones de Pinochet, y se consagraba a la \u00abtransici\u00f3n conservadora\u00bb que puso fin a la dictadura sin conducir a una democracia plena. Con la victoria de 1988, las fuerzas democr\u00e1ticas no ten\u00edan otra salida que negociar con la dictadura, y hacerlo en el campo elegido por ella, bajo sus reglas, con sus \u00e1rbitros y con su bal\u00f3n.&nbsp;&nbsp;&nbsp;<\/p>\n\n\n\n<p>Como consecuencia, los an\u00e1lisis de la ciencia pol\u00edtica hegem\u00f3nica que informaron de una interminable \u00abtransici\u00f3n a la democracia\u00bb en Chile se hicieron famosos a lo largo de los a\u00f1os 90. De hecho, no se trataba de una transici\u00f3n interminable, sino de la transici\u00f3n que ya se hab\u00eda completado a una democracia limitada de muy baja intensidad.<\/p>\n\n\n\n<blockquote class=\"wp-block-quote is-layout-flow wp-block-quote-is-layout-flow\">\n<p>Durante d\u00e9cadas se discutir\u00e1 si el fin de la dictadura podr\u00eda haber sido diferente\u00bb<\/p>\n<\/blockquote>\n\n\n\n<p>Durante d\u00e9cadas se discutir\u00e1 si el fin de la dictadura en Chile podr\u00eda haber sido diferente, o si la Concertaci\u00f3n de Partidos por la Democracia (la oposici\u00f3n que gan\u00f3 la mayor parte de las siguientes elecciones presidenciales) podr\u00eda haber avanzado m\u00e1s decididamente por el camino de las reformas democr\u00e1ticas y sociales y en el ajuste de cuentas con el pasado.<\/p>\n\n\n\n<p>En todo caso, se trataba entonces de una sociedad marcada por el trauma y reorganizada por el \u00ablaboratorio neoliberal\u00bb, que inaugur\u00f3 la dictadura en los \u00faltimos a\u00f1os 70. La nueva sociedad neoliberal de Chile que surgi\u00f3 de la dictadura se present\u00f3 internacionalmente como un caso neoliberal exitoso. La estabilidad pol\u00edtica y las altas tasas de crecimiento econ\u00f3mico no permitieron a la gran mayor\u00eda de los analistas vislumbrar lo que podr\u00eda estar ocurriendo bajo tierra, los magmas que podr\u00edan estar movi\u00e9ndose.&nbsp;&nbsp;&nbsp;&nbsp;&nbsp;<\/p>\n\n\n\n<p><strong>Hasta el colapso social del 18 de octubre de 2019<\/strong><\/p>\n\n\n\n<p>No era exactamente un \u00abrayo en el cielo azul\u00bb. Ya se hab\u00edan producido varios movimientos de protesta importantes en a\u00f1os anteriores, como el movimiento de estudiantes de secundaria de 2006 (la \u00abrevoluci\u00f3n de los ping\u00fcinos\u00bb). Pero nada como la tormenta social que ocup\u00f3 las calles durante meses y llev\u00f3 a la aparici\u00f3n de asambleas ciudadanas y barricadas por todas partes (adem\u00e1s de los cientos de edificios p\u00fablicos y estaciones de metro destruidos) y tuvo como punto culminante la manifestaci\u00f3n del 25 de octubre de 2019, la m\u00e1s grande de la historia de Chile. Lo inesperado ocurri\u00f3 en el pa\u00eds modelo. Ni siquiera siglos de la corriente principal de la ciencia pol\u00edtica pudo preverlo.<\/p>\n\n\n\n<p>M\u00e1s all\u00e1 de la violencia popular que estall\u00f3 en varios momentos durante la rebeli\u00f3n, no hay que olvidar a los muertos, heridos, violados y humillados por las fuerzas policiales (de los 411 con lesiones en el globo ocular, por ejemplo). En todo caso, este autor ha estado en Santiago de Chile durante todo el per\u00edodo, y ha podido ver, adem\u00e1s de los ocasionales arrebatos de ira, violencia y depredaci\u00f3n, la esperanza, la alegr\u00eda y la liberaci\u00f3n en los ojos de cada manifestante, cada dama, cada joven presente en las protestas.<\/p>\n\n\n\n<p>Si la explosi\u00f3n hab\u00eda comenzado con el aumento de las tarifas del metro, pronto surgieron varios manifestantes, casi tantos como los que hab\u00eda en las <a href=\"https:\/\/www.bbc.com\/mundo\/noticias-america-latina-54594783\">protestas<\/a>. Sin embargo, r\u00e1pidamente se impusieron las demandas de una nueva Constituci\u00f3n, de reformas en los sistemas privados de pensiones y de la dimisi\u00f3n del presidente de la derecha, Sebasti\u00e1n Pi\u00f1era. Tambi\u00e9n fue sorprendente el surgimiento de los asuntos de la igualdad de g\u00e9nero y la soberan\u00eda mapuche (con su bandera enarbolada como icono de las manifestaciones).&nbsp;<\/p>\n\n\n\n<blockquote class=\"wp-block-quote is-layout-flow wp-block-quote-is-layout-flow\">\n<p>La revuelta social sin liderazgo se canaliz\u00f3 hacia el cambio institucional\u00bb<\/p>\n<\/blockquote>\n\n\n\n<p>La revuelta social sin liderazgo se canaliz\u00f3 hacia el cambio institucional, en un acuerdo que implic\u00f3 a la mayor\u00eda de las fuerzas pol\u00edticas que trataban de entender, contener o aprovechar la movilizaci\u00f3n. Pi\u00f1era permaneci\u00f3, aunque al final de su mandato. La reforma de las pensiones sigue siendo objeto de debate. Y se acord\u00f3 celebrar un plebiscito para decidir si habr\u00eda un <a href=\"https:\/\/latinoamerica21.com\/podcast\/integridad-electoral-en-america-latina\/\">electorado<\/a> y c\u00f3mo ser\u00eda, en lugar de convocarlo de inmediato.<\/p>\n\n\n\n<p>As\u00ed pues, despu\u00e9s de un a\u00f1o de incertidumbre y aplazamiento (con la pandemia de la COVID-19 interrumpiendo a\u00fan m\u00e1s el proceso), el plebiscito finalmente tuvo lugar. El 78% aprob\u00f3 la redacci\u00f3n de la nueva Constituci\u00f3n, el 79% defini\u00f3 que sus autores ser\u00e1n asambleas elegidas solo para este fin (la otra opci\u00f3n \u00abmixta\u00bb ser\u00eda con la mitad de la asamblea compuesta por los actuales congresistas).<\/p>\n\n\n\n<p>Un terremoto social que rompi\u00f3 el bloqueo institucional y la cristalizaci\u00f3n pol\u00edtica que se ven\u00eda arrastrando desde 1988, y puso en suspenso el modelo neoliberal internacionalmente glorificado. Una vez contados los votos del plebiscito, \u00bfd\u00f3nde puede ir esta clara opci\u00f3n de cambio? A\u00fan quedan algunas puntos por definir en relaci\u00f3n con la Asamblea Constituyente. Habr\u00e1 paridad de g\u00e9nero, un <em>quorum<\/em> de dos tercios y un refer\u00e9ndum \u00absaliente\u00bb. Sin embargo, a\u00fan no est\u00e1 claro con precisi\u00f3n cu\u00e1ndo comenzar\u00e1, cu\u00e1nto tiempo durar\u00e1 y si la redacci\u00f3n de la carta comenzar\u00e1 realmente desde cero (\u00abhoja en blanco\u00bb) o tomar\u00e1 como base algo de la actual Constituci\u00f3n.<\/p>\n\n\n\n<p>En cuanto a las calles, no se sabe si la insatisfacci\u00f3n se ha canalizado definitivamente hacia la v\u00eda institucional. El mantenimiento de la movilizaci\u00f3n popular ser\u00e1 fundamental para determinar si las transformaciones ir\u00e1n en la direcci\u00f3n de cambios en el sistema pol\u00edtico, adem\u00e1s de algunas reformas en el modelo neoliberal o si se dirigir\u00e1n hacia cambios m\u00e1s estructurales.<\/p>\n\n\n\n<p>Lo que se sabe es que estamos asistiendo al final de un ciclo en Chile, pero es dif\u00edcil proyectar lo que lo remplazar\u00e1. En cualquier caso, aunque al final no se alcance todo el potencial contenido en la ruptura social, al menos la sociedad chilena tendr\u00e1 finalmente una Constituci\u00f3n leg\u00edtima, lo que no es poca cosa. No obstante, las \u00abgrandes avenidas\u00bb siguen abiertas para la posibilidad de desarrollar una democracia de fuerte intensidad y reconstruir la organizaci\u00f3n social. Con esto, Chile se alejar\u00eda de dos premisas centrales del neoliberalismo: el autoritarismo y el individualismo.<\/p>\n\n\n\n<p>As\u00ed que todo el proceso podr\u00eda ser de una importancia a\u00fan m\u00e1s trascendental de lo que ya ha asumido. Podr\u00eda proyectar a Am\u00e9rica Latina y al mundo un mensaje de m\u00e1s democracia y m\u00e1s derechos, en medio de un contexto regional y mundial de avance de todo tipo de autoritarismo y exclusi\u00f3n.<\/p>\n\n\n\n<p><em><sub>Foto de la ONG Movilh en Foter.com \/ CC BY-NC-ND<\/sub><\/em><\/p>\n","protected":false},"excerpt":{"rendered":"<p>El resultado del refer\u00e9ndum de Chile del 25 de octubre pone fin a un largo per\u00edodo de sometimiento de la sociedad chilena a un marco jur\u00eddico ileg\u00edtimo. Pero m\u00e1s all\u00e1 del ciclo que termina, es dif\u00edcil predecir el contenido de lo que lo remplazar\u00e1.<\/p>\n","protected":false},"author":142,"featured_media":2614,"comment_status":"closed","ping_status":"closed","sticky":false,"template":"","format":"standard","meta":{"_acf_changed":false,"episode_type":"","audio_file":"","cover_image":"","cover_image_id":"","duration":"","filesize":"","filesize_raw":"","date_recorded":"","explicit":"","block":"","itunes_episode_number":"","itunes_title":"","itunes_season_number":"","itunes_episode_type":"","footnotes":""},"categories":[16481,16481,16497,16497,16532,16532,16521,16521],"tags":[],"gps":[],"class_list":{"0":"post-2613","1":"post","2":"type-post","3":"status-publish","4":"format-standard","5":"has-post-thumbnail","7":"category-dictadura","9":"category-democracia","11":"category-protestas","13":"category-chile-es"},"acf":[],"_links":{"self":[{"href":"https:\/\/latinoamerica21.com\/es\/wp-json\/wp\/v2\/posts\/2613","targetHints":{"allow":["GET"]}}],"collection":[{"href":"https:\/\/latinoamerica21.com\/es\/wp-json\/wp\/v2\/posts"}],"about":[{"href":"https:\/\/latinoamerica21.com\/es\/wp-json\/wp\/v2\/types\/post"}],"author":[{"embeddable":true,"href":"https:\/\/latinoamerica21.com\/es\/wp-json\/wp\/v2\/users\/142"}],"replies":[{"embeddable":true,"href":"https:\/\/latinoamerica21.com\/es\/wp-json\/wp\/v2\/comments?post=2613"}],"version-history":[{"count":0,"href":"https:\/\/latinoamerica21.com\/es\/wp-json\/wp\/v2\/posts\/2613\/revisions"}],"wp:featuredmedia":[{"embeddable":true,"href":"https:\/\/latinoamerica21.com\/es\/wp-json\/wp\/v2\/media\/2614"}],"wp:attachment":[{"href":"https:\/\/latinoamerica21.com\/es\/wp-json\/wp\/v2\/media?parent=2613"}],"wp:term":[{"taxonomy":"category","embeddable":true,"href":"https:\/\/latinoamerica21.com\/es\/wp-json\/wp\/v2\/categories?post=2613"},{"taxonomy":"post_tag","embeddable":true,"href":"https:\/\/latinoamerica21.com\/es\/wp-json\/wp\/v2\/tags?post=2613"},{"taxonomy":"gps","embeddable":true,"href":"https:\/\/latinoamerica21.com\/es\/wp-json\/wp\/v2\/gps?post=2613"}],"curies":[{"name":"wp","href":"https:\/\/api.w.org\/{rel}","templated":true}]}}