{"id":2823,"date":"2020-11-17T13:32:42","date_gmt":"2020-11-17T16:32:42","guid":{"rendered":"http:\/\/latinoamerica21.com\/?p=2823"},"modified":"2023-10-24T10:39:08","modified_gmt":"2023-10-24T13:39:08","slug":"borrador-automno-es-la-latinoamericanizacion-es-el-populismoatico","status":"publish","type":"post","link":"https:\/\/latinoamerica21.com\/es\/borrador-automno-es-la-latinoamericanizacion-es-el-populismoatico\/","title":{"rendered":"Pol\u00edtica: \u201clatinoamericanizaci\u00f3n\u00bb vs.  populismo"},"content":{"rendered":"\n<p>Las elecciones presidenciales del pasado 3 de noviembre en Estados Unidos se caracterizaron por una sucesi\u00f3n de actitudes y comportamientos que han generado inquietud tanto a \u00e9lites como a ciudadanos. Las denuncias de fraude y la negaci\u00f3n de los resultados por parte de Donald Trump han provocado preocupaci\u00f3n no solo en el partido Dem\u00f3crata, sino tambi\u00e9n entre algunos dirigentes del partido Republicano. El sistema ha sido atacado y la solidez de la democracia norteamericana, tan ic\u00f3nica desde el mito fundacional, puesta en duda. Una vez confirmada la victoria del candidato dem\u00f3crata Joe Biden, el comportamiento del presidente saliente no ha dejado a nadie indiferente. Acusaciones sin fundamento de fraude electoral, afirmaciones sobre una victoria \u201cconvincente\u201d y la confusi\u00f3n al llamar a los votos por correo como ilegales han hecho que, para algunos analistas, la pol\u00edtica en Estados Unidos se haya \u201clatinoamericanizado\u201d.<\/p>\n\n\n\n<blockquote class=\"wp-block-quote is-layout-flow wp-block-quote-is-layout-flow\">\n<p>\u00bfNorteam\u00e9rica se resiste a admitir que sufre por primera vez en sus carnes el fen\u00f3meno del populismo?\u00bb<\/p>\n<\/blockquote>\n\n\n\n<p>Pero \u00bfrealmente existe el concepto de <a href=\"https:\/\/latinoamerica21.com\/podcast\/integracion-latinoamericana\/\">\u201clatinoamericanizaci\u00f3n\u201d<\/a> como tal o es que, en realidad, Norteam\u00e9rica se resiste a admitir que sufre por primera vez en sus carnes el fen\u00f3meno del populismo? Al emplear el t\u00e9rmino \u201clatinoamericanizaci\u00f3n\u201d, los l\u00edderes de opini\u00f3n son incapaces de explicar todo lo que esconde la nueva situaci\u00f3n pol\u00edtica de Estados Unidos.&nbsp;M\u00e1s bien, parece que este concepto \u00fanicamente es usado de forma peyorativa para criticar el comportamiento de Donald Trump. Si tomamos referentes te\u00f3ricos que nos permitan categorizar lo que ha dicho y hecho el hasta ahora presidente, podr\u00edamos encontrar rasgos cercanos al populismo.<\/p>\n\n\n\n<p>El populismo se sustenta en un l\u00edder carism\u00e1tico que se erige como gu\u00eda de su pueblo, infantiliz\u00e1ndolo. Carga sobre sus hombros un mandato (en algunos casos divino) para lograr el progreso, bienestar y una sociedad feliz, pero enfrent\u00e1ndose a quienes se oponen al proyecto del \u201cinfalible\u201d l\u00edder y los identifica como los \u201catrasapueblos\u201d, la \u201coligarqu\u00eda\u201d, &nbsp;o con un sinn\u00famero de t\u00e9rminos peyorativos. El l\u00edder no admite competencia ni oposici\u00f3n al ser \u00e9l&nbsp; quien \u201cmejor\u201d conoce las necesidades de la gente y, sobre todo, es el \u00fanico que tiene la \u201cf\u00f3rmula m\u00e1gica\u201d para atenderlas. De este modo, las acciones del l\u00edder se convierten en una lucha del bien contra el mal, del \u201cmes\u00edas\u201d contra los \u201cenemigos del pueblo\u201d.<\/p>\n\n\n\n<p>Y en Am\u00e9rica Latina, el populismo ha encontrado tradicionalmente un caldo de cultivo perfecto para integrarse en la cultura pol\u00edtica de sus pa\u00edses. Se ha sustentado, sobre todo, en la movilizaci\u00f3n pol\u00edtica de sectores excluidos, que han encontrado en estos liderazgos la forma de involucrarse en la disputa del poder, y tambi\u00e9n de depositar sus expectativas de soluci\u00f3n a sus problemas ante la percepci\u00f3n de ineficacia de las instituciones pol\u00edticas. No es patrimonio ni de la izquierda ni de la derecha, sino de todos aquellos que, sinti\u00e9ndose apartados del sistema, conf\u00edan en un mes\u00edas que rompa con las viejas estructuras de poder que dejan sin oportunidades a miles de personas.<\/p>\n\n\n\n<p>Desde <a href=\"https:\/\/artsandculture.google.com\/entity\/get%C3%BAlio-vargas\/m01djwt?hl=es\">Get\u00falio Vargas<\/a>, Jorge Eli\u00e9cer Gait\u00e1n, L\u00e1zaro C\u00e1rdenas, Carlos Menem, Jos\u00e9 Mar\u00eda Velasco Ibarra y Juan Domingo Per\u00f3n en el siglo XX, llegamos a Hugo Ch\u00e1vez, Rafael Correa, Lula da Silva y Alberto Fujimori en el actual siglo. Pero hace tiempo que el populismo traspas\u00f3 las fronteras latinoamericanas, tal como demuestran los liderazgos de Marine Le Pen en Francia, Pablo Iglesias en Espa\u00f1a o Matteo Salvini en Italia. Esto, \u00bfsignificar\u00eda que existe una \u201clatinoamericanizaci\u00f3n\u201d en algunos pa\u00edses de Europa? De ninguna manera.<\/p>\n\n\n\n<blockquote class=\"wp-block-quote is-layout-flow wp-block-quote-is-layout-flow\">\n<p>El populismo ha sido una caracter\u00edstica de la pol\u00edtica en Am\u00e9rica Latina, s\u00ed, pero esto no quiere decir que exista una categor\u00eda anal\u00edtica denominada &#8216;latinoamericanizaci\u00f3n\u201d<\/p>\n<\/blockquote>\n\n\n\n<p>El populismo ha sido una caracter\u00edstica de la pol\u00edtica en Am\u00e9rica Latina, s\u00ed, pero esto no quiere decir que exista una categor\u00eda anal\u00edtica denominada \u201clatinoamericanizaci\u00f3n\u201d. Simple y llanamente, es populismo. Un populismo que ha logrado penetrar en sociedades con democracias aparentemente m\u00e1s consolidadas que las latinoamericanas y que han puesto en jaque por primera vez a las instituciones y creado fracturas sociales nunca antes vistas.<\/p>\n\n\n\n<p>El Estados Unidos actual es un ejemplo.&nbsp;El discurso de Trump ejemplifica la encarnaci\u00f3n de la voluntad popular en el l\u00edder (\u201cla gente grita PARAR EL CONTEO Y DEMANDAMOS TRANSPARENCIA\u201d), la utilizaci\u00f3n de las instituciones democr\u00e1ticas para llegar al poder y su posterior rechazo (\u201clas maquinarias de las grandes ciudades son corruptas, esta es una elecci\u00f3n robada\u201d), la distinci\u00f3n de un \u201cnosotros\u201d frente a un \u201cellos\u201d en la dicotom\u00eda del \u201cbueno\u201d <em>vs<\/em>. el \u201cmalo\u201d (\u201cnosotros hemos ganado las elecciones si se cuentan los votos legales\u201d, \u201clos dem\u00f3cratas son comunistas, aliados de Fidel Castro\u201d), un discurso polarizador (\u201cesto es un fraude para el p\u00fablico estadounidense y una verg\u00fcenza para nuestro pa\u00eds\u201d) y la lucha moral y \u00e9tica del pueblo encabezada por un dirigente liberador.<\/p>\n\n\n\n<p>Las actitudes del presidente Trump han sentado un precedente nefasto en la historia de los Estados Unidos. Lo sucedido puede socavar la confianza en las instituciones, debilit\u00e1ndolas, y creando un espacio para que, en el futuro, existan pol\u00edticos con la misma pr\u00e1ctica populista, desconozcan la institucionalidad democr\u00e1tica, pero afectando con ello al Estado de derecho y atentando contra la calidad de la democracia en un pa\u00eds que, hist\u00f3ricamente, ha sido referente para las poliarqu\u00edas occidentales.<\/p>\n\n\n\n<p>El reto, para el pr\u00f3ximo Gobierno, aparte de reconciliar a un pa\u00eds dividido, es fortalecer la confianza de su poblaci\u00f3n en la democracia y en el propio sistema pol\u00edtico estadounidense a trav\u00e9s de una respuesta eficaz a las principales demandas de su gente. Esto permitir\u00e1 fortalecer la confianza en la institucionalidad antes que en los liderazgos \u201cmesi\u00e1nicos\u201d en la pol\u00edtica. El desaf\u00edo para el Gobierno dem\u00f3crata est\u00e1 lejos de finalizar; reci\u00e9n empieza.<\/p>\n\n\n\n<hr class=\"wp-block-separator has-css-opacity\"\/>\n\n\n\n<p class=\"has-text-align-right\"><strong><em>Episodio relacionado de nuestro&nbsp;<a href=\"http:\/\/latinoamerica21.com\/podcast\/\">podcast<\/a><\/em><\/strong>:<\/p>\n\n\n\n<figure class=\"wp-block-embed is-type-rich is-provider-spotify wp-block-embed-spotify wp-embed-aspect-21-9 wp-has-aspect-ratio\"><div class=\"wp-block-embed__wrapper\">\n<iframe title=\"Spotify Embed: Crisis de la democracia en Latinoam\u00e9rica\" style=\"border-radius: 12px\" width=\"100%\" height=\"152\" frameborder=\"0\" allowfullscreen allow=\"autoplay; clipboard-write; encrypted-media; fullscreen; picture-in-picture\" loading=\"lazy\" src=\"https:\/\/open.spotify.com\/embed\/episode\/3XBfbiL2vbQuBv8hsX3iGD?si=cu-pvqggSLWPRnORxPODrQ&#038;utm_source=oembed\"><\/iframe>\n<\/div><\/figure>\n\n\n\n<p><em><sub>Foto del Palacio del Planalto en Foter.com \/ CC BY<\/sub><\/em><\/p>\n","protected":false},"excerpt":{"rendered":"<p>Las denuncias de fraude y la negaci\u00f3n de los resultados por parte de Donald Trump han provocado preocupaci\u00f3n no solo en el partido Dem\u00f3crata, sino tambi\u00e9n entre algunos l\u00edderes del partido Republicano. El sistema ha sido atacado y la solidez de la democracia norteamericana, puesta en duda.<\/p>\n","protected":false},"author":130,"featured_media":2828,"comment_status":"closed","ping_status":"closed","sticky":false,"template":"","format":"standard","meta":{"_acf_changed":false,"episode_type":"","audio_file":"","cover_image":"","cover_image_id":"","duration":"","filesize":"","filesize_raw":"","date_recorded":"","explicit":"","block":"","itunes_episode_number":"","itunes_title":"","itunes_season_number":"","itunes_episode_type":"","footnotes":""},"categories":[16514,16514,16567,16567,16504,16504],"tags":[],"gps":[],"class_list":{"0":"post-2823","1":"post","2":"type-post","3":"status-publish","4":"format-standard","5":"has-post-thumbnail","7":"category-donald-trump","9":"category-joe-biden","11":"category-populismo"},"acf":[],"_links":{"self":[{"href":"https:\/\/latinoamerica21.com\/es\/wp-json\/wp\/v2\/posts\/2823","targetHints":{"allow":["GET"]}}],"collection":[{"href":"https:\/\/latinoamerica21.com\/es\/wp-json\/wp\/v2\/posts"}],"about":[{"href":"https:\/\/latinoamerica21.com\/es\/wp-json\/wp\/v2\/types\/post"}],"author":[{"embeddable":true,"href":"https:\/\/latinoamerica21.com\/es\/wp-json\/wp\/v2\/users\/130"}],"replies":[{"embeddable":true,"href":"https:\/\/latinoamerica21.com\/es\/wp-json\/wp\/v2\/comments?post=2823"}],"version-history":[{"count":0,"href":"https:\/\/latinoamerica21.com\/es\/wp-json\/wp\/v2\/posts\/2823\/revisions"}],"wp:featuredmedia":[{"embeddable":true,"href":"https:\/\/latinoamerica21.com\/es\/wp-json\/wp\/v2\/media\/2828"}],"wp:attachment":[{"href":"https:\/\/latinoamerica21.com\/es\/wp-json\/wp\/v2\/media?parent=2823"}],"wp:term":[{"taxonomy":"category","embeddable":true,"href":"https:\/\/latinoamerica21.com\/es\/wp-json\/wp\/v2\/categories?post=2823"},{"taxonomy":"post_tag","embeddable":true,"href":"https:\/\/latinoamerica21.com\/es\/wp-json\/wp\/v2\/tags?post=2823"},{"taxonomy":"gps","embeddable":true,"href":"https:\/\/latinoamerica21.com\/es\/wp-json\/wp\/v2\/gps?post=2823"}],"curies":[{"name":"wp","href":"https:\/\/api.w.org\/{rel}","templated":true}]}}