{"id":2847,"date":"2020-11-20T08:45:50","date_gmt":"2020-11-20T11:45:50","guid":{"rendered":"http:\/\/latinoamerica21.com\/?p=2847"},"modified":"2023-07-19T17:27:42","modified_gmt":"2023-07-19T20:27:42","slug":"el-dano-que-causa-la-democracia","status":"publish","type":"post","link":"https:\/\/latinoamerica21.com\/es\/el-dano-que-causa-la-democracia\/","title":{"rendered":"El da\u00f1o que causa la democracia"},"content":{"rendered":"\n<p>Una vez m\u00e1s, polit\u00f3logos ortodoxos y dem\u00f3cratas internacionales se asustaron y, mientras aprend\u00edan que esa puntita all\u00e1 arriba se llama Michigan, y al lado est\u00e1 <em>Guisconsi<\/em>, y todas tienen muchos electores, y c\u00f3mo tanta gente vota a Donald Trump, y cu\u00e1nto tardan en contar los votos, volvi\u00f3 a la agenda el punto de si la democracia est\u00e1 en peligro.<\/p>\n\n\n\n<p>Una gran parte de la ciencia pol\u00edtica se convirti\u00f3 en ciencia de, por y para la democracia. Democracia como fin, no como medio. Democracia reificada. Y mientras se discuten procedimientos y conceptualizaciones, la democracia disemina valores preocupantes. Y es ah\u00ed donde est\u00e1 el mayor problema de su sustentabilidad. La democracia le causa da\u00f1os fuertes a la democracia.<\/p>\n\n\n\n<p>Hace a\u00f1os discuto estas cuestiones con colegas, y por qu\u00e9 no debutar en <em>Latinoam\u00e9rica 21<\/em> ampliando el campo de combate.<\/p>\n\n\n\n<blockquote class=\"wp-block-quote is-layout-flow wp-block-quote-is-layout-flow\">\n<p>Cuando Fukuyama estableci\u00f3 el triunfo de la democracia y el final de la historia, se refer\u00eda al r\u00e9gimen como condici\u00f3n de posibilidad de una vida digna\u00bb<\/p>\n<\/blockquote>\n\n\n\n<p>Cuando Fukuyama estableci\u00f3 el triunfo de la democracia y el final de la historia, se refer\u00eda al r\u00e9gimen como condici\u00f3n de posibilidad de una vida digna. La democracia era el medio, pero lo importante son los valores (simb\u00f3licos y materiales) de una vida que vale la pena ser vivida. Diferentes trabajos (junto a Carlos Peris hablamos de eso en <em>Merging legality with illegalities<\/em>) muestran c\u00f3mo la tolerancia social a los mercados ilegales se consolida cuando garantizan fines que la democracia deber\u00eda garantizar, pero para los cuales se ha demostrado inefectiva: generar trabajo y rendimiento econ\u00f3mico, protecci\u00f3n, justicia, previsibilidad y perspectiva de un futuro mejor.<\/p>\n\n\n\n<p>Nadie quiere democracia para morirse de hambre. La discusi\u00f3n sobre calidad o sustentabilidad de la democracia es una cuesti\u00f3n burguesa, que, no obstante, se torna divertida despu\u00e9s del cuarto <em>whisky<\/em> (de malta y de por lo menos 15 a\u00f1os, por favor).<\/p>\n\n\n\n<ul class=\"wp-block-list\">\n<li>Libertad, por ejemplo. A la democracia subyace la idea de libertad \u2015me responde un polit\u00f3logo que sabe tanto de democracia como de fiestas.<\/li>\n<\/ul>\n\n\n\n<p>L\u00f3gico, en un momento dado de su vida, \u00e9l debi\u00f3 huir de su pa\u00eds. Yo tuve la suerte de decidir dejar el m\u00edo. Libremente. La libertad, en este caso, es un valor. \u00bfEst\u00e1 dispuesta la ciudadan\u00eda a perder libertad en las democracias actuales?<\/p>\n\n\n\n<p>Cuando los <em>reality shows<\/em> comenzaron a ofrecer vida p\u00fablica y, si te portas bien, fama, millones de j\u00f3venes se postularon para el encierro. Lo rid\u00edculo lleg\u00f3 en 2005, cuando en Alemania se anunci\u00f3 que se realizar\u00eda un<em> Gran Hermano<\/em> de por vida en un pueblo artificial de 15.000 metros cuadrados. La propuesta tuvo m\u00e1s de 25.000 candidatos.<\/p>\n\n\n\n<p>El esc\u00e1ndalo Odebrecht gener\u00f3 un terremoto en la <a href=\"https:\/\/latinoamerica21.com\/podcast\/el-liberalismo-en-america-latina\/\">regi\u00f3n<\/a> por sacar a la luz lo que todos sab\u00edamos que pasaba (y que sigue pasando). Mientras la democracia peruana agoniza por sus secuelas, por ejemplo, el propio Odebrecht cumple prisi\u00f3n domiciliaria en su mansi\u00f3n. Millones de latinoamericanos saldr\u00edan a causar m\u00e1s de un holocausto si les garantizaran que deber\u00e1n cumplir su reclusi\u00f3n en una mansi\u00f3n como la de <em>Odi<\/em>. Ay, la democracia.<\/p>\n\n\n\n<p>Libertad s\u00ed o s\u00ed, clama un candidato libertario en Argentina, mientras, libremente, unos pol\u00edticos chilenos se olvidan de actualizar sus datos catastrales. Libertad s\u00ed o no, ironiza Alejandro Dolina: si no, no tenemos libertad de escoger.<\/p>\n\n\n\n<ul class=\"wp-block-list\">\n<li>\u00bfQu\u00e9 tiene de dif\u00edcil el concepto de democracia? \u2015me pregunt\u00f3 otro que de an\u00e1lisis pol\u00edticos sabe m\u00e1s que la mayor\u00eda y casi tanto como Osvaldo Soriano\u2015. El que pierda las elecciones, se va sin chistar. Eso es.<\/li>\n<\/ul>\n\n\n\n<p>\u00a1Cagamos! \u00bfQu\u00e9 vamos a hacer ahora que la democracia se esfum\u00f3 en los <em>iunaitestei<\/em>?<\/p>\n\n\n\n<p>Otro que tambi\u00e9n sabe mucho dice que la democracia contempor\u00e1nea est\u00e1 caracterizada por la libertad de expresi\u00f3n, los partidos pol\u00edticos y las elecciones regulares. Menos mal que est\u00e1n las \u00faltimas dos, porque los canales gringos censuraron en vivo \u00a1al presidente!<\/p>\n\n\n\n<ul class=\"wp-block-list\">\n<li>Est\u00e1 mintiendo \u2015dijeron, y Evo Morales se conect\u00f3 a la red porque pens\u00f3 que entonces no quedar\u00eda rastro de la OEA en Google.<\/li>\n<\/ul>\n\n\n\n<blockquote class=\"wp-block-quote is-layout-flow wp-block-quote-is-layout-flow\">\n<p>Con libertad democr\u00e1tica, los medios de comunicaci\u00f3n les negaron a los ciudadanos la posibilidad de ver en vivo una parte significativa de la historia: su vergonzoso presidente diciendo cosas que averg\u00fcenzan\u00bb<\/p>\n<\/blockquote>\n\n\n\n<p>Con libertad democr\u00e1tica, los medios de comunicaci\u00f3n les negaron a los ciudadanos la posibilidad de ver en vivo una parte significativa de la historia: su vergonzoso presidente diciendo cosas que averg\u00fcenzan (pero que esta vez averg\u00fcenzan de una manera que una elite no quiere ser avergonzada). Libertad de decidir lo que deben ver y lo que no. China democr\u00e1tica. Compre Huawei.<\/p>\n\n\n\n<p>Quedan los partidos pol\u00edticos. En un <a href=\"https:\/\/fundacionsistema.com\/indice-de-democracia-2020\/\">estudio<\/a> junto a Miguel Ramos (<em>Corruption in Latin America: Stereotypes of Politicians<\/em>\u2026) mostramos c\u00f3mo los pol\u00edticos son estereotipados a partir de una moralidad negativa (corruptos, mentirosos, ladrones). Esto es bastante l\u00f3gico y conocido. Lo preocupante es que esta estereotipaci\u00f3n afecta directamente a la percepci\u00f3n de la justicia e indirectamente a los afectos, emociones y estados de \u00e1nimo. \u00a1Grieta!<\/p>\n\n\n\n<p>Estamos en el horno, y encima tenemos liberad de expresi\u00f3n. Hoy todo queda grabado. Los jugadores de futbol se dieron cuenta de que era mejor hablar tap\u00e1ndose la boca con la mano. Los pol\u00edticos, a\u00fan no: sus incoherencias son repetidas una y otra vez por las redes sociales. Estos son mis principios: si no les gustan, tengo otros. Depende del lado del Gobierno que me encuentre y de la oferta que me haga. Prudencia y virtud no est\u00e1n invitadas. Con tanto trabajo de archivo circulando, tomarse a la pol\u00edtica (y su democracia) como una cuesti\u00f3n seria es absolutamente absurdo.<\/p>\n\n\n\n<p>Por suerte, nos queda la igualdad: todos iguales a la procura de una vida digna, cueste lo que cueste, y siguiendo el camino m\u00e1s efectivo. Al resto, que le den, mientras la democracia se da solita. Y en cuanto ridiculiza a unos, enfada a todos, excluye a demasiados y condena solo a los que pierden el poder. Por eso, su sustentabilidad est\u00e1 en el relato, no en las evidencias. Pero para eso habr\u00e1 que esperar hasta el pr\u00f3ximo texto. Porque democr\u00e1ticamente, me limitaron el espacio. Todo tiene un l\u00edmite, aunque algunos dem\u00f3cratas no quieran aceptarlo.<\/p>\n\n\n\n<hr class=\"wp-block-separator has-css-opacity\"\/>\n\n\n\n<p class=\"has-text-align-right\"><strong><em>Episodio relacionado de nuestro&nbsp;<a href=\"http:\/\/latinoamerica21.com\/podcast\/\">podcast<\/a><\/em>:<\/strong><\/p>\n\n\n\n<figure class=\"wp-block-embed is-type-rich is-provider-spotify wp-block-embed-spotify wp-embed-aspect-21-9 wp-has-aspect-ratio\"><div class=\"wp-block-embed__wrapper\">\n<iframe title=\"Spotify Embed: Crisis de la democracia en Latinoam\u00e9rica\" style=\"border-radius: 12px\" width=\"100%\" height=\"152\" frameborder=\"0\" allowfullscreen allow=\"autoplay; clipboard-write; encrypted-media; fullscreen; picture-in-picture\" loading=\"lazy\" src=\"https:\/\/open.spotify.com\/embed\/episode\/3XBfbiL2vbQuBv8hsX3iGD?si=cu-pvqggSLWPRnORxPODrQ&#038;utm_source=oembed\"><\/iframe>\n<\/div><\/figure>\n\n\n\n<p><em><sub>Foto de arribalasqueluchan! en Foter.com \/ CC BY-NC-SA<\/sub><\/em><\/p>\n","protected":false},"excerpt":{"rendered":"<p>Una vez m\u00e1s, polit\u00f3logos ortodoxos y dem\u00f3cratas internacionales se asustaron y, mientras aprend\u00edan que esa puntita se llama Michigan, y al lado est\u00e1 \u00abGuisconsi\u00bb, y todas tienen muchos electores, y c\u00f3mo tanta gente vota a Donald Trump, volvi\u00f3 a la agenda la cuesti\u00f3n de si la democracia est\u00e1 en peligro.<\/p>\n","protected":false},"author":144,"featured_media":2849,"comment_status":"closed","ping_status":"closed","sticky":false,"template":"","format":"standard","meta":{"_acf_changed":false,"episode_type":"","audio_file":"","cover_image":"","cover_image_id":"","duration":"","filesize":"","filesize_raw":"","date_recorded":"","explicit":"","block":"","itunes_episode_number":"","itunes_title":"","itunes_season_number":"","itunes_episode_type":"","footnotes":""},"categories":[16497,16497],"tags":[],"gps":[],"class_list":{"0":"post-2847","1":"post","2":"type-post","3":"status-publish","4":"format-standard","5":"has-post-thumbnail","7":"category-democracia"},"acf":[],"_links":{"self":[{"href":"https:\/\/latinoamerica21.com\/es\/wp-json\/wp\/v2\/posts\/2847","targetHints":{"allow":["GET"]}}],"collection":[{"href":"https:\/\/latinoamerica21.com\/es\/wp-json\/wp\/v2\/posts"}],"about":[{"href":"https:\/\/latinoamerica21.com\/es\/wp-json\/wp\/v2\/types\/post"}],"author":[{"embeddable":true,"href":"https:\/\/latinoamerica21.com\/es\/wp-json\/wp\/v2\/users\/144"}],"replies":[{"embeddable":true,"href":"https:\/\/latinoamerica21.com\/es\/wp-json\/wp\/v2\/comments?post=2847"}],"version-history":[{"count":0,"href":"https:\/\/latinoamerica21.com\/es\/wp-json\/wp\/v2\/posts\/2847\/revisions"}],"wp:featuredmedia":[{"embeddable":true,"href":"https:\/\/latinoamerica21.com\/es\/wp-json\/wp\/v2\/media\/2849"}],"wp:attachment":[{"href":"https:\/\/latinoamerica21.com\/es\/wp-json\/wp\/v2\/media?parent=2847"}],"wp:term":[{"taxonomy":"category","embeddable":true,"href":"https:\/\/latinoamerica21.com\/es\/wp-json\/wp\/v2\/categories?post=2847"},{"taxonomy":"post_tag","embeddable":true,"href":"https:\/\/latinoamerica21.com\/es\/wp-json\/wp\/v2\/tags?post=2847"},{"taxonomy":"gps","embeddable":true,"href":"https:\/\/latinoamerica21.com\/es\/wp-json\/wp\/v2\/gps?post=2847"}],"curies":[{"name":"wp","href":"https:\/\/api.w.org\/{rel}","templated":true}]}}