{"id":3094,"date":"2020-12-11T05:49:51","date_gmt":"2020-12-11T08:49:51","guid":{"rendered":"http:\/\/latinoamerica21.com\/?p=3094"},"modified":"2023-06-22T18:18:35","modified_gmt":"2023-06-22T21:18:35","slug":"el-sector-energetico-una-oportunidad-para-salir-de-la-crisis","status":"publish","type":"post","link":"https:\/\/latinoamerica21.com\/es\/el-sector-energetico-una-oportunidad-para-salir-de-la-crisis\/","title":{"rendered":"Energ\u00eda: una oportunidad ante la crisis"},"content":{"rendered":"\n<p>Mucho se ha discutido sobre el impacto de la COVID-19 en las econom\u00edas de los pa\u00edses de la regi\u00f3n y el mundo. La Comisi\u00f3n Econ\u00f3mica para Am\u00e9rica Latina y el Caribe (Cepal) proyect\u00f3 la contracci\u00f3n econ\u00f3mica para Am\u00e9rica Latina en -9,1%. &nbsp;Se han estimado tasas de crecimiento negativas para todos los pa\u00edses de la regi\u00f3n, pero poco se ha debatido sobre la importancia del sector energ\u00e9tico, que bien puede representar el segundo factor de impacto para la crisis actual.<\/p>\n\n\n\n<p>Aunque la crisis de la COVID-19 comenz\u00f3 en China a finales de 2019, es a principios del a\u00f1o 2020 cuando se empiezan a sentir los estragos en Am\u00e9rica Latina no solo de los efectos de la pandemia, sino tambi\u00e9n de los desacuerdos entre los principales miembros del sector petrolero. Esto, sumado a otros factores, ha tenido como resultado una guerra de precios del petr\u00f3leo desde entonces.<\/p>\n\n\n\n<blockquote class=\"wp-block-quote is-layout-flow wp-block-quote-is-layout-flow\">\n<p>Los pa\u00edses de Am\u00e9rica Latina, con econom\u00edas dependientes de las fluctuaciones de los precios de los <em>commodities<\/em>, presentan una limitada capacidad de respuesta ante la actual coyuntura\u00bb<\/p>\n<\/blockquote>\n\n\n\n<p>Los pa\u00edses de Am\u00e9rica Latina, con econom\u00edas dependientes de las fluctuaciones de los precios de los <em>commodities<\/em>, presentan una limitada capacidad de respuesta ante la coyuntura actual. Esa situaci\u00f3n se dificult\u00f3 a\u00fan m\u00e1s por la contracci\u00f3n de la demanda en China y por distintas presiones sociales y protestas en pa\u00edses como Chile, Colombia, Ecuador y una profundizaci\u00f3n de la crisis humanitaria en Venezuela.<\/p>\n\n\n\n<p>La incertidumbre sobre la reacci\u00f3n de los mercados frente a la crisis, las pocas probabilidades de una r\u00e1pida recuperaci\u00f3n de la econom\u00eda y la contracci\u00f3n del consumo en general vienen presionando negativamente al sector fiscal. La imposibilidad de recolectar impuestos y la baja de los precios del petr\u00f3leo han limitado la respuesta de los Estados ante la crisis multidimensional del 2020.<\/p>\n\n\n\n<p>En tanto, el sector energ\u00e9tico presenta una correlaci\u00f3n positiva con la pandemia, que ha causado una contracci\u00f3n importante en la demanda de energ\u00eda a escala mundial, y por tanto, de los precios de esta. Dentro de la cadena de producci\u00f3n, las afectaciones en el transporte por el confinamiento, as\u00ed como la baja en las importaciones de bienes intermedios en pa\u00edses como M\u00e9xico y Brasil representaron <em>shocks<\/em> de importancia para dos de las econom\u00edas m\u00e1s grandes de la regi\u00f3n, y sin mencionar la contracci\u00f3n del sector tur\u00edstico en todos los pa\u00edses. <\/p>\n\n\n\n<blockquote class=\"wp-block-quote is-layout-flow wp-block-quote-is-layout-flow\">\n<p>Otro sector gravemente impactado a escala regional es el el\u00e9ctrico\u00bb<\/p>\n<\/blockquote>\n\n\n\n<p>De acuerdo a la Organizaci\u00f3n Latinoamericana de Energ\u00eda (Olade), otro sector gravemente impactado a escala regional es el el\u00e9ctrico. Los Gobiernos han buscado asegurar el servicio durante el per\u00edodo de confinamiento implantado en todos los pa\u00edses de la regi\u00f3n, y en algunos casos se han empleado reducciones en las tarifas. Estas decisiones pol\u00edticas afectaron el sector fiscal de forma negativa, ya desde el principio de la <a href=\"https:\/\/latinoamerica21.com\/podcast\/campanas-electorales-en-pandemia\/\">pandemia<\/a>. &nbsp;<\/p>\n\n\n\n<p>Ecuador fue el primer pa\u00eds de Am\u00e9rica Latina en realizar ajustes fiscales, que incluyeron la reducci\u00f3n del aparato estatal, recortes en la burocracia y la liberalizaci\u00f3n del precio de algunos combustibles. Cada pa\u00eds de la regi\u00f3n ha puesto en marcha distintas pol\u00edticas con el mismo fin, por ejemplo, renegociaciones con el Fondo Monetario Internacional en el caso de Argentina.<\/p>\n\n\n\n<p>Las ya complicadas econom\u00edas de la regi\u00f3n requerir\u00e1n soluciones fiscales creativas, dado que la recaudaci\u00f3n de impuestos sigue siendo compleja, as\u00ed como otras reformas estructurales, debido a la necesidad de garantizar, al menos, el funcionamiento de los sistemas de salud mientras dure la pandemia. En un contexto de bajos ingresos, estas necesidades deber\u00e1n ser cubiertas de alguna manera, sin descuidar la estabilidad en los presupuestos gubernamentales.<\/p>\n\n\n\n<p>Todas estas condiciones han vuelto a poner en la palestra dos temas fundamentales: la dependencia de las econom\u00edas de los inestables precios de los <em>commodities<\/em> y la necesidad cada vez m\u00e1s imperativa de nuevas formas o fuentes de energ\u00eda. Por ejemplo, el acelerado avance de la tecnolog\u00eda y su uso cada vez m\u00e1s intensivo en todas las fases del proceso productivo hace que la atenci\u00f3n est\u00e9 centrada en el cobre como <em>commodity<\/em> y en energ\u00eda con fuentes e\u00f3lica, geot\u00e9rmica o hidr\u00e1ulica.<\/p>\n\n\n\n<blockquote class=\"wp-block-quote is-layout-flow wp-block-quote-is-layout-flow\">\n<p>Resulta urgente pensar en alternativas de producci\u00f3n sostenibles para la econom\u00eda y para la naturaleza\u00bb<\/p>\n<\/blockquote>\n\n\n\n<p>Una vez m\u00e1s, el crecimiento estar\u00e1 supeditado a recursos naturales. Resulta urgente pensar en alternativas de producci\u00f3n sostenibles para la econom\u00eda y para la naturaleza. Es apremiante encontrar procesos m\u00e1s eficientes de producci\u00f3n, pero tambi\u00e9n producir bienes que no solo favorezcan a las econom\u00edas y empresas, sino tambi\u00e9n al planeta.<\/p>\n\n\n\n<p>La estabilidad fiscal de muchas econom\u00edas depende fuertemente de los precios del petr\u00f3leo. Encontrar alternativas sostenibles se vuelve imperativo para que a largo plazo se puedan asegurar los presupuestos, fuentes de trabajo digno que dependen del sector energ\u00e9tico, y el adecuado uso de los r\u00e9ditos del petr\u00f3leo o industrias relacionadas en los pa\u00edses de la regi\u00f3n.<\/p>\n\n\n\n<p>Muchas inversiones ser\u00e1n requeridas a mediano plazo, mientras que a corto plazo se requerir\u00e1 de respuestas provenientes del gasto gubernamental para seguir enfrentando la pandemia y la crisis. Sin embargo, no hay que perder de vista que las inversiones en la diversificaci\u00f3n de las econom\u00edas traer\u00e1n buenos resultados en el futuro.<\/p>\n\n\n\n<p>Finalmente, las inversiones no deben centrarse en proyectos energ\u00e9ticos \u00fanicamente. Los pa\u00edses deben pensar en forma hol\u00edstica al respecto, desde la preparaci\u00f3n de profesionales para el sector, el desarrollo de tecnolog\u00eda y el apoyo gubernamental en forma de subsidios por lo menos al comienzo de la transici\u00f3n. La reorganizaci\u00f3n de la arquitectura del <a href=\"https:\/\/www.elconfidencial.com\/empresas\/2020-10-09\/crisis-energeticas-2020-afrontarlas_2781464\/\">sector energ\u00e9tico<\/a> en la regi\u00f3n, las alianzas estrat\u00e9gicas y los cambios progresivos de las matrices energ\u00e9ticas traer\u00e1n eventualmente resultados positivos para las econom\u00edas de Am\u00e9rica Latina.<\/p>\n\n\n\n<p><em><sub>Foto de PhotoLanda en Foter.com \/ CC BY-NC-SA<\/sub><\/em><\/p>\n","protected":false},"excerpt":{"rendered":"<p>La reorganizaci\u00f3n de la arquitectura del sector energ\u00e9tico en la regi\u00f3n, las alianzas estrat\u00e9gicas y los cambios progresivos de las matrices energ\u00e9ticas traer\u00e1n eventualmente resultados positivos para las econom\u00edas de Am\u00e9rica Latina.<\/p>\n","protected":false},"author":135,"featured_media":3095,"comment_status":"closed","ping_status":"closed","sticky":false,"template":"","format":"standard","meta":{"_acf_changed":false,"episode_type":"","audio_file":"","cover_image":"","cover_image_id":"","duration":"","filesize":"","filesize_raw":"","date_recorded":"","explicit":"","block":"","itunes_episode_number":"","itunes_title":"","itunes_season_number":"","itunes_episode_type":"","footnotes":""},"categories":[16548,16548,16511,16511],"tags":[],"gps":[],"class_list":{"0":"post-3094","1":"post","2":"type-post","3":"status-publish","4":"format-standard","5":"has-post-thumbnail","7":"category-pandemia","9":"category-crisis-politica"},"acf":[],"_links":{"self":[{"href":"https:\/\/latinoamerica21.com\/es\/wp-json\/wp\/v2\/posts\/3094","targetHints":{"allow":["GET"]}}],"collection":[{"href":"https:\/\/latinoamerica21.com\/es\/wp-json\/wp\/v2\/posts"}],"about":[{"href":"https:\/\/latinoamerica21.com\/es\/wp-json\/wp\/v2\/types\/post"}],"author":[{"embeddable":true,"href":"https:\/\/latinoamerica21.com\/es\/wp-json\/wp\/v2\/users\/135"}],"replies":[{"embeddable":true,"href":"https:\/\/latinoamerica21.com\/es\/wp-json\/wp\/v2\/comments?post=3094"}],"version-history":[{"count":0,"href":"https:\/\/latinoamerica21.com\/es\/wp-json\/wp\/v2\/posts\/3094\/revisions"}],"wp:featuredmedia":[{"embeddable":true,"href":"https:\/\/latinoamerica21.com\/es\/wp-json\/wp\/v2\/media\/3095"}],"wp:attachment":[{"href":"https:\/\/latinoamerica21.com\/es\/wp-json\/wp\/v2\/media?parent=3094"}],"wp:term":[{"taxonomy":"category","embeddable":true,"href":"https:\/\/latinoamerica21.com\/es\/wp-json\/wp\/v2\/categories?post=3094"},{"taxonomy":"post_tag","embeddable":true,"href":"https:\/\/latinoamerica21.com\/es\/wp-json\/wp\/v2\/tags?post=3094"},{"taxonomy":"gps","embeddable":true,"href":"https:\/\/latinoamerica21.com\/es\/wp-json\/wp\/v2\/gps?post=3094"}],"curies":[{"name":"wp","href":"https:\/\/api.w.org\/{rel}","templated":true}]}}