{"id":3142,"date":"2020-12-17T06:36:01","date_gmt":"2020-12-17T09:36:01","guid":{"rendered":"http:\/\/latinoamerica21.com\/?p=3142"},"modified":"2020-12-17T06:37:03","modified_gmt":"2020-12-17T09:37:03","slug":"covid-19-escuchar-a-los-que-saben","status":"publish","type":"post","link":"https:\/\/latinoamerica21.com\/es\/covid-19-escuchar-a-los-que-saben\/","title":{"rendered":"Covid-19: escuchar a los que saben"},"content":{"rendered":"\n<p>El Covid19 logr\u00f3 magnificar patrones anteriores de respuesta a la enfermedad. La aparici\u00f3n de una nueva enfermedad infecciosa es noticia solo cuando el hu\u00e9sped son los humanos u organismos que son de importancia para los humanos, cuando es fatal y cuando no podemos detener la transmisi\u00f3n entre individuos.<\/p>\n\n\n\n<p>Y es entonces cuando se ponen en marcha las posibles soluciones. Las autoridades sanitarias deben comunicarse con los gobiernos para tomar medidas eficaces. La sociedad tambi\u00e9n debe implicarse en el tema. Es decir, se debe establecer un di\u00e1logo entre pol\u00edticos, m\u00e9dicos y cient\u00edficos y la sociedad como un todo. En 2020, el mundo cient\u00edfico ha sido capaz de poner a punto tecnolog\u00edas para identificar, monitorear y prevenir la transmisi\u00f3n de este nuevo virus en tiempo r\u00e9cord, pero a\u00fan as\u00ed los efectos de esta nueva enfermedad son devastadores.<\/p>\n\n\n\n<blockquote class=\"wp-block-quote is-layout-flow wp-block-quote-is-layout-flow\"><p>Para entender la velocidad de los descubrimientos cient\u00edficos de esta pandemia basta recordar que durante el brote de SARS se tard\u00f3 casi seis meses en identificar el virus que lo caus\u00f3.<\/p><\/blockquote>\n\n\n\n<p>Repasemos la historia reciente. Un a\u00f1o ha pasado desde que se detect\u00f3 un primer grupo de casos de neumon\u00eda de origen desconocido en Wuhan, China. Para el 3 de enero de 2020 las autoridades chinas reportaron a la OMS la presencia del virus en pacientes. Para la segunda semana de enero investigadores de China y Australia anunciaron la secuencia del genoma viral del coronavirus al cual llamaron SARS-CoV-2 por su similitud al que caus\u00f3 la crisis del 2002-2003. Para entender la velocidad de los descubrimientos cient\u00edficos de esta pandemia basta recordar que durante el brote de SARS se tard\u00f3 casi seis meses en identificar el virus que lo caus\u00f3.<\/p>\n\n\n\n<p>El desarrollo cient\u00edfico ha sido tal que es probable que cierta poblaci\u00f3n de riesgo sea vacunada en las pr\u00f3ximas semanas, con vacunas novedosas y que por ahora demuestran una eficacia de m\u00e1s del 90%.<\/p>\n\n\n\n<p>En las \u00faltimas epidemias como la gripe H1N1 (2009), Ebola (2014-2016) y Zika (2015-2017), las vacunas no llegaron a desarrollarse a tiempo. En algunos casos como de la gripe H1N1 eventualmente llegaron a la poblaci\u00f3n, una vez que la epidemia hab\u00eda llegado a su pico m\u00e1ximo y en otros casos como en el de Zika o SARS nunca se terminaron de desarrollar.<\/p>\n\n\n\n<p>En el 2020 la ciencia tiene recursos que no ten\u00eda durante otras pandemias. En 1918, se dio la aparici\u00f3n de una nueva enfermedad letal, la llamada \u201cgripe espa\u00f1ola\u201d. El mundo estaba en guerra y en medio de tanto caos, apareci\u00f3 este nuevo virus. No hab\u00eda ninguna maniobra m\u00e9dica ni tratamiento que pudiera curar ni la gripe ni la pulmon\u00eda. Lo \u00fanico que pod\u00eda salvar al paciente era mantenerlo vivo hasta que pasara la gripe con comida caliente, mantas y aire limpio.<\/p>\n\n\n\n<p>En Am\u00e9rica Latina se dieron varias reacciones, tambi\u00e9n signadas por lo poco que se sabia. Por ejemplo, en Buenos Aires, seg\u00fan el historiador Jaime Bortz a fines de octubre de 1918 la gran cantidad de enfermos hizo que la Direcci\u00f3n de la Asistencia P\u00fablica pusiera en pr\u00e1ctica los consejos de los especialistas, prohibiendo espect\u00e1culos p\u00fablicos en locales cerrados, reuniones en caf\u00e9s despu\u00e9s de determinados horarios y cerrando escuelas por 10 d\u00edas.<\/p>\n\n\n\n<p>Se ordena la cuarentena de viajeros que llegaran de Europa y se le pidi\u00f3 a la gente que evitar\u00e1 aglomeraciones p\u00fablicas. A pesar de estas medidas, en octubre de 1918 en Buenos Aires murieron 1000 personas por la gripe.<\/p>\n\n\n\n<p>Poco sab\u00edan los m\u00e9dicos de como curar la enfermedad una vez producida. Esta falta de conocimiento para combatir la enfermedad no estaba circunscrita a nuestro continente. El escritor Jorge Luis Borges rememorando sus a\u00f1os en Suiza dec\u00eda, \u201ctengo un recuerdo sobre los eucaliptos: hubo una epidemia de gripe espa\u00f1ola despu\u00e9s de la primera guerra; entonces hab\u00eda grandes calderas en que quemaban hojas de eucaliptos \u2014se supon\u00eda que era curativa\u201d.<\/p>\n\n\n\n<blockquote class=\"wp-block-quote is-layout-flow wp-block-quote-is-layout-flow\"><p>cuando los gobiernos y la gente siguieron los consejos de los expertos en especial el uso de barbijos y distanciamiento social, la enfermedad se pudo manejar m\u00e1s eficientemente.<\/p><\/blockquote>\n\n\n\n<p>La actualidad se nos presenta diferente. M\u00e9dicos y cient\u00edficos han generado resultados viables. A pesar de las terribles p\u00e9rdidas una cosa es clara, cuando los gobiernos y la gente siguieron los consejos de los expertos en especial el uso de barbijos y distanciamiento social, la enfermedad se pudo manejar m\u00e1s eficientemente.<\/p>\n\n\n\n<p>En los pa\u00edses en donde m\u00e1s se propag\u00f3 la enfermedad (EE.UU., Brasil e India), sucedi\u00f3 lo contrario. Cuando los pol\u00edticos reemplazaron a los expertos, como en el caso de Donald Trump en EE.UU. o Jair Bolsonaro en Brasil, sus efectos fueron letales para la poblaci\u00f3n.<\/p>\n\n\n\n<p>Sus recomendaciones sin ninguna base cient\u00edfica, tales como falsas curas o curas milagrosas (Trump y Bolsonaro) o incluso en contra de la vacuna (Bolsonaro) lo \u00fanico que lograron fue que ciertos grupos de la poblaci\u00f3n ignoraran las recomendaciones de epidemi\u00f3logos, m\u00e9dicos y cient\u00edficos.<\/p>\n\n\n\n<p>A diferencia de la resignaci\u00f3n, y de la falta de resultados cient\u00edficos significativos de 1918, esta pandemia del 2020 que fue tan desastrosa, dejar\u00e1 algunas lecciones importantes para nuestro futuro. Afirmar\u00e1 la relevancia de la ciencia por sobre la irracionalidad en la pol\u00edtica y dar\u00e1 al conocimiento cient\u00edfico, y la vacunaci\u00f3n en particular, un lugar central en nuestras sociedades. Cuando la ciencia avanza debemos escuchar a los que saben.<\/p>\n\n\n\n<p><em><sub>Photo by Repsol on Foter.com \/ CC BY-NC-SA<\/sub><\/em><\/p>\n","protected":false},"excerpt":{"rendered":"<p>La aparici\u00f3n de una nueva enfermedad infecciosa es noticia solo cuando el hu\u00e9sped son los humanos u organismos que son de importancia para los humanos, cuando es fatal y cuando no podemos detener la transmisi\u00f3n entre individuos.<\/p>\n","protected":false},"author":164,"featured_media":3143,"comment_status":"closed","ping_status":"closed","sticky":false,"template":"","format":"standard","meta":{"_acf_changed":false,"episode_type":"","audio_file":"","cover_image":"","cover_image_id":"","duration":"","filesize":"","filesize_raw":"","date_recorded":"","explicit":"","block":"","itunes_episode_number":"","itunes_title":"","itunes_season_number":"","itunes_episode_type":"","footnotes":""},"categories":[16544,16544],"tags":[],"gps":[],"class_list":{"0":"post-3142","1":"post","2":"type-post","3":"status-publish","4":"format-standard","5":"has-post-thumbnail","7":"category-covid-19-es"},"acf":[],"_links":{"self":[{"href":"https:\/\/latinoamerica21.com\/es\/wp-json\/wp\/v2\/posts\/3142","targetHints":{"allow":["GET"]}}],"collection":[{"href":"https:\/\/latinoamerica21.com\/es\/wp-json\/wp\/v2\/posts"}],"about":[{"href":"https:\/\/latinoamerica21.com\/es\/wp-json\/wp\/v2\/types\/post"}],"author":[{"embeddable":true,"href":"https:\/\/latinoamerica21.com\/es\/wp-json\/wp\/v2\/users\/164"}],"replies":[{"embeddable":true,"href":"https:\/\/latinoamerica21.com\/es\/wp-json\/wp\/v2\/comments?post=3142"}],"version-history":[{"count":0,"href":"https:\/\/latinoamerica21.com\/es\/wp-json\/wp\/v2\/posts\/3142\/revisions"}],"wp:featuredmedia":[{"embeddable":true,"href":"https:\/\/latinoamerica21.com\/es\/wp-json\/wp\/v2\/media\/3143"}],"wp:attachment":[{"href":"https:\/\/latinoamerica21.com\/es\/wp-json\/wp\/v2\/media?parent=3142"}],"wp:term":[{"taxonomy":"category","embeddable":true,"href":"https:\/\/latinoamerica21.com\/es\/wp-json\/wp\/v2\/categories?post=3142"},{"taxonomy":"post_tag","embeddable":true,"href":"https:\/\/latinoamerica21.com\/es\/wp-json\/wp\/v2\/tags?post=3142"},{"taxonomy":"gps","embeddable":true,"href":"https:\/\/latinoamerica21.com\/es\/wp-json\/wp\/v2\/gps?post=3142"}],"curies":[{"name":"wp","href":"https:\/\/api.w.org\/{rel}","templated":true}]}}