{"id":3178,"date":"2020-12-21T07:07:43","date_gmt":"2020-12-21T10:07:43","guid":{"rendered":"http:\/\/latinoamerica21.com\/?p=3178"},"modified":"2023-10-25T06:46:15","modified_gmt":"2023-10-25T09:46:15","slug":"la-despenalizacion-del-aborto","status":"publish","type":"post","link":"https:\/\/latinoamerica21.com\/es\/la-despenalizacion-del-aborto\/","title":{"rendered":"La despenalizaci\u00f3n del aborto en Argentina"},"content":{"rendered":"\n<p>El Proyecto de Ley de Interrupci\u00f3n Voluntaria del Embarazo (IVE), la cual permite el aborto legal hasta la semana 14 de gestaci\u00f3n, ser\u00e1 discutido en el Senado argentino entre el 29 y 30 de diciembre. Despu\u00e9s de que el pasado 11 de diciembre la C\u00e1mara de Diputados aprobara el documento por 131 votos a favor, 117 en contra y 6 abstenciones, el texto se encuentra ya en el Senado, donde est\u00e1 siendo discutido en las comisiones de Banca de Mujer, Justicia y Asuntos Penales, y Salud. Si obtiene el dictamen positivo de los senadores que integran las citadas comisiones, s\u00f3lo quedar\u00e1 un \u00faltimo obst\u00e1culo: su aprobaci\u00f3n en sesi\u00f3n plenaria.<\/p>\n\n\n\n<p>El proyecto, redactado por el Ejecutivo de Alberto Fern\u00e1ndez, reintroduce en la agenda pol\u00edtica el debate sobre los derechos reproductivos. Y es que no es la primera vez que los legisladores argentinos discuten sobre esta cuesti\u00f3n. En 2018, bajo el gobierno de Mauricio Macri (2015-2019), se trat\u00f3 de legalizar la interrupci\u00f3n voluntaria del embarazo y derogar as\u00ed la actual legislaci\u00f3n, vigente desde 1921, seg\u00fan la cual s\u00f3lo se permite el aborto en los supuestos de violaci\u00f3n o riesgo de vida para la madre. Pese a conseguir la aprobaci\u00f3n del Congreso con 129 votos a favor y 125 en contra, al llegar a la C\u00e1mara Alta el proyecto fue rechazado por 38 votos negativos frente a los 31 positivos.<\/p>\n\n\n\n<blockquote class=\"wp-block-quote is-layout-flow wp-block-quote-is-layout-flow\"><p>parece que el debate va a ser menos tenso que hace dos a\u00f1os y que los n\u00fameros est\u00e1n m\u00e1s ajustados en el Senado<\/p><\/blockquote>\n\n\n\n<p>Pese a que en esta ocasi\u00f3n parece que el debate va a ser menos tenso que hace dos a\u00f1os y que los n\u00fameros est\u00e1n m\u00e1s ajustados en el Senado, nadie da por segura la aprobaci\u00f3n de la ley. Los bloques est\u00e1n divididos y los votos necesarios para la aprobaci\u00f3n penden de un hilo.<\/p>\n\n\n\n<p>En esta c\u00e1mara, mucho mas conservadora y donde se representan los intereses de las provincias del interior, muchos de los senadores se amparan en sus creencias religiosas y en la necesidad de salvar vidas para justificar su negativa a la interrupci\u00f3n voluntaria del embarazo. Sin embargo, desde los sectores partidarios de la ley el debate no se plantea en t\u00e9rminos de \u201caborto s\u00ed o no\u201d, sino en torno a la disyuntiva de aborto legal o clandestino.<\/p>\n\n\n\n<p>La realidad es que la decisi\u00f3n de considerar la interrupci\u00f3n voluntaria del embarazo como delito no impide que muchas mujeres sigan llevando a cabo esta pr\u00e1ctica. En Argentina, seg\u00fan diferentes estimaciones, entre 350.000 y 450.000 mujeres abortan de manera clandestina cada a\u00f1o. La gran mayor\u00eda de ellas en condiciones insalubres, poniendo en riesgo sus vidas, al acudir a m\u00e9dicos no profesionales o haciendo uso de m\u00e9todos peligrosos como perchas, sondas o agujas de tejer. No se trata, por tanto, s\u00f3lo de una cuesti\u00f3n moral sino de un problema de salud p\u00fablica.<\/p>\n\n\n\n<p>Esta situaci\u00f3n, visibilizada ahora en el caso argentino por la discusi\u00f3n del proyecto de ley, se hace extensible a toda la <a href=\"https:\/\/elordenmundial.com\/aborto-en-america-latina\/\" target=\"_blank\" rel=\"noreferrer noopener\">regi\u00f3n latinoamericana<\/a>. S\u00f3lo Cuba, Uruguay y Guyana permiten la interrupci\u00f3n voluntaria del embarazo en el marco de una ley de plazos. En el resto, el aborto se considera legal si cumple una serie de supuestos, siendo los m\u00e1s comunes el de violaci\u00f3n, malformaci\u00f3n del feto y riesgo de la vida de la gestante.<\/p>\n\n\n\n<p>Sin embargo, pa\u00edses como Venezuela, Paraguay, Rep\u00fablica Dominicana, Guatemala o Costa Rica \u00fanicamente contemplan el aborto terap\u00e9utico. Esto es, el que amenaza la vida de la mujer. Ello coloca a las mujeres que desean acabar con un embarazo no deseado en una situaci\u00f3n muy complicada que puede acarrear graves consecuencias, tanto en t\u00e9rminos de salud como de p\u00e9rdida de libertad. &nbsp;<\/p>\n\n\n\n<blockquote class=\"wp-block-quote is-layout-flow wp-block-quote-is-layout-flow\"><p>Pese a ser una pr\u00e1ctica sanitaria relativamente sencilla, el aborto supone un importante problema de salud p\u00fablica en Am\u00e9rica Latina<\/p><\/blockquote>\n\n\n\n<p>Pese a ser una pr\u00e1ctica sanitaria relativamente sencilla, el aborto supone un importante problema de salud p\u00fablica en Am\u00e9rica Latina, cobr\u00e1ndose entre cinco mil y diez mil muertes anuales. Pero, adem\u00e1s, es un problema pol\u00edtico y social ya que ahonda en la pobreza y violencia cr\u00f3nica en la que viven sumidas millones de mujeres y pone en evidencia la falta de autonom\u00eda sobre sus propios cuerpos.<\/p>\n\n\n\n<p>Esto se hace especialmente patente en los pa\u00edses m\u00e1s restrictivos en materia de aborto, como los centroamericanos, donde la prohibici\u00f3n de cualquier supuesto de aborto convive con altos \u00edndices de violencia sexual contra las mujeres y donde las penas por aborto pueden llegar a duplicar las penas por violaci\u00f3n.<\/p>\n\n\n\n<p>Pese a que cada vez son m\u00e1s las voces que claman por la despenalizaci\u00f3n del aborto, esta cuesti\u00f3n sigue siendo especialmente conflictiva en la regi\u00f3n. La desigualdad, el peso de la religi\u00f3n, la inestabilidad pol\u00edtica y la debilidad de los mecanismos de protecci\u00f3n social act\u00faan como poderoso contrapeso a la hora de hacer progresar iniciativas al respecto.<\/p>\n\n\n\n<p>Pese a los esfuerzos del activismo y la existencia de algunos l\u00edderes con un enfoque m\u00e1s progresista en t\u00e9rminos de derechos reproductivos y soberan\u00eda sobre el propio cuerpo, la despenalizaci\u00f3n del aborto en toda regi\u00f3n a\u00fan es una realidad lejana.<\/p>\n\n\n\n<p>Veamos qu\u00e9 depara la experiencia argentina y cu\u00e1l es la decisi\u00f3n del Senado. En cualquier caso, el hecho de que una ley de este tipo haya vuelto a llegar a la C\u00e1mara alta para su discusi\u00f3n supone un paso importante en la defensa de los derechos reproductivos y contribuye a que el aborto deje de ser un tema tab\u00fa. Partidarios y detractores se movilizan en las calles, representantes y representados exponen sus posturas y afloran cifras y datos sobre los riesgos asociados a las pr\u00e1cticas clandestinas para interrumpir el embarazo.<\/p>\n\n\n\n<p>Sin duda, tanto la experiencia de 2018 como la actual contribuyen al fortalecimiento de la sociedad civil y a la lucha por los derechos. Obliga a la b\u00fasqueda de puntos de encuentro, a repensar posiciones morales, a la b\u00fasqueda de alternativas y a sopesar, en los casos en los que haya conflicto, la importancia que se otorga las convicciones y a la salud p\u00fablica.<\/p>\n\n\n\n<p>Estos debates, m\u00e1s all\u00e1 de los fines concretos que persiguen, tambi\u00e9n son una gran oportunidad para hacer funcionar la deliberaci\u00f3n democr\u00e1tica y permiten visibilizar, a partir de la experiencia concreta, una deuda hist\u00f3rica con todas las mujeres de la regi\u00f3n.<\/p>\n\n\n\n<p><em><sub><sup>Foto de Prachatai en Foter.com \/ CC BY-NC-ND<\/sup><\/sub><\/em><\/p>\n","protected":false},"excerpt":{"rendered":"<p>El Proyecto de Ley de Interrupci\u00f3n Voluntaria del Embarazo, la cual permite el aborto legal hasta la semana 14 de gestaci\u00f3n, ser\u00e1 discutido en el Senado entre el 29 y 30 de diciembre. Si obtiene el dictamen positivo s\u00f3lo quedar\u00e1 un \u00faltimo obst\u00e1culo: su aprobaci\u00f3n en sesi\u00f3n plenaria.<\/p>\n","protected":false},"author":121,"featured_media":3181,"comment_status":"closed","ping_status":"closed","sticky":false,"template":"","format":"standard","meta":{"_acf_changed":false,"episode_type":"","audio_file":"","cover_image":"","cover_image_id":"","duration":"","filesize":"","filesize_raw":"","date_recorded":"","explicit":"","block":"","itunes_episode_number":"","itunes_title":"","itunes_season_number":"","itunes_episode_type":"","footnotes":""},"categories":[16489,16489,16573,16573,16526,16526],"tags":[14126],"gps":[],"class_list":{"0":"post-3178","1":"post","2":"type-post","3":"status-publish","4":"format-standard","5":"has-post-thumbnail","7":"category-argentina","9":"category-legalizacion-del-aborto","11":"category-genero","13":"tag-debates-br-es"},"acf":[],"_links":{"self":[{"href":"https:\/\/latinoamerica21.com\/es\/wp-json\/wp\/v2\/posts\/3178","targetHints":{"allow":["GET"]}}],"collection":[{"href":"https:\/\/latinoamerica21.com\/es\/wp-json\/wp\/v2\/posts"}],"about":[{"href":"https:\/\/latinoamerica21.com\/es\/wp-json\/wp\/v2\/types\/post"}],"author":[{"embeddable":true,"href":"https:\/\/latinoamerica21.com\/es\/wp-json\/wp\/v2\/users\/121"}],"replies":[{"embeddable":true,"href":"https:\/\/latinoamerica21.com\/es\/wp-json\/wp\/v2\/comments?post=3178"}],"version-history":[{"count":0,"href":"https:\/\/latinoamerica21.com\/es\/wp-json\/wp\/v2\/posts\/3178\/revisions"}],"wp:featuredmedia":[{"embeddable":true,"href":"https:\/\/latinoamerica21.com\/es\/wp-json\/wp\/v2\/media\/3181"}],"wp:attachment":[{"href":"https:\/\/latinoamerica21.com\/es\/wp-json\/wp\/v2\/media?parent=3178"}],"wp:term":[{"taxonomy":"category","embeddable":true,"href":"https:\/\/latinoamerica21.com\/es\/wp-json\/wp\/v2\/categories?post=3178"},{"taxonomy":"post_tag","embeddable":true,"href":"https:\/\/latinoamerica21.com\/es\/wp-json\/wp\/v2\/tags?post=3178"},{"taxonomy":"gps","embeddable":true,"href":"https:\/\/latinoamerica21.com\/es\/wp-json\/wp\/v2\/gps?post=3178"}],"curies":[{"name":"wp","href":"https:\/\/api.w.org\/{rel}","templated":true}]}}