{"id":3232,"date":"2020-12-27T06:00:57","date_gmt":"2020-12-27T09:00:57","guid":{"rendered":"http:\/\/latinoamerica21.com\/?p=3232"},"modified":"2023-10-24T05:50:54","modified_gmt":"2023-10-24T08:50:54","slug":"fue-el-trumpismo-una-anomalia","status":"publish","type":"post","link":"https:\/\/latinoamerica21.com\/es\/fue-el-trumpismo-una-anomalia\/","title":{"rendered":"\u00bfFue el trumpismo una anomal\u00eda?"},"content":{"rendered":"\n<p>Los historiadores del futuro tendr\u00e1n mucho que decir sobre c\u00f3mo el trumpismo, una forma extrema de populismo de derecha, acerc\u00f3 el populismo al fascismo y a la dictadura, pero tambi\u00e9n c\u00f3mo y por qu\u00e9 fue rechazado a fines del 2020. Joe Biden fue votado por un n\u00famero r\u00e9cord de estadounidenses, m\u00e1s de 81 millones de ciudadanos, unidos por su rechazo al trumpismo.<\/p>\n\n\n\n<p>Para citar al escritor Jorge Luis Borges, no los un\u00eda el amor, sino el espanto. La pregunta actual que aplica al presente de <a href=\"https:\/\/latinoamerica21.com\/podcast\/migracion-hispanoamericana\/\">EE. UU.<\/a>, y al futuro de pa\u00edses como Brasil o Hungr\u00eda, es: \u00bfse puede hacer pol\u00edtica solo con el miedo al pasado imperfecto?<\/p>\n\n\n\n<p>Por un lado, Biden se enfrenta a una crisis sanitaria y econ\u00f3mica sin precedentes. Por otro lado, el presidente electo tiene que resolver una crisis pol\u00edtica que, en ciertos sentidos, ya se vio en el pasado.<\/p>\n\n\n\n<p>\u00bfC\u00f3mo reconstruir la democracia y generar apoyo en un frente electoral popular que lo eligi\u00f3 por no ser <a href=\"https:\/\/www.venamcham.org\/wp-content\/uploads\/2021\/12\/BIOGRAFI%CC%81A_TRUMP_Final.pdf\">Donald Trump<\/a>? A Biden no le alcanzar\u00e1 con ser honesto, no ser racista y discriminador o simplemente con evitar el esc\u00e1ndalo permanente, la mentira constante y la manipulaci\u00f3n total del paisaje medi\u00e1tico electr\u00f3nico (Twitter, en particular) y la demonizaci\u00f3n de los medios de comunicaci\u00f3n.<\/p>\n\n\n\n<blockquote class=\"wp-block-quote is-layout-flow wp-block-quote-is-layout-flow\">\n<p>Biden necesita ampliar la democracia\u00bb<\/p>\n<\/blockquote>\n\n\n\n<p>Biden necesita ampliar la democracia, mejorar las condiciones de vida, de salud, y de educaci\u00f3n, para representar a sus votantes y no volver a la inercia del pasado.<\/p>\n\n\n\n<p>En muchos casos el antitrumpismo advirti\u00f3 sobre el peligro dictatorial y el riesgo del fascismo representado por el trumpismo, pero muchas veces la cr\u00edtica se propuso un mito alternativo, una versi\u00f3n idealizada del excepcionalismo hist\u00f3rico, la idea de una normalidad antes de Trump que nunca fue tan normal. Sin embargo, un cord\u00f3n sanitario, como lo demuestra, por ejemplo, el caso de Francia con las candidaturas de Le Pen, no es suficiente para mantener el apoyo a largo plazo.<\/p>\n\n\n\n<p>La era pre-Trump tambi\u00e9n tuvo elitismo, un papel predominante de la tecnocracia, la mano dura policial de Bill Clinton y la desregulaci\u00f3n de Wall Street y los bancos, o la falta de acci\u00f3n o, incluso, la adopci\u00f3n de medidas a veces regresivas de la administraci\u00f3n de Barack Obama con respecto a los inmigrantes, el descontrol con las armas, la continuidad de la represi\u00f3n policial y las tasas pantagruelescas de encarcelamiento de minor\u00edas, el confinamiento de la educaci\u00f3n publica y tantos otros problemas que alejaron a muchos ciudadanos del partido dem\u00f3crata.<\/p>\n\n\n\n<p>Si piensa al trumpismo como un mero par\u00e9ntesis, la flamante administraci\u00f3n de Biden ver\u00e1 una merma del gran apoyo obtenido. Si no apoya el trabajo de la justicia en la investigaci\u00f3n de las posibles acciones criminales del l\u00edder saliente, puede pasar lo mismo.<\/p>\n\n\n\n<p>La misma vara se aplica a su futura pol\u00edtica exterior y su relaci\u00f3n con l\u00edderes democr\u00e1ticos y autoritarios. Es predecible un acercamiento con la Comunidad Europea, pero qu\u00e9 pasar\u00e1 con los c\u00f3mplices de Trump a escala global \u00bfCu\u00e1l ser\u00e1 su pol\u00edtica con el trumpismo tropical de Jair Bolsonaro en Brasil? \u00bfC\u00f3mo ser\u00e1 su comportamiento con respecto a la dictadura de Nicol\u00e1s Maduro en Venezuela o el reino de Arabia Saudita?<\/p>\n\n\n\n<blockquote class=\"wp-block-quote is-layout-flow wp-block-quote-is-layout-flow\">\n<p>Siempre est\u00e1 la posibilidad de que Donald Trump no desaparezca de la escena\u00bb<\/p>\n<\/blockquote>\n\n\n\n<p>No hacer nada no es una opci\u00f3n viable. Pero siempre est\u00e1 la posibilidad de que Donald Trump no desaparezca de la escena y, con ello, recordarle a una mayor\u00eda de ciudadanos los fracasos de su gobierno. Solo un presidente norteamericano, Grover Cleveland, perdi\u00f3 su reelecci\u00f3n en 1888, pero luego derrot\u00f3 al presidente Harrison que lo hab\u00eda derrotado y volvi\u00f3 a la Casa Blanca despu\u00e9s de cuatro a\u00f1os. Pero a diferencia de Trump, Cleveland gan\u00f3 la mayor\u00eda del voto popular en sus tres elecciones presidenciales, mientras que Trump siempre fue un presidente rechazado por la mayor\u00eda.<\/p>\n\n\n\n<p>En cualquier caso, Trump le puede brindar a Biden algunos meses, un respiro, para no comenzar a hacer lo que es necesario.<\/p>\n\n\n\n<p>El mismo hecho de que en este momento Trump, y, en medida decreciente, el Partido Republicano, nieguen los resultados democr\u00e1ticos deber\u00eda ser una advertencia contra la urgencia para declarar los \u00faltimos cuatro a\u00f1os como un par\u00e9ntesis en una democracia por lo dem\u00e1s saludable. La democracia americana debe ser mejorada y ampliada en t\u00e9rminos sociales, econ\u00f3micos y pol\u00edticos.<\/p>\n\n\n\n<p>Despu\u00e9s del fin de las dictaduras latinoamericanas de la Guerra Fr\u00eda, como hab\u00eda sucedido en Europa despu\u00e9s del fin de los reg\u00edmenes fascistas en 1945, estas posiciones presentadas por muchos, incluyendo a intelectuales de alto perfil, resultaron equivocadas e ingenuas a medida que continuaban y contin\u00faan surgiendo diferentes formas de autoritarismo y xenofobia a ambos lados del Atl\u00e1ntico.<\/p>\n\n\n\n<p>Pensar en el fascismo o el autoritarismo populista como una aberraci\u00f3n, y no como expresiones de fuertes tendencias locales y globales, puede presentar una fuerte barrera al trabajo de reconstrucci\u00f3n democr\u00e1tica necesario para desarraigarlos.<\/p>\n\n\n\n<p>La historia estadounidense, como cualquier otra historia, presenta patrones de continuidad y cambio nacionales y globales. Recordar nuestras historias de democracia y la de aquellos que quieren minimizarla o destruirla es una tarea clave para defender la democracia y cambiarnos a nosotros mismos.<\/p>\n\n\n\n<p><em><sub>Foto de Gage Skidmore en Foter.com \/ CC BY-SA<\/sub><\/em><\/p>\n","protected":false},"excerpt":{"rendered":"<p>Los historiadores del futuro tendr\u00e1n mucho que decir sobre c\u00f3mo el trumpismo, una forma extrema de populismo de derecha, acerc\u00f3 el populismo al fascismo y a la dictadura, pero tambi\u00e9n c\u00f3mo y por qu\u00e9 fue rechazado a fines del 2020. <\/p>\n","protected":false},"author":77,"featured_media":3233,"comment_status":"closed","ping_status":"closed","sticky":false,"template":"","format":"standard","meta":{"_acf_changed":false,"episode_type":"","audio_file":"","cover_image":"","cover_image_id":"","duration":"","filesize":"","filesize_raw":"","date_recorded":"","explicit":"","block":"","itunes_episode_number":"","itunes_title":"","itunes_season_number":"","itunes_episode_type":"","footnotes":""},"categories":[16514,16514,16468,16468,16533,16533],"tags":[],"gps":[],"class_list":{"0":"post-3232","1":"post","2":"type-post","3":"status-publish","4":"format-standard","5":"has-post-thumbnail","7":"category-donald-trump","9":"category-politica","11":"category-autoritarismo"},"acf":[],"_links":{"self":[{"href":"https:\/\/latinoamerica21.com\/es\/wp-json\/wp\/v2\/posts\/3232","targetHints":{"allow":["GET"]}}],"collection":[{"href":"https:\/\/latinoamerica21.com\/es\/wp-json\/wp\/v2\/posts"}],"about":[{"href":"https:\/\/latinoamerica21.com\/es\/wp-json\/wp\/v2\/types\/post"}],"author":[{"embeddable":true,"href":"https:\/\/latinoamerica21.com\/es\/wp-json\/wp\/v2\/users\/77"}],"replies":[{"embeddable":true,"href":"https:\/\/latinoamerica21.com\/es\/wp-json\/wp\/v2\/comments?post=3232"}],"version-history":[{"count":0,"href":"https:\/\/latinoamerica21.com\/es\/wp-json\/wp\/v2\/posts\/3232\/revisions"}],"wp:featuredmedia":[{"embeddable":true,"href":"https:\/\/latinoamerica21.com\/es\/wp-json\/wp\/v2\/media\/3233"}],"wp:attachment":[{"href":"https:\/\/latinoamerica21.com\/es\/wp-json\/wp\/v2\/media?parent=3232"}],"wp:term":[{"taxonomy":"category","embeddable":true,"href":"https:\/\/latinoamerica21.com\/es\/wp-json\/wp\/v2\/categories?post=3232"},{"taxonomy":"post_tag","embeddable":true,"href":"https:\/\/latinoamerica21.com\/es\/wp-json\/wp\/v2\/tags?post=3232"},{"taxonomy":"gps","embeddable":true,"href":"https:\/\/latinoamerica21.com\/es\/wp-json\/wp\/v2\/gps?post=3232"}],"curies":[{"name":"wp","href":"https:\/\/api.w.org\/{rel}","templated":true}]}}