{"id":3257,"date":"2020-12-30T07:35:44","date_gmt":"2020-12-30T10:35:44","guid":{"rendered":"http:\/\/latinoamerica21.com\/?p=3257"},"modified":"2023-05-25T13:18:07","modified_gmt":"2023-05-25T16:18:07","slug":"desaparecidos-la-responsabilidad-del-estado","status":"publish","type":"post","link":"https:\/\/latinoamerica21.com\/es\/desaparecidos-la-responsabilidad-del-estado\/","title":{"rendered":"Desaparecidos: la responsabilidad del Estado"},"content":{"rendered":"\n<p>El m\u00e1ximo exponente de la maldad humana lo constituy\u00f3 el terror nazi que, a pesar de ello, llev\u00f3 el registro con minuciosidad de todas sus v\u00edctimas. Una pr\u00e1ctica siniestra que condujo a Hannah Arendt a tildarla con el c\u00e9lebre apelativo de banalidad. El bur\u00f3crata anotaba escrupulosamente los pasos insertos en la cadena del mando totalitario. Treinta a\u00f1os despu\u00e9s, sin embargo, bajo el paraguas de la doctrina de la seguridad nacional, un nuevo quehacer sistem\u00e1tico, pero sin luz ni taqu\u00edgrafos, trajo a la represi\u00f3n institucionalizada en Am\u00e9rica Latina la figura de la desaparici\u00f3n forzosa. Los desaparecidos eran chupados en diferentes lugares y sus cuerpos se lanzaron al mar, fueron enterrados en cualquier paraje des\u00e9rtico o sin identificar en cementerios rec\u00f3nditos. <\/p>\n\n\n\n<p>Nunca qued\u00f3 evidencia alguna de lo acaecido. Al dolor de la v\u00edctima torturada y eliminada se un\u00eda el de sus seres queridos que permanecieron por a\u00f1os en la total incertidumbre ante la indiferencia o incluso complicidad del Estado.<\/p>\n\n\n\n<blockquote class=\"wp-block-quote is-layout-flow wp-block-quote-is-layout-flow\">\n<p>Hace cuarenta a\u00f1os la pr\u00e1ctica de la desaparici\u00f3n de enemigos pol\u00edticos se extendi\u00f3 por la mayor\u00eda de los pa\u00edses de la regi\u00f3n\u00bb<\/p>\n<\/blockquote>\n\n\n\n<p>Hace cuarenta a\u00f1os la pr\u00e1ctica de la desaparici\u00f3n de enemigos pol\u00edticos se extendi\u00f3 por la mayor\u00eda de los pa\u00edses de la regi\u00f3n y fue amparada por instancias paraestatales, cuando no directamente estatales, y con el aliento de la administraci\u00f3n norteamericana absorta en la guerra fr\u00eda. Si bien los casos de los pa\u00edses del <a href=\"https:\/\/rephip.unr.edu.ar\/bitstream\/handle\/2133\/16143\/Ponisio.pdf?sequence=3&amp;isAllowed=y\">Cono Sur<\/a> fueron los m\u00e1s conocidos, las cifras llegaron a ser aterradoras en Guatemala y en M\u00e9xico.<\/p>\n\n\n\n<p>La barbarie sancion\u00f3 una pr\u00e1ctica que en Espa\u00f1a se hab\u00eda vivido durante la guerra civil sembrando de cad\u00e1veres an\u00f3nimos las cunetas de las carreteras. El legado de aquello todav\u00eda contin\u00faa en un proceso de necesario esclarecimiento y urgente reparaci\u00f3n en el que el Estado tiene un papel primordial que desempe\u00f1ar.<\/p>\n\n\n\n<p>H\u00e9ctor Castagnetto da Rosa desapareci\u00f3 el 17 de agosto de 1971. Fue visto por \u00faltima vez en un lugar c\u00e9ntrico de Montevideo a media ma\u00f1ana, de acuerdo con el informe de la Secretar\u00eda de Derechos Humanos para el Pasado Reciente de Uruguay. Miguel Sof\u00eda, empresario de 70 a\u00f1os, que estaba requerido desde 2009 por homicidio, especialmente agravado, en calidad de autor en ese y otros casos, fue capturado recientemente y la jueza encargada del asunto lo imput\u00f3 como responsable del secuestro, tortura y desaparici\u00f3n de Castagnetto.<\/p>\n\n\n\n<p>La jueza dict\u00f3 prisi\u00f3n domiciliaria para Sof\u00eda, quien integraba los escuadrones de la muerte, tambi\u00e9n conocidos como Comandos Caza Tupamaros o Defensa Armada Nacionalista (DAN), que eran grupos parapoliciales que operaron en las d\u00e9cadas de 1960 y 1970. La defensa impuso un recurso de inconstitucionalidad basado en la prescripci\u00f3n de los hechos.<\/p>\n\n\n\n<p>En la otra orilla del R\u00edo de la Plata, el pasado 4 de diciembre el Equipo Argentino de Antropolog\u00eda Forense detall\u00f3 que hay m\u00e1s de 600 cuerpos enterrados como NN (sin nombre \u2014en lat\u00edn <em>nomen nescio<\/em>\u2014) con su perfil gen\u00e9tico que no fueron identificados. Entonces pidieron a personas que buscan desaparecidos durante la dictadura que se acercaran para extraer muestras de sangre y, as\u00ed, cotejar el ADN. Esta circunstancia acaeci\u00f3 ante el juicio que se sigue en la ciudad de La Plata por delitos cometidos en tres centros clandestinos de detenci\u00f3n durante la \u00faltima dictadura.<\/p>\n\n\n\n<blockquote class=\"wp-block-quote is-layout-flow wp-block-quote-is-layout-flow\">\n<p>Los casos de desapariciones forzosas no dejan de estar permanentemente presentes y requieren una respuesta eficiente\u00bb<\/p>\n<\/blockquote>\n\n\n\n<p>El drama, por consiguiente, no ha concluido. Hoy los hechos se enmarcan en un contexto diferente en el que los causantes de esa forma monstruosa de atentar contra la vida humana son variados, pero no por ello la presencia del <a href=\"https:\/\/latinoamerica21.com\/podcast\/democracia-directa-en-america-latina\/\">Estado<\/a> debe dejar de ser requerida. Los casos de desapariciones forzosas no dejan de estar permanentemente presentes y ameritan una respuesta eficiente.<\/p>\n\n\n\n<p>As\u00ed, el pasado 12 de diciembre la Secci\u00f3n de Ausencia de Reconocimiento de la Jurisdicci\u00f3n Especial para la Paz en Colombia se\u00f1al\u00f3 la existencia de 2.094 personas que fueron v\u00edctimas de desaparici\u00f3n forzada en el \u00e1rea de influencia de la represa de Hidroituango en el departamento de Antioquia. Las desapariciones forzadas habr\u00edan sido ejecutadas por grupos paramilitares (Bloque Mineros y Bloque Metro), los frentes 18, 36 y 5 de las FARC-EP y por la fuerza p\u00fablica. Los cuerpos fueron localizados en el proceso de construcci\u00f3n de la enorme represa. En otros lugares del pa\u00eds las desapariciones las ocasion\u00f3 el narcotr\u00e1fico.<\/p>\n\n\n\n<blockquote class=\"wp-block-quote is-layout-flow wp-block-quote-is-layout-flow\">\n<p>En M\u00e9xico contin\u00faa sin resolverse el caso de los 43 estudiantes normalistas de Ayotzinapa que desaparecieron en septiembre de 2014&#8243;<\/p>\n<\/blockquote>\n\n\n\n<p>Complementariamente, en M\u00e9xico contin\u00faa sin resolverse el caso de los 43 estudiantes normalistas de Ayotzinapa que desaparecieron en septiembre de 2014. Hasta la fecha se han encontrado restos de tres de ellos solamente. Los de uno fueron hallados lejos del basurero donde la versi\u00f3n oficial sosten\u00eda que los cad\u00e1veres hab\u00edan sido quemados, por lo que es de suponer que los cuerpos de los estudiantes habr\u00edan sido dispersados en varios puntos, lo que a\u00f1ade dosis de mayor violencia al asunto.<\/p>\n\n\n\n<p>En estos casos, el car\u00e1cter pol\u00edtico de las v\u00edctimas se desvanece en un ambiente dibujado por la pobreza y la pertenencia a comunidades excluidas, marcadas por un tipo de marginaci\u00f3n que mezcla lo territorial con lo social. La brecha de la desigualdad genera una divisi\u00f3n que ampl\u00eda el contingente de sujetos proclives a ser pasto f\u00e1cil de una desaparici\u00f3n gratuita, lo que agudiza su probabilidad.<\/p>\n\n\n\n<p>En un \u00e1mbito de orden muy distinto, pero con efectos similares, la n\u00f3mina de desaparecidos en Guatemala y, sobre todo, en Honduras tras el paso de los huracanes Eta e Iota en noviembre pasado no ha podido cerrarse todav\u00eda, de suerte que se dar\u00e1 el caso de personas que habr\u00e1n muerto, pero de las que no existir\u00e1 constancia de ello. En sendas circunstancias, el Estado, hoy de derecho en la gran mayor\u00eda de los pa\u00edses latinoamericanos, tiene el imperativo de dar una respuesta en t\u00e9rminos no solo reparadores y de ejercicio de la justicia, sino tambi\u00e9n preventivos.<\/p>\n\n\n\n<p><em><sub>Foto de blmurch em Foter.com \/ CC BY<\/sub><\/em><\/p>\n","protected":false},"excerpt":{"rendered":"<p>El m\u00e1ximo exponente de la maldad humana lo constituy\u00f3 el terror nazi que llev\u00f3 un minucioso registro de sus v\u00edctimas. Treinta a\u00f1os despu\u00e9s, bajo la doctrina de la seguridad nacional, un nuevo quehacer sistem\u00e1tico, pero sin luz ni taqu\u00edgrafos, trajo a la represi\u00f3n institucionalizada en Am\u00e9rica Latina la figura de la desaparici\u00f3n forzosa. <\/p>\n","protected":false},"author":45,"featured_media":3258,"comment_status":"closed","ping_status":"closed","sticky":false,"template":"","format":"standard","meta":{"_acf_changed":false,"episode_type":"","audio_file":"","cover_image":"","cover_image_id":"","duration":"","filesize":"","filesize_raw":"","date_recorded":"","explicit":"","block":"","itunes_episode_number":"","itunes_title":"","itunes_season_number":"","itunes_episode_type":"","footnotes":""},"categories":[16467,16467,16574,16574],"tags":[],"gps":[],"class_list":{"0":"post-3257","1":"post","2":"type-post","3":"status-publish","4":"format-standard","5":"has-post-thumbnail","7":"category-estado","9":"category-desaparecidos"},"acf":[],"_links":{"self":[{"href":"https:\/\/latinoamerica21.com\/es\/wp-json\/wp\/v2\/posts\/3257","targetHints":{"allow":["GET"]}}],"collection":[{"href":"https:\/\/latinoamerica21.com\/es\/wp-json\/wp\/v2\/posts"}],"about":[{"href":"https:\/\/latinoamerica21.com\/es\/wp-json\/wp\/v2\/types\/post"}],"author":[{"embeddable":true,"href":"https:\/\/latinoamerica21.com\/es\/wp-json\/wp\/v2\/users\/45"}],"replies":[{"embeddable":true,"href":"https:\/\/latinoamerica21.com\/es\/wp-json\/wp\/v2\/comments?post=3257"}],"version-history":[{"count":0,"href":"https:\/\/latinoamerica21.com\/es\/wp-json\/wp\/v2\/posts\/3257\/revisions"}],"wp:featuredmedia":[{"embeddable":true,"href":"https:\/\/latinoamerica21.com\/es\/wp-json\/wp\/v2\/media\/3258"}],"wp:attachment":[{"href":"https:\/\/latinoamerica21.com\/es\/wp-json\/wp\/v2\/media?parent=3257"}],"wp:term":[{"taxonomy":"category","embeddable":true,"href":"https:\/\/latinoamerica21.com\/es\/wp-json\/wp\/v2\/categories?post=3257"},{"taxonomy":"post_tag","embeddable":true,"href":"https:\/\/latinoamerica21.com\/es\/wp-json\/wp\/v2\/tags?post=3257"},{"taxonomy":"gps","embeddable":true,"href":"https:\/\/latinoamerica21.com\/es\/wp-json\/wp\/v2\/gps?post=3257"}],"curies":[{"name":"wp","href":"https:\/\/api.w.org\/{rel}","templated":true}]}}