{"id":3415,"date":"2021-01-11T09:35:14","date_gmt":"2021-01-11T12:35:14","guid":{"rendered":"http:\/\/latinoamerica21.com\/?p=3415"},"modified":"2023-10-24T05:49:40","modified_gmt":"2023-10-24T08:49:40","slug":"la-larga-trama-del-conspiracionismo","status":"publish","type":"post","link":"https:\/\/latinoamerica21.com\/es\/la-larga-trama-del-conspiracionismo\/","title":{"rendered":"La larga trama del conspiracionismo"},"content":{"rendered":"\n<p>Hay gente que cree que el coronavirus es un instrumento de dominaci\u00f3n mundial creado por los enemigos de su pa\u00eds. Son los mismos que opinan que cuando no ganan sus candidatos hubo fraude, o que cualquier cosa que dice el l\u00edder es la simple traducci\u00f3n de los deseos del pueblo. Esta es la gente que apoya a Trump en su intento de golpe de Estado cuyo final pat\u00e9tico, fugaz y atroz fue el asalto al capitolio. En suma, estamos viendo una nueva versi\u00f3n de la irrealidad en la larga trama del conspiracionismo hist\u00f3rico. O para decirlo de otro modo: se da una nueva configuraci\u00f3n de los anti-vacunas y los antidemocr\u00e1ticos en clave post-fascista.<\/p>\n\n\n\n<p>Al igual que los fascismos, los nuevos populismos mezclan, deforman y niegan la ciencia mediante fantas\u00edas conspirativas. En Estados Unidos, pa\u00eds que hoy cuenta con la mayor cantidad de dosis de vacunas disponibles, el presidente saliente Donald Trump todav\u00eda no se ha vacunado a pesar de los consejos y la frustraci\u00f3n de algunos de sus asesores. De hecho, la gran cantidad de norteamericanos que no piensa vacunarse se distingue grosso modo por su \u201ctrumpismo\u201d a nivel pol\u00edtico.<\/p>\n\n\n\n<h3 class=\"wp-block-heading\">Las vacunas y las teor\u00edas conspirativas<\/h3>\n\n\n\n<p>Abundan entonces los delirios y las mentiras utilizados en clave pol\u00edtica. Por ejemplo, ide\u00f3logos trumpistas, muchas veces posteados o reposteados a trav\u00e9s de Twitter por su l\u00edder derrotado, sostienen que las vacunas son una forma de control social y poblacional por parte del Estado o un arma esgrimida conscientemente por China.<\/p>\n\n\n\n<p>As\u00ed, la campa\u00f1a de vacunaci\u00f3n nacional y global es retraducida por fan\u00e1ticos evangelistas cristianos y seguidores de la teor\u00eda de la conspiraci\u00f3n de QAnon que piensan que Trump se ha enfrentado y se enfrenta una conspiraci\u00f3n de can\u00edbales-ped\u00f3filos sat\u00e1nicos que dominan el Partido Dem\u00f3crata, Hollywood y las finanzas globales. Seg\u00fan este delirio, esta conjura es responsable de todos los problemas del mundo y esto incluir\u00eda tambi\u00e9n a las vacunas.<\/p>\n\n\n\n<p>En este marco, la realidad es falsificada a trav\u00e9s de la negaci\u00f3n de la ciencia, de la enfermedad y de los resultados electorales. Seg\u00fan se\u00f1ala el&nbsp;<em>Washington Post<\/em>, gran parte de la gente que profesa la evidente mentira de un complot de las vacunas para controlar los cuerpos de la gente, es la misma que cree en la gran mentira de una victoria de Trump en las elecciones presidenciales.<\/p>\n\n\n\n<p>En concreto, no deber\u00eda sorprendernos que la gente que niega la realidad en general, la niegue tambi\u00e9n en el sentido particular de las vacunas.<\/p>\n\n\n\n<h3 class=\"wp-block-heading\">Un movimiento pol\u00edtico que canaliza la paranoia<\/h3>\n\n\n\n<p>Lo que vemos ahora a nivel global, es una nueva alianza pol\u00edtica de los ignorantes, los cr\u00e9dulos y los mentirosos. Antes de Trump, los anti-vaxxers no ten\u00edan un movimiento pol\u00edtico que canalizara su paranoia. Esto es ahora posible para muchos de ellos, pues como ya hab\u00eda advertido el historiador del populismo americano Richard J. Hofstadter, la teor\u00eda de la conspiraci\u00f3n y la sospecha indiscriminada fueron un elemento central del estilo populista xen\u00f3fobo en Estados Unidos.<\/p>\n\n\n\n<p>Pero si en Trump esta situaci\u00f3n se presenta de forma ambigua en el sentido de que Trump tambi\u00e9n, contradictoriamente, quiere presentarse como el principal sost\u00e9n de la vacuna y en este sentido juega a dos puntas: \u201cpro-vacunas\u201d para el p\u00fablico independiente y \u201canti-vacunas\u201d para sus seguidores; en Brasil, Jair Bolsonaro ha adoptado una posici\u00f3n llanamente oscurantista.<\/p>\n\n\n\n<p>Bolsonaro desanda una experiencia brasile\u00f1a de m\u00e1s de un siglo de ser un pa\u00eds l\u00edder en campa\u00f1as de vacunaci\u00f3n masiva. Si Brasil fue un ejemplo para Am\u00e9rica Latina y el mundo; hoy es m\u00e1s bien lo contrario, un pa\u00eds gobernado por un paranoico extremo que hace un elogio de la supercher\u00eda.<\/p>\n\n\n\n<p>Bolsonaro ha dicho que no piensa vacunarse e incluso ha sostenido que la vacuna puede hacer que a las mujeres les crezca la barba y los hombres se conviertan en cocodrilos o que comiencen a hablar de forma \u201cafeminada\u201d. Como en Estados Unidos, la vacuna de Pfizer es la principal v\u00edctima de esta campa\u00f1a de falsificaci\u00f3n de la realidad que contiene elementos homof\u00f3bicos, xen\u00f3fobos y nacionalistas.<\/p>\n\n\n\n<h3 class=\"wp-block-heading\">Hist\u00f3rica paranoia<\/h3>\n\n\n\n<p>Nada de esto es nuevo. Como dec\u00eda Hofstadter, el estilo paranoico ha existido desde mucho antes y de hecho era la marca principal de reaccionarios, y luego fascistas y antisemitas. \u201cEste estilo ha circulado desde mucho antes de que la derecha extremista lo descubriera y sus objetivos han variado desde \u2018la banca internacional\u2019, los masones, los jesuitas y los fabricantes de armas\u201d.<\/p>\n\n\n\n<p>No siempre las cosas fueron as\u00ed en la historia del populismo cl\u00e1sico. Fueron justamente los primeros reg\u00edmenes populistas que llegaron al poder luego de 1945 los que dejaron detr\u00e1s estos delirios. Cuando la necesit\u00f3, el populismo recurri\u00f3 a la ciencia. Y de hecho hist\u00f3ricamente, en los per\u00edodos cl\u00e1sicos de gobierno populistas la ciencia no sufri\u00f3 ataques y generalmente el desarrollo cient\u00edfico y m\u00e9dico no fue ignorado. M\u00e1s all\u00e1 del folklore de espiritismo tan bien retratado por el escritor Tom\u00e1s Eloy Mart\u00ednez en La novela de Per\u00f3n, sobre ocultismos y magias del peronismo de la Triple A con Jos\u00e9 L\u00f3pez Rega e Isabel Per\u00f3n a la cabeza, el peronismo, como el populismo en general, no fueron reaccionarios en su relaci\u00f3n con la ciencia.<\/p>\n\n\n\n<p>De hecho, el apoyo a la ciencia se extiende a la salud de los propios dirigentes quienes en muchos casos han prometido vacunarse primero. La situaci\u00f3n es bien diferente para los nuevos populismos de extrema derecha. Para ellos la conjura de las vacunas es real y la realidad es simplemente descartable.<\/p>\n\n\n\n<p><em><sub>Foto de chaddavis.photography en Foter.com \/ CC BY<\/sub><\/em><\/p>\n","protected":false},"excerpt":{"rendered":"<p>Hay gente que cree que el coronavirus es un instrumento de dominaci\u00f3n mundial creado por los enemigos de su pa\u00eds. Son los mismos que opinan que cuando no ganan sus candidatos hubo fraude. Esta es la gente que apoya a Trump en su intento de golpe de Estado.<\/p>\n","protected":false},"author":77,"featured_media":3416,"comment_status":"closed","ping_status":"closed","sticky":false,"template":"","format":"standard","meta":{"_acf_changed":false,"episode_type":"","audio_file":"","cover_image":"","cover_image_id":"","duration":"","filesize":"","filesize_raw":"","date_recorded":"","explicit":"","block":"","itunes_episode_number":"","itunes_title":"","itunes_season_number":"","itunes_episode_type":"","footnotes":""},"categories":[16513,16513,16514,16514,16468,16468],"tags":[],"gps":[],"class_list":{"0":"post-3415","1":"post","2":"type-post","3":"status-publish","4":"format-standard","5":"has-post-thumbnail","7":"category-eeuu","9":"category-donald-trump","11":"category-politica"},"acf":[],"_links":{"self":[{"href":"https:\/\/latinoamerica21.com\/es\/wp-json\/wp\/v2\/posts\/3415","targetHints":{"allow":["GET"]}}],"collection":[{"href":"https:\/\/latinoamerica21.com\/es\/wp-json\/wp\/v2\/posts"}],"about":[{"href":"https:\/\/latinoamerica21.com\/es\/wp-json\/wp\/v2\/types\/post"}],"author":[{"embeddable":true,"href":"https:\/\/latinoamerica21.com\/es\/wp-json\/wp\/v2\/users\/77"}],"replies":[{"embeddable":true,"href":"https:\/\/latinoamerica21.com\/es\/wp-json\/wp\/v2\/comments?post=3415"}],"version-history":[{"count":0,"href":"https:\/\/latinoamerica21.com\/es\/wp-json\/wp\/v2\/posts\/3415\/revisions"}],"wp:featuredmedia":[{"embeddable":true,"href":"https:\/\/latinoamerica21.com\/es\/wp-json\/wp\/v2\/media\/3416"}],"wp:attachment":[{"href":"https:\/\/latinoamerica21.com\/es\/wp-json\/wp\/v2\/media?parent=3415"}],"wp:term":[{"taxonomy":"category","embeddable":true,"href":"https:\/\/latinoamerica21.com\/es\/wp-json\/wp\/v2\/categories?post=3415"},{"taxonomy":"post_tag","embeddable":true,"href":"https:\/\/latinoamerica21.com\/es\/wp-json\/wp\/v2\/tags?post=3415"},{"taxonomy":"gps","embeddable":true,"href":"https:\/\/latinoamerica21.com\/es\/wp-json\/wp\/v2\/gps?post=3415"}],"curies":[{"name":"wp","href":"https:\/\/api.w.org\/{rel}","templated":true}]}}