{"id":347,"date":"2019-01-31T14:45:27","date_gmt":"2019-01-31T17:45:27","guid":{"rendered":"http:\/\/latinoamerica21.com\/?p=347"},"modified":"2023-01-08T20:07:33","modified_gmt":"2023-01-08T23:07:33","slug":"intervencion-en-venezuela","status":"publish","type":"post","link":"https:\/\/latinoamerica21.com\/es\/intervencion-en-venezuela\/","title":{"rendered":"\u00bfIntervenci\u00f3n en Venezuela?"},"content":{"rendered":"\n<p>A la luz de lo que ocurre en estos d\u00edas en Venezuela, los internacionalistas, de un lado y del otro, han sacado el polvo de sus viejas doctrinas, que atesoran como dogmas e interpretan discrecionalmente, no para ayudarnos a entender y pensar un problema, sino para definir e imponer una soluci\u00f3n de modo acr\u00edtico. Un cl\u00e1sico del derecho. En Am\u00e9rica circulan (y vuelven a circular) muchas de estas doctrinas, y todas ellas deben ser miradas con cuidado: no se trata de \u201cverdades b\u00edblicas\u201d, sino de inventos circunstanciales (hist\u00f3ricamente motivados), muy marcadas por intereses sectoriales (econ\u00f3micos), y que hoy pueden resultarnos de utilidad o no.<\/p>\n\n\n\n<p>La&nbsp;doctrina Monroe, enunciada por el presidente norteamericano James Monroe en 1823, propuso el lema \u201cAm\u00e9rica para los americanos\u201d para detener las iniciativas de la reconquista europea, luego de que estallara la etapa independentista regional. La doctrina tambi\u00e9n sirvi\u00f3 de apoyo para el desarrollo del \u201cimperialismo\u201d norteamericano sobre los pa\u00edses latinoamericanos.<\/p>\n\n\n\n<p>La&nbsp;doctrina Calvo&nbsp;(elaborada por el diplom\u00e1tico argentino Carlos Calvo) y la&nbsp;doctrina Drago&nbsp;(tambi\u00e9n enunciada por un argentino, Luis Mar\u00eda Drago, en 1902, por los incumplimientos norteamericanos en torno a la propia&nbsp;doctrina Monroe) nacieron como reflexiones sobre el no pago de deudas, por parte de los americanos, en casos que involucraban a potencias extranjeras. La primera afirm\u00f3 un principio de \u201cnacionalismo legal\u201d y sostuvo que los inversores extranjeros deb\u00edan primero agotar sus reclamos en los foros locales. Ello, en lugar de recurrir a presiones diplom\u00e1ticas o (mucho menos) a intervenciones armadas. La&nbsp;doctrina Drago&nbsp;fue enunciada frente a preocupaciones similares, en este caso frente al bloqueo naval que varias potencias europeas hab\u00edan impuesto sobre <a href=\"https:\/\/latinoamerica21.com\/podcast\/el-capitulo-venezolano-de-la-justicia-internacional\/\">Venezuela<\/a> ante el incumplimiento del pago de los servicios de deuda. M\u00e1s restringida que la anterior, la nueva doctrina vino a decir que la deuda p\u00fablica no pod\u00eda dar lugar a la intervenci\u00f3n armada ni a la ocupaci\u00f3n material del suelo de las naciones americanas por una potencia europea.<\/p>\n\n\n\n<p>Finalmente, la&nbsp;doctrina Estrada, enunciada por el mexicano Genaro Estrada, vino a afirmar el no intervencionismo (mexicano) frente a las acciones desarrolladas en el interior de las dem\u00e1s naciones: M\u00e9xico no juzgar\u00eda ni se involucrar\u00eda en tales asuntos, como muestra de respeto a la \u201csoberan\u00eda\u201d de los dem\u00e1s Estados. Los casos m\u00e1s conocidos de aplicaci\u00f3n de esta doctrina aparecieron en los a\u00f1os setenta, cuando M\u00e9xico decidi\u00f3 mantenerse \u201cneutral\u201d frente a las dictaduras que se iban esparciendo en la regi\u00f3n (un claro ejemplo de las implicaciones de la idea de \u201cno intervenci\u00f3n\u201d y respeto de la \u201csoberan\u00eda\u201d, entendida como soberan\u00eda territorial). Resulta claro, por lo dem\u00e1s, que la \u201cno intervenci\u00f3n\u201d,&nbsp;en los casos de dictaduras, colisiona con la idea de la \u201cautodeterminaci\u00f3n de los pueblos\u201d, que tambi\u00e9n tuvo inter\u00e9s en invocar la diplomacia mexicana.&nbsp;<\/p>\n\n\n\n<blockquote class=\"wp-block-quote is-layout-flow wp-block-quote-is-layout-flow\">\n<p><strong>\u00bfC\u00f3mo es que los pueblos se autodeterminan en una dictadura? <\/strong>\u00bfDe qu\u00e9 modo defendemos la &#8216;autodeterminaci\u00f3n&#8217;?\u00bb<\/p>\n<\/blockquote>\n\n\n\n<p>La gran pregunta frente a ellos es: <strong>\u00bfc\u00f3mo es que los pueblos se autodeterminan en una dictadura? <\/strong>\u00bfDe qu\u00e9 modo defendemos la \u00abautodeterminaci\u00f3n\u00bb cuando los compromisos m\u00e1s elementales de&nbsp;respeto a los derechos humanos, y&nbsp;de respeto a los procedimientos democr\u00e1ticos,&nbsp;son incumplidos sistem\u00e1ticamente? Pensemos no solo en la implicaci\u00f3n de la no intervenci\u00f3n mexicana, durante los tiempos de dictaduras latinoamericanas, sino tambi\u00e9n en lo que hubiera implicado la no intervenci\u00f3n extranjera en la Alemania nazi o frente al <em>apartheid<\/em> sudafricano. Por supuesto, decir esto no implica afirmar otro dogma (\u201ctoda intervenci\u00f3n es bienvenida, con la excusa de&#8230;\u00bb) ni tomar livianamente lo que significa \u00abintervenci\u00f3n extranjera\u00bb (una intervenci\u00f3n que lleve a la masiva violaci\u00f3n de derechos humanos en el pa\u00eds \u00abintervenido\u00bb debe ser resistida siempre, antes que quedar sujeta a meros c\u00e1lculos circunstanciales) ni desconocer que en un mundo de intereses inhumanos, los pa\u00edses m\u00e1s poderosos (los Estados Unidos hoy) pueden impulsar \u00abintervenciones\u00bb con el solo objeto de satisfacer sus intereses de ganancia a corto plazo.&nbsp;<\/p>\n\n\n\n<p>Debemos entonces rechazar las excusas de un lado y del otro, y calibrar nuestras respuestas conforme a las preguntas elementales: \u00bfc\u00f3mo garantizar los <a href=\"https:\/\/www.bbc.com\/mundo\/noticias-america-latina-46821723\">derechos humanos<\/a> cuando gobierna una dictadura? \u00bfC\u00f3mo recuperar la democracia cuando estamos frente a un Gobierno autoritario que ha roto todos los controles y frenos, como el de Venezuela? Lo que me animar\u00eda a decir, por el momento, es que debemos resistir en principio las intervenciones extranjeras armadas (salvo casos extrem\u00edsimos, como el mencionado de Alemania); tomarnos en serio nuestro compromiso con el ideal del \u00abautogobierno democr\u00e1tico\u00bb (que no se satisface ni \u00abdejando hacer\u00bb a los militares ni impidiendo que hagan las poblaciones locales); abandonar el principio bobo o ciego del \u00abno intervencionismo\u00bb, y reemplazarlo por otros principios, de prioridad de la restauraci\u00f3n democr\u00e1tica y de exigibilidad de los derechos fundamentales.<\/p>\n","protected":false},"excerpt":{"rendered":"<p>A la luz de lo que ocurre en Venezuela, los internacionalistas, de ambos lados, han sacado el polvo de sus viejas doctrinas, que atesoran como dogmas e interpretan discrecionalmente, no para entender y pensar un problema, sino para definir e imponer una soluci\u00f3n de modo acr\u00edtico. Un cl\u00e1sico del derecho.<\/p>\n","protected":false},"author":23,"featured_media":348,"comment_status":"closed","ping_status":"closed","sticky":false,"template":"","format":"standard","meta":{"_acf_changed":false,"episode_type":"","audio_file":"","cover_image":"","cover_image_id":"","duration":"","filesize":"","filesize_raw":"","date_recorded":"","explicit":"","block":"","itunes_episode_number":"","itunes_title":"","itunes_season_number":"","itunes_episode_type":"","footnotes":""},"categories":[16482,16482],"tags":[],"gps":[],"class_list":{"0":"post-347","1":"post","2":"type-post","3":"status-publish","4":"format-standard","5":"has-post-thumbnail","7":"category-nicolas-maduro-2"},"acf":[],"_links":{"self":[{"href":"https:\/\/latinoamerica21.com\/es\/wp-json\/wp\/v2\/posts\/347","targetHints":{"allow":["GET"]}}],"collection":[{"href":"https:\/\/latinoamerica21.com\/es\/wp-json\/wp\/v2\/posts"}],"about":[{"href":"https:\/\/latinoamerica21.com\/es\/wp-json\/wp\/v2\/types\/post"}],"author":[{"embeddable":true,"href":"https:\/\/latinoamerica21.com\/es\/wp-json\/wp\/v2\/users\/23"}],"replies":[{"embeddable":true,"href":"https:\/\/latinoamerica21.com\/es\/wp-json\/wp\/v2\/comments?post=347"}],"version-history":[{"count":0,"href":"https:\/\/latinoamerica21.com\/es\/wp-json\/wp\/v2\/posts\/347\/revisions"}],"wp:featuredmedia":[{"embeddable":true,"href":"https:\/\/latinoamerica21.com\/es\/wp-json\/wp\/v2\/media\/348"}],"wp:attachment":[{"href":"https:\/\/latinoamerica21.com\/es\/wp-json\/wp\/v2\/media?parent=347"}],"wp:term":[{"taxonomy":"category","embeddable":true,"href":"https:\/\/latinoamerica21.com\/es\/wp-json\/wp\/v2\/categories?post=347"},{"taxonomy":"post_tag","embeddable":true,"href":"https:\/\/latinoamerica21.com\/es\/wp-json\/wp\/v2\/tags?post=347"},{"taxonomy":"gps","embeddable":true,"href":"https:\/\/latinoamerica21.com\/es\/wp-json\/wp\/v2\/gps?post=347"}],"curies":[{"name":"wp","href":"https:\/\/api.w.org\/{rel}","templated":true}]}}