{"id":365,"date":"2019-01-10T13:32:55","date_gmt":"2019-01-10T16:32:55","guid":{"rendered":"http:\/\/latinoamerica21.com\/?p=365"},"modified":"2023-01-16T22:49:44","modified_gmt":"2023-01-17T01:49:44","slug":"el-esperpento-de-los-corruptos","status":"publish","type":"post","link":"https:\/\/latinoamerica21.com\/es\/el-esperpento-de-los-corruptos\/","title":{"rendered":"El esperpento de los corruptos"},"content":{"rendered":"\n<p>En un rid\u00edculo intento por disimular un manotazo de ahogado, el fiscal general de Per\u00fa, Pedro Ch\u00e1varry, destituy\u00f3 el 31 de diciembre en la noche a los fiscales Rafael Vela y Jos\u00e9 Domingo P\u00e9rez como miembros del Equipo Especial del Ministerio P\u00fablico que investigaba el caso Odebrecht en el pa\u00eds andino. De esta manera, el fiscal general pretend\u00eda frenar la investigaci\u00f3n que tiene bajo la lupa a los expresidentes Alan Garc\u00eda, Alejandro Toledo, Ollanta Humala, Pedro Pablo Kuczynski, y, a su vez, a Keiko Fujimori, l\u00edder de la oposici\u00f3n e hija de otro expresidente ya encarcelado. <\/p>\n\n\n\n<p>De hecho, previamente el fiscal P\u00e9rez hab\u00eda solicitado la denuncia de Ch\u00e1varry por supuesta obstrucci\u00f3n de la justicia en el caso que implicaba a la candidata presidencial y al propio fiscal general, quien es investigado por integrar la red de jueces acusados por corrupci\u00f3n. La destituci\u00f3n de los fiscales se hab\u00eda producido luego de que estos hubieran cerrado un acuerdo de colaboraci\u00f3n con Odebrecht, que implicaba el pago de una multa y su cooperaci\u00f3n en las investigaciones.<\/p>\n\n\n\n<p>Desde el mes de agosto, el fiscal general Ch\u00e1varry ven\u00eda bloqueando, con el apoyo del bloque fujimorista en el Congreso, una investigaci\u00f3n fiscal en su contra por integrar presuntamente la red de corrupci\u00f3n del sistema de justicia, conocida como la mafia de los Cuellos Blancos del Puerto. El destituido juez supremo, C\u00e9sar Hinostroza, l\u00edder de la trama y quien permanece en Madrid bajo arresto y a la espera de su extradici\u00f3n, hab\u00eda ofrecido previamente a Keiko Fujimori la revisi\u00f3n de una sentencia, para evitar su investigaci\u00f3n por lavado de activos. Sin embargo, poco m\u00e1s de una semana despu\u00e9s de la grotesca maniobra, y en medio de una enorme presi\u00f3n social, el fiscal general Ch\u00e1varry se vio obligado a presentar su renuncia, luego de que los fiscales apelaran la decisi\u00f3n ante la junta de fiscales supremos, y de que el presidente Mart\u00edn Vizcarra entregara al Congreso un proyecto de ley para disolver la junta de fiscales que integraba Ch\u00e1varry. <\/p>\n\n\n\n<blockquote class=\"wp-block-quote is-layout-flow wp-block-quote-is-layout-flow\">\n<p>El presidente Jimmy Morales, quien surgi\u00f3 como popular c\u00f3mico de televisi\u00f3n y predicador evangelista, y que bajo el lema de &#8216;ni corrupto ni ladr\u00f3n&#8217; lleg\u00f3 a la Presidencia, anunci\u00f3 unilateralmente el fin del acuerdo con la Comisi\u00f3n Internacional contra la Impunidad en Guatemala (Cicig)\u00bb<\/p>\n<\/blockquote>\n\n\n\n<p>Mientras en Per\u00fa el fiscal general ha tenido que presentar su renuncia liberando el camino a las investigaciones por corrupci\u00f3n que han estado vinculadas al caso Odebrecht, en Guatemala se vive por estos d\u00edas una situaci\u00f3n opuesta. El presidente Jimmy Morales, quien surgi\u00f3 como popular c\u00f3mico de televisi\u00f3n y predicador evangelista, y que bajo el lema de \u00abni corrupto ni ladr\u00f3n\u00bb lleg\u00f3 a la Presidencia, anunci\u00f3 unilateralmente el fin del acuerdo con la Comisi\u00f3n Internacional contra la Impunidad en Guatemala (Cicig) de la ONU, que lo se\u00f1ala por corrupci\u00f3n, pese a que el mandato deb\u00eda mantenerse hasta por lo menos septiembre de este a\u00f1o.<\/p>\n\n\n\n<p>Morales, quien dio un plazo de 24 horas al personal del organismo para abandonar el pa\u00eds, justific\u00f3 su decisi\u00f3n, debido a una supuesta \u201cviolaci\u00f3n grave de la Cicig a las leyes nacionales e internacionales\u201d y a que Iv\u00e1n Vel\u00e1squez, quien dirige el organismo, \u201cmantiene una cultura de confrontaci\u00f3n entre los guatemaltecos\u201d. <\/p>\n\n\n\n<p>Si bien en 2015, durante la campa\u00f1a electoral, Morales hab\u00eda asegurado que prolongar\u00eda el mandato de la Cicig, desde septiembre del 2017 el organismo, que durante diez a\u00f1os ha denunciado casos de corrupci\u00f3n de gran impacto, viene sufriendo ataques por parte del Gobierno. La postura del presidente cambi\u00f3 cuando a principios de ese a\u00f1o las autoridades del organismo denunciaron un caso de supuesta corrupci\u00f3n que involucraba a familiares del presidente, lo que se sum\u00f3 a otras acusaciones del Ministerio P\u00fablico hacia el propio Morales por presunto financiamiento electoral il\u00edcito. Estas acusaciones, sin embargo, no prosperaron, debido a que el Congreso se ha negado a que el Ministerio P\u00fablico y la Cicig investiguen al mandatario.<\/p>\n\n\n\n<p>Simult\u00e1neamente con estas maniobras descaradas en Per\u00fa y Guatemala, en Colombia el 2018 se desped\u00eda con la aparici\u00f3n de otro muerto con rastros de cianuro: el segundo testigo del caso Odebrecht en menos de dos meses. A principios de diciembre, <a href=\"https:\/\/www.bbc.com\/mundo\/noticias-america-latina-46697350\">Rafael Merch\u00e1n<\/a>, quien hab\u00eda sido secretario de Transparencia, hab\u00eda recibido el aval para dar su testimonio en una de las investigaciones sobre los sobornos de la constructora brasile\u00f1a Odebrecht en Colombia.<\/p>\n\n\n\n<p>Sin embargo, al igual que Jorge Enrique Pizano, quien supuestamente muri\u00f3 a causa de un infarto y cuyo hijo fallec\u00eda tres d\u00edas m\u00e1s tarde, envenenado con cianuro al beber de una botella que se encontraba en el escritorio de su padre, el testimonio de Rafael Merch\u00e1n tampoco podr\u00e1 ser utilizado para aclarar la investigaci\u00f3n. Esta nueva muerte no ha hecho m\u00e1s que enturbiar a\u00fan m\u00e1s las investigaciones que se extienden a la financiaci\u00f3n de las campa\u00f1as presidenciales colombianas de 2010 y 2014.<\/p>\n\n\n\n<p>Estos casos son solamente una muestra de la grotesca actuaci\u00f3n de la corrupci\u00f3n en <a href=\"https:\/\/latinoamerica21.com\/es\/dejense-de-joder-con-el-pueblo\/\">Am\u00e9rica Latina<\/a>, que se extiende en algunos pa\u00edses hasta las m\u00e1s altas esferas. Esc\u00e1ndalos protagonizados por presidentes, congresistas, o jueces, representantes de los diferentes poderes, que abusan de la impunidad y se encubren mutuamente utilizando al Estado como guarida.<\/p>\n","protected":false},"excerpt":{"rendered":"<p>En un intento por disimular un manotazo de ahogado, el fiscal general de Per\u00fa, Pedro Ch\u00e1varry, destituy\u00f3 el 31 de diciembre en la noche a los fiscales Rafael Vela y Jos\u00e9 Domingo P\u00e9rez como miembros del Equipo Especial del Ministerio P\u00fablico que investigaba el caso Odebrecht.<\/p>\n","protected":false},"author":2,"featured_media":367,"comment_status":"closed","ping_status":"closed","sticky":false,"template":"","format":"standard","meta":{"_acf_changed":false,"episode_type":"","audio_file":"","cover_image":"","cover_image_id":"","duration":"","filesize":"","filesize_raw":"","date_recorded":"","explicit":"","block":"","itunes_episode_number":"","itunes_title":"","itunes_season_number":"","itunes_episode_type":"","footnotes":""},"categories":[16474,16474,16477,16477,16493,16493,16494,16494],"tags":[],"gps":[],"class_list":{"0":"post-365","1":"post","2":"type-post","3":"status-publish","4":"format-standard","5":"has-post-thumbnail","7":"category-corrupcion","9":"category-colombia","11":"category-peru","13":"category-guatemala"},"acf":[],"_links":{"self":[{"href":"https:\/\/latinoamerica21.com\/es\/wp-json\/wp\/v2\/posts\/365","targetHints":{"allow":["GET"]}}],"collection":[{"href":"https:\/\/latinoamerica21.com\/es\/wp-json\/wp\/v2\/posts"}],"about":[{"href":"https:\/\/latinoamerica21.com\/es\/wp-json\/wp\/v2\/types\/post"}],"author":[{"embeddable":true,"href":"https:\/\/latinoamerica21.com\/es\/wp-json\/wp\/v2\/users\/2"}],"replies":[{"embeddable":true,"href":"https:\/\/latinoamerica21.com\/es\/wp-json\/wp\/v2\/comments?post=365"}],"version-history":[{"count":0,"href":"https:\/\/latinoamerica21.com\/es\/wp-json\/wp\/v2\/posts\/365\/revisions"}],"wp:featuredmedia":[{"embeddable":true,"href":"https:\/\/latinoamerica21.com\/es\/wp-json\/wp\/v2\/media\/367"}],"wp:attachment":[{"href":"https:\/\/latinoamerica21.com\/es\/wp-json\/wp\/v2\/media?parent=365"}],"wp:term":[{"taxonomy":"category","embeddable":true,"href":"https:\/\/latinoamerica21.com\/es\/wp-json\/wp\/v2\/categories?post=365"},{"taxonomy":"post_tag","embeddable":true,"href":"https:\/\/latinoamerica21.com\/es\/wp-json\/wp\/v2\/tags?post=365"},{"taxonomy":"gps","embeddable":true,"href":"https:\/\/latinoamerica21.com\/es\/wp-json\/wp\/v2\/gps?post=365"}],"curies":[{"name":"wp","href":"https:\/\/api.w.org\/{rel}","templated":true}]}}