{"id":37050,"date":"2024-01-23T09:00:00","date_gmt":"2024-01-23T12:00:00","guid":{"rendered":"https:\/\/latinoamerica21.com\/?p=37050"},"modified":"2024-01-23T03:10:34","modified_gmt":"2024-01-23T06:10:34","slug":"davos-foro-del-socialismo-el-ascenso-de-la-extrema-derecha-y-el-discurso-extractivista","status":"publish","type":"post","link":"https:\/\/latinoamerica21.com\/es\/davos-foro-del-socialismo-el-ascenso-de-la-extrema-derecha-y-el-discurso-extractivista\/","title":{"rendered":"Davos, \u201cforo del socialismo\u201d: el ascenso de la extrema derecha y el discurso extractivista"},"content":{"rendered":"\n<p>Como todos los a\u00f1os, del 15 al 19 de enero Davos congregar\u00e1 a los principales empresarios y CEOs. Dicho evento convoca tambi\u00e9n a representantes pol\u00edticos de todo el mundo, incluido el presidente argentino, Javier Milei. Suiza, donde queda este exclusivo resort alpino, resulta fuertemente afectada por el calentamiento global. Con temperaturas que ya superan los 2\u00baC de promedio global, muchos de los centros de esqu\u00ed se est\u00e1n quedando sin nieve. Dicho fen\u00f3meno, por cierto, no resulta desconocido por los organizadores, ni desapercibido entre los participantes.<\/p>\n\n\n\n<p>Tal como viene ocurriendo en los \u00faltimos a\u00f1os, el \u00faltimo<a href=\"https:\/\/www.weforum.org\/publications\/global-risks-report-2024\/\"> informe de riesgo global<\/a> que anualmente emite el Foro Econ\u00f3mico Global destaca la problem\u00e1tica ambiental. La emergencia clim\u00e1tica, as\u00ed como la p\u00e9rdida de biodiversidad, ocupa un rol central. En opini\u00f3n de los entrevistados, el futuro del mundo se muestra sombr\u00edo, una oscuridad que reconoce m\u00faltiples causas (conflictos b\u00e9licos, disputas geopol\u00edticas, eventos extremos, temperaturas en ascenso, grandes desplazamientos de poblaci\u00f3n, descontento social, inteligencia artificial y diseminaci\u00f3n de noticias falsas). Ello genera preocupaci\u00f3n, tanto entre los empresarios como en aquellos que ocupan lugares p\u00fablicos. Tal situaci\u00f3n obliga tambi\u00e9n a repensar la econom\u00eda, a revisitar los principales conceptos que cimentan la toma de decisiones.<\/p>\n\n\n\n<p>Si las decisiones de inversi\u00f3n solo se centran en la eficiencia, de seguro estaremos en problemas. En un contexto signado por m\u00faltiples crisis, a menudo interrelacionadas, donde predomina la incertidumbre radical frente a condiciones extraordinarias, la idea de <strong>resiliencia<\/strong> adquiere protagonismo y la primac\u00eda de la <strong>eficiencia<\/strong> induce decisiones err\u00f3neas.<\/p>\n\n\n\n<p>La resiliencia se convierte en una de las virtudes de los sistemas complejos, los cuales priorizan el espacio para el aprendizaje y la adaptaci\u00f3n. La presencia de<strong> incertidumbre<\/strong> plantea la necesidad de fortalecer el sistema; la experimentaci\u00f3n y el error son admitidos. Ello se contrapone con la visi\u00f3n econ\u00f3mica tradicional, la cual otorga a la eficiencia el lugar destacado. No menos importante es la visi\u00f3n de corto plazo imperante en la actualidad, de alcance estrecho, que prioriza la ganancia inmediata e impide la b\u00fasqueda de consensos.<\/p>\n\n\n\n<p>Cuando observamos <a href=\"https:\/\/latinoamerica21.com\/es\/transicion-energetica-en-tiempos-de-oscuridad-climatica\/\">las propuestas ambientales del nuevo gobierno argentino<\/a>, nos damos cuenta de cu\u00e1n alejados est\u00e1n nuestros l\u00edderes de las discusiones que se dan en el mundo. La agenda de Davos est\u00e1 contaminada de socialismo, tal el pensamiento del m\u00e1ximo representante argentino: la extrema derecha en el poder. Pero dicho reclamo no surge en el vac\u00edo, representa el pensar de las principales entidades empresarias del pa\u00eds, reclamando derogar (glaciares, bosques) o bloquear la sanci\u00f3n de leyes (humedales). El oscurantismo del gobierno se al\u00eda con el cortoplacismo del \u201cc\u00edrculo rojo\u201d, una nueva alianza que desconoce el momento cr\u00edtico que atraviesa la sociedad actual.<\/p>\n\n\n\n<p><strong>Resiliencia en la toma de decisiones<\/strong><\/p>\n\n\n\n<p>La resiliencia garantiza el hacer frente a imprevistos, los cuales surgen en toda sociedad compleja: capear los riesgos que impone el avenir. El soportar profundas turbulencias, sobrevivir a los choques y garantizar la continuidad de sus funciones m\u00e1s b\u00e1sicas se ha revelado y reafirmado como fundamental. Estos choques generan perturbaciones, desastres naturales con consecuencias sobre la vida humana tanto como sobre la econom\u00eda. Cualquiera sea el desastre, afecta a los <em>stocks<\/em> (p\u00e9rdidas de activos) tanto como en los flujos (reduce el producto). La resiliencia implica tambi\u00e9n reconocer los l\u00edmites del planeta, lo cual explica la necesidad de proteger los glaciares o preservar los bosques nativos.<\/p>\n\n\n\n<p>Invertir en resiliencia impone costos en el corto plazo, lo cual socaba las (coyunturales) ganancias. A mediano plazo, sin embargo, los beneficios que generan estas inversiones superan largamente a los costos. Tal es la conclusi\u00f3n que destaca<a href=\"https:\/\/www.weforum.org\/publications\/building-a-resilient-tomorrow-concrete-actions-for-global-leaders\/\"> un informe de la consultora McKinsey para el Foro Econ\u00f3mico Global<\/a>, que rese\u00f1a experiencias tanto p\u00fablicas como privadas. Para unos como para otros, considerar aspectos de resiliencia implica sopesar el largo plazo al momento de la toma de decisiones. Tales consideraciones, sin embargo, resultan a menudo relegadas en econom\u00edas emergentes porque tal inclusi\u00f3n presiona sobre las finanzas p\u00fablicas: implica mayor endeudamiento.<\/p>\n\n\n\n<p><strong>Resiliencia y contrato social<\/strong><\/p>\n\n\n\n<p>La gran diversidad que evidencia toda sociedad implica que, ante un desastre natural, determinados grupos se ver\u00e1n m\u00e1s afectados que otros. Ello no significa que la ciudadan\u00eda resulta indefensa ante situaciones extremas como las aqu\u00ed planteadas, al menos no necesariamente. Aquellas sociedades que exhiben sistemas de protecci\u00f3n social resultan mejor preparadas para hacer frente a una crisis que las que no lo est\u00e1n. Toda red de contenci\u00f3n tiende a proteger a los m\u00e1s vulnerables, se entiende como un mecanismo de compartir riesgos. As\u00ed considerada, la idea de resiliencia no solo se vincula al concepto de robustez y adaptaci\u00f3n sino tambi\u00e9n a la capacidad de transformaci\u00f3n. En un mundo signado por eventos extremos, la resiliencia institucional deviene clave.<\/p>\n\n\n\n<p>Por ello la importancia de la b\u00fasqueda de consensos y la construcci\u00f3n institucional: la prevenci\u00f3n ayuda a confrontar los m\u00e1s diversos riesgos, reduce la incertidumbre. Si las reglas no resultan impuestas, sino que resultan consensuadas y sujetas a cambio, entonces es m\u00e1s probable que el sistema resulte m\u00e1s robusto. El informe previamente mencionado destaca el riesgo de un aumento de la polarizaci\u00f3n y su potencial impacto en el deterioro econ\u00f3mico.<\/p>\n\n\n\n<p>Debemos mirar al futuro, pero ya no con las anteojeras del pasado y la mirada estrecha del presente. Un sistema resiliente no es aquel que vuelve a la normalidad despu\u00e9s de un shock, sino uno que puede anticipar, absorber, recuperarse y adaptarse a un variado conjunto de amenazas sist\u00e9micas. Al confrontar la incertidumbre que nos depara el futuro, los desaf\u00edos abundan, aunque ayuda a comprender la sociedad actual, en la cual conviven intereses, valores y visiones distintas.<\/p>\n\n\n\n<p>El problema de la resiliencia se asocia a t\u00f3picos, tales como el establecer reglas que resulten lo suficientemente flexibles para responder a la incertidumbre y los cambios inesperados, pero al mismo tiempo duraderas, en el sentido de recrear un \u00e1mbito institucionalmente cre\u00edble en el que la gente pueda confiar. Lo anterior plantea la importancia del <strong>contrato social<\/strong>, entendido como un mecanismo que resulta reconocido por los distintos sectores de la sociedad que permite hacer frente a los desaf\u00edos y riesgos que confrontan. Dicho contrato resultar\u00e1 resiliente si permite imponer l\u00edmites a la difusi\u00f3n de externalidades negativas por parte de unos sobre otros, pero, por otro lado, asegurar a la sociedad frente a riesgos externos. De esta forma, las normas sociales destacan el sentido de pertenencia, brindan sentimiento comunitario. Dicha identidad resulta crucial, algo cr\u00edtico para mantener la cohesi\u00f3n de una sociedad.<\/p>\n\n\n\n<p>Caso contrario, de seguir avanzando sobre los l\u00edmites del planeta, de alcanzarse los \u201cpuntos de quiebre\u201d podr\u00eda ocurrir que la adaptaci\u00f3n no baste. De la resiliencia pasamos al desastre. Y, a medida que nos acercamos al punto de quiebre (asociado tambi\u00e9n con la idea de \u201cpunto de no retorno\u201d), cuanto m\u00e1s cercano se percibe el desastre mayor la percepci\u00f3n del \u201cs\u00e1lvese quien pueda\u201d que reina en vastos sectores de la sociedad.<\/p>\n","protected":false},"excerpt":{"rendered":"<p>En un contexto signado por m\u00faltiples crisis, a menudo interrelacionadas, donde predomina la incertidumbre radical frente a condiciones extraordinarias, la idea de resiliencia adquiere protagonismo y la primac\u00eda de la eficiencia induce decisiones err\u00f3neas.<\/p>\n","protected":false},"author":213,"featured_media":37051,"comment_status":"closed","ping_status":"closed","sticky":false,"template":"","format":"standard","meta":{"_acf_changed":false,"episode_type":"","audio_file":"","cover_image":"","cover_image_id":"","duration":"","filesize":"","filesize_raw":"","date_recorded":"","explicit":"","block":"","itunes_episode_number":"","itunes_title":"","itunes_season_number":"","itunes_episode_type":"","footnotes":""},"categories":[17439,16580,16476],"tags":[14126],"gps":[],"class_list":{"0":"post-37050","1":"post","2":"type-post","3":"status-publish","4":"format-standard","5":"has-post-thumbnail","7":"category-foro-economico-global","8":"category-cambio-climatico","9":"category-desigualdad-es","10":"tag-debates-br-es"},"acf":[],"_links":{"self":[{"href":"https:\/\/latinoamerica21.com\/es\/wp-json\/wp\/v2\/posts\/37050","targetHints":{"allow":["GET"]}}],"collection":[{"href":"https:\/\/latinoamerica21.com\/es\/wp-json\/wp\/v2\/posts"}],"about":[{"href":"https:\/\/latinoamerica21.com\/es\/wp-json\/wp\/v2\/types\/post"}],"author":[{"embeddable":true,"href":"https:\/\/latinoamerica21.com\/es\/wp-json\/wp\/v2\/users\/213"}],"replies":[{"embeddable":true,"href":"https:\/\/latinoamerica21.com\/es\/wp-json\/wp\/v2\/comments?post=37050"}],"version-history":[{"count":0,"href":"https:\/\/latinoamerica21.com\/es\/wp-json\/wp\/v2\/posts\/37050\/revisions"}],"wp:featuredmedia":[{"embeddable":true,"href":"https:\/\/latinoamerica21.com\/es\/wp-json\/wp\/v2\/media\/37051"}],"wp:attachment":[{"href":"https:\/\/latinoamerica21.com\/es\/wp-json\/wp\/v2\/media?parent=37050"}],"wp:term":[{"taxonomy":"category","embeddable":true,"href":"https:\/\/latinoamerica21.com\/es\/wp-json\/wp\/v2\/categories?post=37050"},{"taxonomy":"post_tag","embeddable":true,"href":"https:\/\/latinoamerica21.com\/es\/wp-json\/wp\/v2\/tags?post=37050"},{"taxonomy":"gps","embeddable":true,"href":"https:\/\/latinoamerica21.com\/es\/wp-json\/wp\/v2\/gps?post=37050"}],"curies":[{"name":"wp","href":"https:\/\/api.w.org\/{rel}","templated":true}]}}