{"id":37421,"date":"2024-02-02T15:00:00","date_gmt":"2024-02-02T18:00:00","guid":{"rendered":"https:\/\/latinoamerica21.com\/?p=37421"},"modified":"2024-02-02T08:24:14","modified_gmt":"2024-02-02T11:24:14","slug":"bolivia-y-la-disputa-por-el-control-del-poder-judicial","status":"publish","type":"post","link":"https:\/\/latinoamerica21.com\/es\/bolivia-y-la-disputa-por-el-control-del-poder-judicial\/","title":{"rendered":"Bolivia y la disputa por el control del poder judicial\u00a0"},"content":{"rendered":"\n<p>Bolivia vive una crisis social causada por el poder legislativo que no se pone de acuerdo en la elaboraci\u00f3n de una ley de convocatoria para las elecciones de los m\u00e1ximos representantes del poder judicial. Uno de sus \u00f3rganos, el Tribunal Constitucional Plurinacional, anul\u00f3 el 29 de septiembre la reelecci\u00f3n indefinida e inhabilit\u00f3 a Evo Morales para las elecciones del pr\u00f3ximo a\u00f1o 2025. Esto ha ocasionado la furia del expresidente y hoy opositor Morales, quien ha ordenado a sus seguidores <a href=\"https:\/\/www.infobae.com\/america\/america-latina\/2024\/01\/23\/crisis-en-bolivia-la-division-en-el-mas-y-el-bloqueo-de-caminos-marco-el-aniversario-del-estado-plurinacional\/\">bloquear caminos en varios puntos clave del pa\u00eds<\/a>. Hoy el pa\u00eds est\u00e1 semiparalizado.<\/p>\n\n\n\n<p>Las elecciones de magistrados del poder judicial por voto popular son una completa extravagancia en el contexto de los sistemas de justicia latinoamericano y mundial. Este m\u00e9todo se insert\u00f3 en la nueva Constituci\u00f3n boliviana sancionada en 2009. La idea era evitar que los partidos pol\u00edticos, en el congreso, se repartan los altos cargos del poder judicial.<\/p>\n\n\n\n<p>Sin embargo, la vacuna result\u00f3 m\u00e1s peligrosa que el virus. El Movimiento al Socialismo (MAS), con su amplia mayor\u00eda en el Congreso, defini\u00f3 a los candidatos a magistrados, en su mayor\u00eda afines a este partido, lo que facilit\u00f3 su control por parte del poder ejecutivo. La muestra m\u00e1s di\u00e1fana de este sometimiento fue la determinaci\u00f3n del Tribunal Constitucional Plurinacional (TCP) que en 2017 habilit\u00f3 a Morales para un cuarto mandato continuo, bajo el argumento risible que proteg\u00eda los derechos humanos del entonces presidente de Bolivia.<\/p>\n\n\n\n<p>A lo largo de m\u00e1s de 15 a\u00f1os del gobierno del MAS, el poder judicial se ha convertido en un engranaje m\u00e1s del poder ejecutivo, que ha utilizado la justicia para detener la trayectoria pol\u00edtica de sus opositores. Evo Morales, sin ning\u00fan miramiento, promovi\u00f3 el acoso judicial de numerosos pol\u00edticos que, o bien optaron por salir de la vida pol\u00edtica, o se convirtieron en militantes del MAS.<\/p>\n\n\n\n<p>Como en pol\u00edtica la paradoja suele ser la norma y no la excepci\u00f3n, Morales, con la \u00faltima sentencia del TCP que lo inhabilita como candidato para los comicios, pas\u00f3 de ser el verdugo que activa la pesada guillotina judicial sobre el cuello de sus enemigos, para ser una v\u00edctima de esta misma maquinaria que \u00e9l se encarg\u00f3 de aceitar y pulir.&nbsp;&nbsp;<\/p>\n\n\n\n<p>Con estos antecedentes, se puede comprender la urgencia que tiene Morales para la <a href=\"https:\/\/latinoamerica21.com\/es\/las-elecciones-judiciales-y-el-fragil-estado-de-derecho-boliviano\/\">realizaci\u00f3n de las elecciones judiciales<\/a> en el plazo m\u00e1s breve posible ya que mantiene la esperanza de que los nuevos candidatos a magistrados, apadrinados por \u00e9l, ganen en las elecciones judiciales y nuevamente habiliten a Morales a un cuarto mandato. Solo de este modo se puede entender el s\u00fabito cambio de postura del l\u00edder cocalero respecto de la justicia: ahora la desea independiente cuando antes la quer\u00eda sumisa y corrupta.<\/p>\n\n\n\n<p>Morales se ha jugado el todo por el todo y hasta el momento su medida de bloqueo de caminos permanece. Ya son m\u00e1s de 10 d\u00edas de vigencia de esta medida, con 36 puntos de bloqueo claves para la transitabilidad de los caminos. Las empresas de transporte de pasajeros han dejado de emitir boletos y esta medida ya ha ocasionado dos muertos y 11 heridos, la mayor\u00eda de ellos de la polic\u00eda.<\/p>\n\n\n\n<p>Ante esta emergencia, el gobierno solo ha atinado a movilizar tropas policiales para intentar levantar los bloqueos con poco \u00e9xito. Los movilizados no solo atacan con piedras a polic\u00edas, choferes y viajeros, sino que utilizan dinamita. Desde el espacio institucional, el vicepresidente David Choquehuanca, como m\u00e1ximo ejecutivo del poder legislativo, ha llamado a reuniones para consensuar la convocatoria a elecciones judiciales. Empero, esta medida no ha hecho que los bloqueos disminuyan sino que, al contrario, ha envalentonado a\u00fan m\u00e1s a los miembros del ala del MAS af\u00edn a Morales.<\/p>\n\n\n\n<p>Los bloqueos son una acci\u00f3n colectiva relativamente nueva en Bolivia. Hasta 1985 la forma de protesta era el paro de actividades, una cl\u00e1sica medida de clase, recomendada ardientemente por Karl Marx y obedecida al pie de la letra por la Central Obrera Boliviana, el actor central de la pol\u00edtica entre 1952 y 1985.&nbsp;&nbsp;<\/p>\n\n\n\n<p>Una vez derrotado el movimiento obrero, que ya no ten\u00eda la fuerza para presionar al gobierno con huelgas, el mecanismo que se urdi\u00f3 para presionar sobre el poder ejecutivo fue el bloqueo de caminos, un repertorio de acci\u00f3n colectiva que tiene como actores determinantes a los movimientos campesinos.<\/p>\n\n\n\n<p>Fueron los&nbsp; bloqueos de calles y caminos lo que derribaron a dos presidentes elegidos constitucionalmente: Gonzalo S\u00e1nchez de Lozada en 2003 y Carlos Mesa en 2005. El presidente Luis Arce tiene razones para preocuparse.<\/p>\n","protected":false},"excerpt":{"rendered":"<p>La inhabilitaci\u00f3n de la reelecci\u00f3n de Evo Morales por parte del Tribunal Constitucional Plurinacional ha ocasionado la furia del expresidente y hoy opositor, quien ha ordenado a sus seguidores bloquear caminos en varios puntos del pa\u00eds. <\/p>\n","protected":false},"author":279,"featured_media":37422,"comment_status":"closed","ping_status":"closed","sticky":false,"template":"","format":"standard","meta":{"_acf_changed":false,"episode_type":"","audio_file":"","cover_image":"","cover_image_id":"","duration":"","filesize":"","filesize_raw":"","date_recorded":"","explicit":"","block":"","itunes_episode_number":"","itunes_title":"","itunes_season_number":"","itunes_episode_type":"","footnotes":""},"categories":[16470,16472,16540],"tags":[14126],"gps":[],"class_list":{"0":"post-37421","1":"post","2":"type-post","3":"status-publish","4":"format-standard","5":"has-post-thumbnail","7":"category-bolivia","8":"category-evo-morales","9":"category-crisis-social","10":"tag-debates-br-es"},"acf":[],"_links":{"self":[{"href":"https:\/\/latinoamerica21.com\/es\/wp-json\/wp\/v2\/posts\/37421","targetHints":{"allow":["GET"]}}],"collection":[{"href":"https:\/\/latinoamerica21.com\/es\/wp-json\/wp\/v2\/posts"}],"about":[{"href":"https:\/\/latinoamerica21.com\/es\/wp-json\/wp\/v2\/types\/post"}],"author":[{"embeddable":true,"href":"https:\/\/latinoamerica21.com\/es\/wp-json\/wp\/v2\/users\/279"}],"replies":[{"embeddable":true,"href":"https:\/\/latinoamerica21.com\/es\/wp-json\/wp\/v2\/comments?post=37421"}],"version-history":[{"count":0,"href":"https:\/\/latinoamerica21.com\/es\/wp-json\/wp\/v2\/posts\/37421\/revisions"}],"wp:featuredmedia":[{"embeddable":true,"href":"https:\/\/latinoamerica21.com\/es\/wp-json\/wp\/v2\/media\/37422"}],"wp:attachment":[{"href":"https:\/\/latinoamerica21.com\/es\/wp-json\/wp\/v2\/media?parent=37421"}],"wp:term":[{"taxonomy":"category","embeddable":true,"href":"https:\/\/latinoamerica21.com\/es\/wp-json\/wp\/v2\/categories?post=37421"},{"taxonomy":"post_tag","embeddable":true,"href":"https:\/\/latinoamerica21.com\/es\/wp-json\/wp\/v2\/tags?post=37421"},{"taxonomy":"gps","embeddable":true,"href":"https:\/\/latinoamerica21.com\/es\/wp-json\/wp\/v2\/gps?post=37421"}],"curies":[{"name":"wp","href":"https:\/\/api.w.org\/{rel}","templated":true}]}}