{"id":3746,"date":"2021-02-03T07:16:19","date_gmt":"2021-02-03T10:16:19","guid":{"rendered":"http:\/\/latinoamerica21.com\/?p=3746"},"modified":"2021-02-04T04:36:05","modified_gmt":"2021-02-04T07:36:05","slug":"es-la-politica-una-actividad-esencial-para-la-sociedad","status":"publish","type":"post","link":"https:\/\/latinoamerica21.com\/es\/es-la-politica-una-actividad-esencial-para-la-sociedad\/","title":{"rendered":"Vacunar a los pol\u00edticos: \u00bfoportunismo o necesidad?"},"content":{"rendered":"\n<p>\u00bfEs la pol\u00edtica una actividad esencial para la sociedad? Probablemente esta pregunta no se habr\u00eda planteado en otras circunstancias a no ser por la Pandemia de la COVID-19 en el mundo. Presidentes, primeros ministros, legisladores, gobernadores y otras personas m\u00e1s que ocupan cargos pol\u00edticos de primer nivel han sido vacunados o han expresado su inter\u00e9s en ser de los primeros inoculados con las vacunas que los laboratorios han puesto a disposici\u00f3n.<\/p>\n\n\n\n<p>En Inglaterra, entre las primeras personas en recibir la vacuna apenas iniciado el a\u00f1o 2021 fueron la Reina Isabel II de 94 a\u00f1os y su esposo el Pr\u00edncipe Felipe de Edimburgo de 99. Unas semanas antes, en Estados Unidos, fueron vacunados Joe Biden de 78 y su esposa de 69, luego siguieron la ahora vicepresidenta Kamala Harris y su esposo, y el todav\u00eda vicepresidente Mike Pence, tambi\u00e9n Nancy Pelosi y otros l\u00edderes y miembros del Senado y la C\u00e1mara de Representantes. Esta acci\u00f3n fue criticada por algunos gobernadores y congresistas al considerar que los pol\u00edticos no estaban en la primera l\u00ednea de la lucha contra la pandemia.<\/p>\n\n\n\n<p>En Argentina el presidente Alberto Fern\u00e1ndez de 61 a\u00f1os fue el primer presidente latinoamericano vacunado con la Sputnik V de origen ruso, incluso antes que Vladimir Putin de 68. Muchos pol\u00edticos quieren ser considerados entre los primeros grupos en ser vacunados, como lo han solicitado en M\u00e9xico miembros de Morena, el partido en el gobierno. En Espa\u00f1a se ha denunciado que 28 pol\u00edticos, entre ellos 9 l\u00edderes del Partido Popular, 14 del PSOE, dos de <em>Junts per Catalunya<\/em> y dos exconcejales del PNV se saltaron los protocolos establecidos por el Ministerio de Sanidad para beneficiarse de la vacuna Pfizer-BioNTech. Algunos renunciaron y otros intentaron d\u00e9bilmente justificar su actuar. Situaciones similares se han presentado en Austria y en Inglaterra. Ante la opini\u00f3n p\u00fablica los pol\u00edticos no aparecen como un sector esencial para ser vacunados en primer lugar.<\/p>\n\n\n\n<h3 class=\"wp-block-heading\"><strong>\u00bfEs la pol\u00edtica una actividad esencial para la sociedad?<\/strong><\/h3>\n\n\n\n<p>Sabemos que la actividad legislativa, ejecutiva y judicial es esencial para mantener la continuidad de los gobiernos. Pues al final de cuentas la gesti\u00f3n de lo p\u00fablico, incluidas las pol\u00edticas sanitarias para contener la pandemia, pasan por decisiones de orden pol\u00edtico e implementadas por personas que se desempe\u00f1an en oficinas de gobierno.<\/p>\n\n\n\n<p>Los pol\u00edticos son legitimados por el voto de la ciudadan\u00eda para tomar decisiones. Si bien las constituciones tienen mecanismos para suplir ausencias en casos graves y que nunca se pierda la l\u00ednea de mando, no contienen todas las soluciones. Sobre todo, si pensamos que no estuvieron dise\u00f1adas para afrontar crisis pol\u00edticas derivadas de factores ex\u00f3genos como una cat\u00e1strofe natural.<\/p>\n\n\n\n<p>Solo imaginemos que suceder\u00eda si la pandemia se agrava y los gobernantes se vieran incapacitados para tomar decisiones. Es evidente que resultar\u00eda m\u00e1s que preocupante una combinaci\u00f3n del avance de la pandemia y sus efectos con una hipot\u00e9tica pero factible inmovilidad de los decisores pol\u00edticos. \u00bfQui\u00e9n tomar\u00eda las decisiones?, \u00bfPueden las sociedades autogobernarse en contextos de incertidumbre?<\/p>\n\n\n\n<p>Para evitar m\u00e1s muertes y el aumento de contagios, los pa\u00edses que han elaborado planes de vacunaci\u00f3n. En estos, han puesto como prioridad a las personas mayores de sesenta a\u00f1os, a m\u00e9dicos y enfermeras, y en general a las personas que trabajan en el sector salud y est\u00e1n en contacto directo e indirecto con los enfermos de COVID 19.<\/p>\n\n\n\n<p>La l\u00f3gica se\u00f1ala que a continuaci\u00f3n debieran vacunarse las personas que desarrollan actividades esenciales dentro de la seguridad p\u00fablica, la recolecci\u00f3n y tratamiento de desechos, el transporte p\u00fablico, las oficinas burocr\u00e1ticas esenciales de la administraci\u00f3n p\u00fablica y la venta de mercanc\u00edas en mercados y supermercados. Luego seguir\u00edan el personal del sector educativo en todos los niveles para no alargar de manera innecesaria la ausencia en las aulas.<\/p>\n\n\n\n<p>Por lo tanto \u00bfEs la pol\u00edtica una actividad esencial para la sociedad? Entre todas las actividades esenciales, <a href=\"http:\/\/latinoamerica21.com\/es\/la-incapacidad-moral-en-america-latina\/\" target=\"_blank\" rel=\"noreferrer noopener\">la pol\u00edtica no parece estar en la primera l\u00edne<\/a><a href=\"http:\/\/latinoamerica21.com\/es\/la-incapacidad-moral-en-america-latina\/\">a<\/a>. \u00bfEntonces para que vacunar a las personas que est\u00e1n en la pol\u00edtica?<\/p>\n\n\n\n<h3 class=\"wp-block-heading\"><strong>\u00bfOportunismo o necesidad?<\/strong><\/h3>\n\n\n\n<p>Vacunar a los pol\u00edticos de primer nivel tiene efectos positivos y negativos. Entre los positivos est\u00e1 generar confianza en las vacunas. As\u00ed sucedi\u00f3 precisamente con la familia real inglesa cuando en 1957 durante la epidemia de polio de esos a\u00f1os, la Reina Isabel II permiti\u00f3 que sus hijos, el Pr\u00edncipe Carlos y la Princesa Ana fueran inoculados con una vacuna que apenas se hab\u00eda desarrollado un a\u00f1o antes, ello alent\u00f3 al resto de la poblaci\u00f3n a seguir su ejemplo y mitigar la propagaci\u00f3n.<\/p>\n\n\n\n<p>En 2002, m\u00e1s de cuarenta a\u00f1os despu\u00e9s, el entonces Primer Ministro Tony Blair fue acusado de \u201cno poner el ejemplo\u201d al no revel\u00f3 si su hijo de dos a\u00f1os hab\u00eda recibido la vacuna polivalente o no. Semanas antes un m\u00e9dico sin escr\u00fapulos aleg\u00f3 que dicha vacuna podr\u00eda provocar autismo. Si bien era una declaraci\u00f3n sin fundamento cient\u00edfico, los medios sensacionalistas la difundieron, y la aplicaci\u00f3n de la vacuna descendi\u00f3.<\/p>\n\n\n\n<p>Si Blair hubiera revelado ese detalle sobre la salud de su hijo, quiz\u00e1 las cosas hubieran sido diferentes. Las consecuencias fueron graves para la poblaci\u00f3n en primer lugar, pero tambi\u00e9n para su gobierno que reaccion\u00f3 tarde y mal. A\u00fan hoy subsisten los mitos de los efectos de dicha vacuna y en el actual contexto de la pandemia de la COVID-19 han reaparecido las falsas teor\u00edas.<\/p>\n\n\n\n<h3 class=\"wp-block-heading\"><strong>No lo merecen<\/strong><\/h3>\n\n\n\n<p>Existen m\u00e1s efectos negativos si se permite que los pol\u00edticos sean vacunados precisamente por su actividad y no por pertenecer a un grupo de edad. As\u00ed como pueden generar confianza en las vacunas, lo m\u00e1s probable es que aumenten la desconfianza hacia la pol\u00edtica, los partidos y las instituciones.<\/p>\n\n\n\n<p>Ello cobra mayor relevancia en Am\u00e9rica Latina donde las encuestas colocan a los pol\u00edticos en los niveles m\u00e1s altos de desconfianza entre la ciudadan\u00eda. Si algo ha mostrado la pandemia es que los gobiernos no invierten en ciencia, es m\u00e1s, la desprecian. Solo baste recordar las declaraciones de l\u00edderes pol\u00edticos como Jair Bolsonaro en Brasil o L\u00f3pez Obrador en M\u00e9xico minimizando la pandemia. As\u00ed como la poca empat\u00eda hacia la gente que ha visto a sus familiares morir o su af\u00e1n por rodearse de incondicionales fan\u00e1ticos antes que de expertos y escuchar a los cient\u00edficos para dise\u00f1ar estrategias contra la pandemia. Esta situaci\u00f3n parece repetirse con gobiernos que nacen de movimientos populistas, como sucedi\u00f3 con el partido Movimiento 5 Estrellas (M5S) en Italia cuyo l\u00edder hizo campa\u00f1a en contra de la vacunaci\u00f3n obligatoria y gan\u00f3 las elecciones en 2018.<\/p>\n\n\n\n<p>La pandemia de la COVID-19 ser\u00e1 resuelta gracias a los avances cient\u00edficos y tecnol\u00f3gicos, muchos de ellos desarrollados en empresas privadas y en las universidades, dos sectores que en las \u00faltimas d\u00e9cadas han sido despreciados por la pol\u00edtica. Quiz\u00e1 por ello los pol\u00edticos deban esperar, porque con pocas excepciones, la mayor\u00eda de ellos no merece estar en la primera l\u00ednea de las estrategias de vacunaci\u00f3n.<\/p>\n\n\n\n<p><em><sub>Foto: \u00a9 2015 Christian Emmer<\/sub><\/em><\/p>\n","protected":false},"excerpt":{"rendered":"<p>\u00bfEs la pol\u00edtica una actividad esencial? Probablemente esta pregunta no se habr\u00eda planteado en otras circunstancias de no ser por la Pandemia. Pol\u00edticos de primer nivel han sido vacunados o han expresado su inter\u00e9s en ser de los primeros inoculados con la vacunas.<\/p>\n","protected":false},"author":188,"featured_media":3747,"comment_status":"closed","ping_status":"closed","sticky":false,"template":"","format":"standard","meta":{"_acf_changed":false,"episode_type":"","audio_file":"","cover_image":"","cover_image_id":"","duration":"","filesize":"","filesize_raw":"","date_recorded":"","explicit":"","block":"","itunes_episode_number":"","itunes_title":"","itunes_season_number":"","itunes_episode_type":"","footnotes":""},"categories":[16599],"tags":[],"gps":[],"class_list":{"0":"post-3746","1":"post","2":"type-post","3":"status-publish","4":"format-standard","5":"has-post-thumbnail","7":"category-internet-es"},"acf":[],"_links":{"self":[{"href":"https:\/\/latinoamerica21.com\/es\/wp-json\/wp\/v2\/posts\/3746","targetHints":{"allow":["GET"]}}],"collection":[{"href":"https:\/\/latinoamerica21.com\/es\/wp-json\/wp\/v2\/posts"}],"about":[{"href":"https:\/\/latinoamerica21.com\/es\/wp-json\/wp\/v2\/types\/post"}],"author":[{"embeddable":true,"href":"https:\/\/latinoamerica21.com\/es\/wp-json\/wp\/v2\/users\/188"}],"replies":[{"embeddable":true,"href":"https:\/\/latinoamerica21.com\/es\/wp-json\/wp\/v2\/comments?post=3746"}],"version-history":[{"count":0,"href":"https:\/\/latinoamerica21.com\/es\/wp-json\/wp\/v2\/posts\/3746\/revisions"}],"wp:featuredmedia":[{"embeddable":true,"href":"https:\/\/latinoamerica21.com\/es\/wp-json\/wp\/v2\/media\/3747"}],"wp:attachment":[{"href":"https:\/\/latinoamerica21.com\/es\/wp-json\/wp\/v2\/media?parent=3746"}],"wp:term":[{"taxonomy":"category","embeddable":true,"href":"https:\/\/latinoamerica21.com\/es\/wp-json\/wp\/v2\/categories?post=3746"},{"taxonomy":"post_tag","embeddable":true,"href":"https:\/\/latinoamerica21.com\/es\/wp-json\/wp\/v2\/tags?post=3746"},{"taxonomy":"gps","embeddable":true,"href":"https:\/\/latinoamerica21.com\/es\/wp-json\/wp\/v2\/gps?post=3746"}],"curies":[{"name":"wp","href":"https:\/\/api.w.org\/{rel}","templated":true}]}}