{"id":37500,"date":"2024-02-05T08:37:10","date_gmt":"2024-02-05T11:37:10","guid":{"rendered":"https:\/\/latinoamerica21.com\/?p=37500"},"modified":"2024-02-05T08:37:13","modified_gmt":"2024-02-05T11:37:13","slug":"cuales-son-las-perspectivas-economicas-para-america-latina","status":"publish","type":"post","link":"https:\/\/latinoamerica21.com\/es\/cuales-son-las-perspectivas-economicas-para-america-latina\/","title":{"rendered":"\u00bfCu\u00e1les son las perspectivas econ\u00f3micas para Am\u00e9rica Latina?"},"content":{"rendered":"\n<p>Martin Wolf, prestigioso analista del <em>Financial Times<\/em>, despleg\u00f3 recientemente un mapa de cinco puntos para situarse en la econom\u00eda global de 2024: demograf\u00eda, cambio clim\u00e1tico, avance tecnol\u00f3gico, difusi\u00f3n del <em>know-how<\/em> y crecimiento (econ\u00f3mico) propiamente dicho. Como veremos a continuaci\u00f3n, es un mapa que no perfila un 2024 f\u00e1cil para Am\u00e9rica Latina.<\/p>\n\n\n\n<p>En cuanto al primer punto, gran parte del mundo \u2013incluida China\u2013 se dirige a unas tasas de fertilidad muy por debajo del nivel de reemplazo, cifrado en 2,1 hijos por mujer. No as\u00ed el \u00c1frica subsahariana, cuyo peso en la poblaci\u00f3n mundial podr\u00eda dispararse en 10 puntos porcentuales hacia 2060.<\/p>\n\n\n\n<p>El cambio clim\u00e1tico supone un fen\u00f3meno global. Pero la clave no est\u00e1 exclusivamente en la reducci\u00f3n de emisiones que afectan a todo el planeta, sino en gran medida en la inversi\u00f3n que cada pa\u00eds realice para adaptarse a las nuevas condiciones.<\/p>\n\n\n\n<p>En el \u00e1mbito tecnol\u00f3gico destacan el procesamiento de informaci\u00f3n, las comunicaciones y la inteligencia artificial. Este terreno tiene numerosas ramificaciones: desde la vertiente estrictamente econ\u00f3mica hasta la seguridad nacional, pasando por la creaci\u00f3n y difusi\u00f3n de conocimiento y los desaf\u00edos jur\u00eddicos.<\/p>\n\n\n\n<p>En cuanto a la difusi\u00f3n del <em>know-how<\/em>, Wolf destaca la capacidad de ciertas regiones en desarrollo para absorber, utilizar y expandir conocimiento. Se refiere al este, sudeste y sur de Asia, y augura que esta tendencia continuar\u00e1 y traer\u00e1 consecuencias geopol\u00edticas de gran magnitud.<\/p>\n\n\n\n<p>Finalmente, Wolf se\u00f1ala que el crecimiento global de la econom\u00eda durante el presente lustro es el menor desde los a\u00f1os 1990s. No se trata de estancamiento ni de recesi\u00f3n, pero el crecimiento es escaso y desigual, afectando negativamente a gran parte del mundo en desarrollo.<\/p>\n\n\n\n<p><strong>Las descritas por Wolf son tendencias globales. \u00bfQu\u00e9 hay para Am\u00e9rica Latina?<\/strong><\/p>\n\n\n\n<p>Siguiendo el mapa del brit\u00e1nico, comencemos por la demograf\u00eda. La misma semana que Wolf destacaba su relevancia econ\u00f3mica, <em>The Economist<\/em> se\u00f1alaba el r\u00e1pido declive en las tasas de natalidad latinoamericanas, y los problemas que trae aparejados al combinarse con el aumento en la esperanza de vida y las altas tasas de emigraci\u00f3n, mayormente de personas en edad laboral. Destacan dos problemas: la <a href=\"https:\/\/latinoamerica21.com\/es\/dos-claves-del-crecimiento-economico-latinoamericano-productividad-y-poblacion\/\">dificultad para pagar las pensiones y para sostener el sistema de salud<\/a>. Y destacan los pa\u00edses m\u00e1s grandes \u2013Brasil, M\u00e9xico, Argentina\u2013, pero tambi\u00e9n algunos peque\u00f1os, como El Salvador.<\/p>\n\n\n\n<p>Algunos \u2013Brasil, Uruguay y Costa Rica\u2013 ya han comenzado a aumentar la edad de jubilaci\u00f3n. Pero numerosos desaf\u00edos persisten: el trabajo informal, el abandono escolar, la baja productividad, las dificultades para atraer mano de obra inmigrante y para aumentar la presencia de la mujer en el mercado laboral.<\/p>\n\n\n\n<p>En segundo lugar, las emisiones asociadas al cambio clim\u00e1tico son proporcionalmente bajas en Am\u00e9rica Latina. Frente al 29% de China, el 11% de Estados Unidos o el 7% de India, Brasil emite apenas el 2,44% de los gases de efecto invernadero del mundo, M\u00e9xico el 1,52%, Argentina el 0,71% (<em>2023 Report<\/em>, Emissions Database for Global Atmospheric Research, Comisi\u00f3n Europea). Sin embargo, las consecuencias del cambio clim\u00e1tico no respetan esas proporciones nacionales.<\/p>\n\n\n\n<p>La clave de la resiliencia est\u00e1 en la adaptaci\u00f3n. CaixaBank Research public\u00f3 \u2013la misma semana que Wolf y <em>The Economist\u00ad<\/em>\u2013 un<a href=\"https:\/\/www.caixabankresearch.com\/es\/analisis-sectorial\/turismo\/impacto-del-cambio-climatico-turismo-espana-analisis-y-perspectivas\"> estudio<\/a> sobre el impacto del cambio clim\u00e1tico en el turismo en Espa\u00f1a. Sus conclusiones son di\u00e1fanas: se requieren estrategias de adaptaci\u00f3n a un futuro con temperaturas m\u00e1s extremas. Infraestructuras resistentes al clima, experiencias tur\u00edsticas adaptadas a las nuevas preferencias de los turistas, o \u201cpr\u00e1cticas sostenibles que ayuden a reducir la contribuci\u00f3n del sector tur\u00edstico al calentamiento global\u201d. Del mismo modo, es imprescindible que en Am\u00e9rica Latina se estudien los efectos del cambio clim\u00e1tico sobre cada sector econ\u00f3mico para abordar las correspondientes estrategias de adaptaci\u00f3n.<\/p>\n\n\n\n<p>Respecto del avance tecnol\u00f3gico, Am\u00e9rica Latina se sit\u00faa en la retaguardia. En inteligencia artificial, por ejemplo, aporta el 2,66% de las publicaciones en revistas especializadas a nivel mundial, el 3,07% de publicaciones de congresos y el 1,8% de publicaciones en repositorios (<em>Artificial Intelligence Index Report 2023<\/em>, Universidad de Stanford). Por otro lado, el <em>Financial Times<\/em> informaba el 23 de enero de un cambio de tendencia en las inversiones chinas en la regi\u00f3n para centrarse en las \u201cindustrias del futuro\u201d. Si la Uni\u00f3n Europea \u2013a trav\u00e9s de su programa Global Gateway\u2013 o Estados Unidos aspiran a competir con la potencia asi\u00e1tica, deber\u00e1n seguir un camino similar. Indudablemente, ninguno transferir\u00e1 a Am\u00e9rica Latina <em>know-how<\/em> que le permita competir o prescindir de ellos, pero la regi\u00f3n puede establecer condiciones que beneficien al inversor sin apartar por completo al pa\u00eds receptor del acceso a las tecnolog\u00edas transferidas.<\/p>\n\n\n\n<p>El punto anterior est\u00e1 vinculado a la difusi\u00f3n del <em>know-how<\/em> a trav\u00e9s del mundo. Dos indicadores destacados en este terreno son el registro de patentes y la inversi\u00f3n en I+D como porcentaje del PIB. Seg\u00fan el informe <em>World Intellectual Property Indicators 2023<\/em>, en 2022 se concedieron 1.823.200 patentes en el mundo. A la cabeza, China, con 798.347 (44%); EEUU, con 323.410 (18%); y Jap\u00f3n, con 201.420 (11%). En Am\u00e9rica Latina, las cifras m\u00e1s altas corresponden a Brasil, con 23.546 (1%); M\u00e9xico, con 9.698 (0,5%); y Chile, con 2.668 (0,1%).<\/p>\n\n\n\n<p>Respecto de la inversi\u00f3n en I+D, mientras Estados Unidos le dedica un 3,5% de su PIB, Jap\u00f3n un 3,3% y China un 2,4%, Brasil invierte un 1,15%, Argentina un 0,5%, Uruguay un 0,47%, y Chile y M\u00e9xico un 0,3% (cifras del Banco Mundial).<\/p>\n\n\n\n<p>Para finalizar, el informe <em>Global Economic Prospects<\/em> (enero 2024) del Banco Mundial augura para la regi\u00f3n <a href=\"https:\/\/latinoamerica21.com\/es\/inflacion-y-alza-en-las-tasas-de-interes-una-falsa-solucion\/\">un crecimiento muy modesto<\/a> este a\u00f1o: 1,5% para Brasil, 1,8% para Chile y Colombia, 2,5% para Per\u00fa, 2,6% para M\u00e9xico y 2,7% para Argentina.Am\u00e9rica Latina no arranca 2024 desde un punto de partida especialmente prometedor. Se requieren medidas urgentes para enderezar ese rumbo. Excepto la demograf\u00eda, el desempe\u00f1o en los dem\u00e1s factores depende en gran medida de las relaciones que establezcan los pa\u00edses latinoamericanos entre s\u00ed y con otras regiones. <\/p>\n\n\n\n<p>En ese sentido cabe destacar un elemento mencionado por<a href=\"https:\/\/www.lanacion.com.ar\/opinion\/pronosticos-economicos-sombrios-para-america-latina-nid23012024\/\"> Andr\u00e9s Oppenheimer<\/a>: \u00bfc\u00f3mo se ha de entender, en este contexto, que s\u00f3lo los presidentes de Argentina y Colombia hablaran en el Foro de Davos, galer\u00eda destacada para establecer esos v\u00ednculos econ\u00f3micos que Am\u00e9rica Latina tanto necesita? \u00bfC\u00f3mo interpretar que ni Lula ni L\u00f3pez Obrador se tomaran el trabajo de acudir al Foro?<\/p>\n","protected":false},"excerpt":{"rendered":"<p>Recientemente, el Financial Times present\u00f3 un mapa de cinco puntos para entender la econom\u00eda global en 2024: demograf\u00eda, cambio clim\u00e1tico, avance tecnol\u00f3gico, difusi\u00f3n del conocimiento y crecimiento econ\u00f3mico. Este mapa no augura un a\u00f1o sencillo para la regi\u00f3n.<\/p>\n","protected":false},"author":283,"featured_media":37501,"comment_status":"closed","ping_status":"closed","sticky":false,"template":"","format":"standard","meta":{"_acf_changed":false,"episode_type":"","audio_file":"","cover_image":"","cover_image_id":"","duration":"","filesize":"","filesize_raw":"","date_recorded":"","explicit":"","block":"","itunes_episode_number":"","itunes_title":"","itunes_season_number":"","itunes_episode_type":"","footnotes":""},"categories":[16498,16506],"tags":[14126],"gps":[],"class_list":{"0":"post-37500","1":"post","2":"type-post","3":"status-publish","4":"format-standard","5":"has-post-thumbnail","7":"category-comercio","8":"category-economia","9":"tag-debates-br-es"},"acf":[],"_links":{"self":[{"href":"https:\/\/latinoamerica21.com\/es\/wp-json\/wp\/v2\/posts\/37500","targetHints":{"allow":["GET"]}}],"collection":[{"href":"https:\/\/latinoamerica21.com\/es\/wp-json\/wp\/v2\/posts"}],"about":[{"href":"https:\/\/latinoamerica21.com\/es\/wp-json\/wp\/v2\/types\/post"}],"author":[{"embeddable":true,"href":"https:\/\/latinoamerica21.com\/es\/wp-json\/wp\/v2\/users\/283"}],"replies":[{"embeddable":true,"href":"https:\/\/latinoamerica21.com\/es\/wp-json\/wp\/v2\/comments?post=37500"}],"version-history":[{"count":0,"href":"https:\/\/latinoamerica21.com\/es\/wp-json\/wp\/v2\/posts\/37500\/revisions"}],"wp:featuredmedia":[{"embeddable":true,"href":"https:\/\/latinoamerica21.com\/es\/wp-json\/wp\/v2\/media\/37501"}],"wp:attachment":[{"href":"https:\/\/latinoamerica21.com\/es\/wp-json\/wp\/v2\/media?parent=37500"}],"wp:term":[{"taxonomy":"category","embeddable":true,"href":"https:\/\/latinoamerica21.com\/es\/wp-json\/wp\/v2\/categories?post=37500"},{"taxonomy":"post_tag","embeddable":true,"href":"https:\/\/latinoamerica21.com\/es\/wp-json\/wp\/v2\/tags?post=37500"},{"taxonomy":"gps","embeddable":true,"href":"https:\/\/latinoamerica21.com\/es\/wp-json\/wp\/v2\/gps?post=37500"}],"curies":[{"name":"wp","href":"https:\/\/api.w.org\/{rel}","templated":true}]}}