{"id":37569,"date":"2024-02-06T15:00:00","date_gmt":"2024-02-06T18:00:00","guid":{"rendered":"https:\/\/latinoamerica21.com\/?p=37569"},"modified":"2024-02-07T12:15:10","modified_gmt":"2024-02-07T15:15:10","slug":"bukele-el-voto-por-miedo-a-la-revancha","status":"publish","type":"post","link":"https:\/\/latinoamerica21.com\/es\/bukele-el-voto-por-miedo-a-la-revancha\/","title":{"rendered":"Bukele: El voto por miedo a la revancha"},"content":{"rendered":"\n<p>\u201c\u00a1Bukele, Bukele, Bukele!\u201d se escucha a una sola voz bajo el balc\u00f3n del Palacio Nacional en el que Nayib ofrece un discurso de victoria. Es la primera vez, despu\u00e9s de ocho d\u00e9cadas, desde que el General Maximiliano Hern\u00e1ndez Mart\u00ednez prolongara su mandato por 13 a\u00f1os. Junto a su esposa, Gabriela de Bukele, Nayib repite una y otra vez que el pueblo salvadore\u00f1o permitir\u00e1 seguir ganando la guerra contra las pandillas gracias al voto emitido en los comicios \u201cdemocr\u00e1ticos\u201d celebrados el 4 de febrero.<\/p>\n\n\n\n<p>Nayib Bukele se ha autoproclamado ganador. Hasta ese momento el Tribunal Supremo Electoral (TSE) solo hab\u00eda escrutado el 22% de las actas, pero el candidato por Nuevas Ideas (N) ya se hab\u00eda apoderado del \u00d3rgano Ejecutivo y de 58 esca\u00f1os de 60 en la Asamblea Legislativa, <a href=\"https:\/\/www.infolibre.es\/internacional\/bukele-autoproclama-ganador-salvador-85-votos-esperar-resultados-oficiales_1_1706387.html\">obteniendo as\u00ed la mayor\u00eda de las diputaciones<\/a>.<\/p>\n\n\n\n<p>Democracia: palabra caprichosa que seg\u00fan los griegos significa \u201cel poder del pueblo\u201d y de acuerdo con Nayib tambi\u00e9n. El candidato afirm\u00f3 en su discurso que en \u201cla historia del mundo, desde que existe la democracia, nunca un proyecto hab\u00eda ganado con la cantidad de votos que N lo ha hecho en plena libertad y democracia\u201d. Hasta este 5 de febrero, el TSE no hab\u00eda acabado el conteo de votos, pero la victoria sigue intacta y en redes sociales el candidato reelecto ya ha recibido m\u00faltiples felicitaciones a trav\u00e9s de X (antes Twitter).&nbsp;&nbsp;<\/p>\n\n\n\n<p>Sin embargo, la democracia a estas alturas en El Salvador ya no puede ser entendida con su significado original, es decir como un sistema a trav\u00e9s del cual existen contrapesos que permitan opiniones diferentes a las del gobierno de turno y ahora reelecto. Esta vez, con mayor\u00eda absoluta en la Asamblea Legislativa, se ha eliminado definitivamente la separaci\u00f3n de poderes. Pero la poblaci\u00f3n no es consciente de ello. La encuesta preelectoral del Instituto Universitario de Opini\u00f3n P\u00fablica (IUDOP) arroj\u00f3 que el 68% de la poblaci\u00f3n no est\u00e1 de acuerdo con que un presidente concentre todos los \u00f3rganos del Estado, pero el 70% se mostr\u00f3 de acuerdo con la reelecci\u00f3n presidencial.<\/p>\n\n\n\n<p>El camino a la reelecci\u00f3n se ha venido trazando paulatinamente, desde la imposici\u00f3n de nuevos magistrados hasta una serie de reformas electorales como la reducci\u00f3n de 84 a 60 parlamentarios y la disminuci\u00f3n de municipios de 244 a 44, las cuales ten\u00edan una sola finalidad: borrar del colectivo ciudadano a la oposici\u00f3n. Es as\u00ed, como poco a poco se ha ido desdibujando la presencia de los partidos de oposici\u00f3n, tarea que no ha sido muy dif\u00edcil para el oficialismo y en estas elecciones ha quedado demostrado que la oposici\u00f3n en El Salvador no se ha unificado y est\u00e1 a punto de extinguirse.<\/p>\n\n\n\n<p><strong>Unos comicios irregulares<\/strong><\/p>\n\n\n\n<p>Ha sido una jornada electoral larga y llena de irregularidades. 24 horas despu\u00e9s, El Salvador sigue sin datos oficiales en su totalidad acerca de los ganadores de estos comicios. A la hora en la que Nayib se proclamaba vencedor con un 85%, las cifras no cuadraban con los escrutinios realizados hasta ese momento por el TSE. Antes de las 19 horas, Nayib hab\u00eda publicado en X: \u201cDe acuerdo con nuestros n\u00fameros hemos ganado la elecci\u00f3n presidencial con m\u00e1s del 85 % de los votos y un m\u00ednimo de 58 de 60 diputados de la Asamblea\u201d.<\/p>\n\n\n\n<p>Pese a todo, el d\u00eda de la elecci\u00f3n, esta no fue la \u00fanica irregularidad. A la mitad del d\u00eda el candidato a la presidencia por N interrumpi\u00f3 el silencio obligatorio y, con el uso de recursos estatales, ofreci\u00f3 una conferencia dedicada a atacar a los medios de comunicaci\u00f3n nacionales e internacionales, as\u00ed como a repetir nuevamente que el voto de los salvadore\u00f1os era necesario para no perder ni un solo esca\u00f1o en la Asamblea Legislativa. De ser as\u00ed, seg\u00fan el mandatario, la oposici\u00f3n liberar\u00eda a los pandilleros y podr\u00eda haber una revancha. Este fue el discurso acordado en conjunto con los diputados del mismo partido que dieron entrevistas en los diferentes medios.<\/p>\n\n\n\n<p>Pero esta campa\u00f1a de miedo no se qued\u00f3 solo en discursos. A pesar de que el C\u00f3digo Electoral impide propaganda tres d\u00edas antes de los comicios, en cada bloque informativo, en televisi\u00f3n nacional y en transmisi\u00f3n en vivo, aparec\u00eda repetidamente publicidad del Gobierno de El Salvador con una voz en <em>off<\/em> diciendo, \u201cEl Salvador es nuestro\u201d. El anuncio invitaba a la poblaci\u00f3n a votar para no regresar al pasado, \u201cun pasado al que nadie quiere volver\u201d donde las personas estaban encerradas en sus casas y no los pandilleros. La \u00fanica manera de mantener a los pandilleros encarcelados era a trav\u00e9s de la reelecci\u00f3n presidencial y mayor\u00eda legislativa.<\/p>\n\n\n\n<p>La gente tiene miedo. Fue as\u00ed como Nayib y sus diputados enarbolaron una y otra vez <a href=\"https:\/\/latinoamerica21.com\/es\/el-metodo-bukele\/\">el r\u00e9gimen de excepci\u00f3n y la seguridad ciudadana <\/a>a lo largo de esta jornada electoral, con frases cortas en un discurso que buscaba alimentar la sensibilidad de la poblaci\u00f3n e impregnarse en el inconsciente popular. El alegato en contraposici\u00f3n de los derechos humanos de la gente de bien contra los de los pandilleros ha servido de incentivo a la poblaci\u00f3n para ir a votar, no solo por cumplir con el deber ciudadano, sino, por miedo a una revancha pandillera.<\/p>\n\n\n\n<p>Este ha sido un d\u00eda de primeras veces. Fue la primera vez que en las papeletas aparec\u00eda el rostro de los candidatos presidenciales y tambi\u00e9n fue la primera vez, en la historia reciente del pa\u00eds, que se vive una escasez de informaci\u00f3n referente al conteo de votos. A las 22:22 horas del 4 de febrero, la p\u00e1gina de la \u00fanica instituci\u00f3n que pod\u00eda garantizar un proceso electoral transparente y democr\u00e1tico dej\u00f3 de actualizar su informaci\u00f3n: el sistema fall\u00f3.<\/p>\n\n\n\n<p>Pero, en estas elecciones, \u00e9ste no ha sido el \u00fanico fallo; fall\u00f3 la oposici\u00f3n por falta de fondos provenientes de la deuda pol\u00edtica y el TSE cuando acept\u00f3 una candidatura en contra de la constituci\u00f3n. En el escrutinio final, el TSE decidi\u00f3 a \u00faltima hora del 5 de febrero que, para el conteo de votos para la elecci\u00f3n de diputados, abrir\u00e1n la totalidad de los paquetes electorales para realizar el conteo papeleta por papeleta.Al final del d\u00eda, en la plaza Gerardo Barrios de El Salvador, Nayib terminaba su discurso jact\u00e1ndose de haber acabado con las pandillas en su mandato anterior y garantizando al pueblo salvadore\u00f1o que los pandilleros no van a salir libres: \u201cgracias a Dios, El Salvador pas\u00f3 de ser el pa\u00eds m\u00e1s inseguro al m\u00e1s seguro del continente occidental\u201d, pero \u201cestos pr\u00f3ximos cinco a\u00f1os, esperen a ver lo que vamos a hacer\u201d. El discurso finaliza con un beso a su mujer y comienzan los fuegos artificiales al ritmo de <em>It\u2019s the end of the Word as we know it<\/em>&nbsp; (es el fin del mundo tal como lo conocemos) del grupo R.E.M.<\/p>\n","protected":false},"excerpt":{"rendered":"<p>En El Salvador, la democracia ya no puede ser interpretada en su sentido original, como un sistema con contrapesos que permitieran opiniones divergentes. Con la actual mayor\u00eda absoluta en la Asamblea Legislativa, se ha eliminado la separaci\u00f3n de poderes.<\/p>\n","protected":false},"author":565,"featured_media":37573,"comment_status":"closed","ping_status":"closed","sticky":false,"template":"","format":"standard","meta":{"_acf_changed":false,"episode_type":"","audio_file":"","cover_image":"","cover_image_id":"","duration":"","filesize":"","filesize_raw":"","date_recorded":"","explicit":"","block":"","itunes_episode_number":"","itunes_title":"","itunes_season_number":"","itunes_episode_type":"","footnotes":""},"categories":[16471,16541,16575],"tags":[14126],"gps":[],"class_list":{"0":"post-37569","1":"post","2":"type-post","3":"status-publish","4":"format-standard","5":"has-post-thumbnail","7":"category-elecciones","8":"category-bukele","9":"category-el-salvador-es","10":"tag-debates-br-es"},"acf":[],"_links":{"self":[{"href":"https:\/\/latinoamerica21.com\/es\/wp-json\/wp\/v2\/posts\/37569","targetHints":{"allow":["GET"]}}],"collection":[{"href":"https:\/\/latinoamerica21.com\/es\/wp-json\/wp\/v2\/posts"}],"about":[{"href":"https:\/\/latinoamerica21.com\/es\/wp-json\/wp\/v2\/types\/post"}],"author":[{"embeddable":true,"href":"https:\/\/latinoamerica21.com\/es\/wp-json\/wp\/v2\/users\/565"}],"replies":[{"embeddable":true,"href":"https:\/\/latinoamerica21.com\/es\/wp-json\/wp\/v2\/comments?post=37569"}],"version-history":[{"count":0,"href":"https:\/\/latinoamerica21.com\/es\/wp-json\/wp\/v2\/posts\/37569\/revisions"}],"wp:featuredmedia":[{"embeddable":true,"href":"https:\/\/latinoamerica21.com\/es\/wp-json\/wp\/v2\/media\/37573"}],"wp:attachment":[{"href":"https:\/\/latinoamerica21.com\/es\/wp-json\/wp\/v2\/media?parent=37569"}],"wp:term":[{"taxonomy":"category","embeddable":true,"href":"https:\/\/latinoamerica21.com\/es\/wp-json\/wp\/v2\/categories?post=37569"},{"taxonomy":"post_tag","embeddable":true,"href":"https:\/\/latinoamerica21.com\/es\/wp-json\/wp\/v2\/tags?post=37569"},{"taxonomy":"gps","embeddable":true,"href":"https:\/\/latinoamerica21.com\/es\/wp-json\/wp\/v2\/gps?post=37569"}],"curies":[{"name":"wp","href":"https:\/\/api.w.org\/{rel}","templated":true}]}}