{"id":38050,"date":"2024-02-20T07:00:00","date_gmt":"2024-02-20T10:00:00","guid":{"rendered":"https:\/\/latinoamerica21.com\/?p=38050"},"modified":"2024-02-19T12:20:58","modified_gmt":"2024-02-19T15:20:58","slug":"potencialidades-y-limites-del-g20-bajo-la-presidencia-de-brasil","status":"publish","type":"post","link":"https:\/\/latinoamerica21.com\/es\/potencialidades-y-limites-del-g20-bajo-la-presidencia-de-brasil\/","title":{"rendered":"Potencialidades y l\u00edmites del G20 bajo la presidencia de Brasil"},"content":{"rendered":"\n<p>Brasil acoger\u00e1 la 19\u00aa Cumbre del G20 (grupo de las 20 mayores econom\u00edas del mundo) en R\u00edo de Janeiro en noviembre, y promete hacer valer el lema del tercer mandato del presidente Lula \u00abBrasil est\u00e1 de vuelta\u00bb, pronunciado en 2022 durante la Conferencia de las Naciones Unidas sobre el Clima (COP27). Sin embargo, tal vez la frase \u00abBrasil est\u00e1 volviendo\u00bb capte mejor las expectativas de los actores involucrados con el G20, ya que prevalece la idea de que el G20 debe entenderse como un proceso con desarrollos formativos acumulativos para los papeles posteriores que Brasil asumir\u00e1 en 2025 con la presidencia de los BRICS y la COP30 en Bel\u00e9m, que, combinados, podr\u00edan contribuir al reposicionamiento activo del pa\u00eds en la escena internacional.<\/p>\n\n\n\n<p>Uno de los logros esperados de <a href=\"https:\/\/elpais.com\/america-futura\/2023-11-27\/carta-abierta-a-lula-la-oportunidad-latinoamericana-en-el-g-20.html\">la presidencia brasile\u00f1a del G20<\/a> es la promoci\u00f3n del debate p\u00fablico sobre cuestiones internacionales, tradicionalmente percibidas por gran parte de la poblaci\u00f3n como lejanas, abstractas o de menor importancia. Esta percepci\u00f3n ha motivado, en parte, las cr\u00edticas articuladas por la oposici\u00f3n y la opini\u00f3n p\u00fablica a los viajes internacionales del presidente, que en 2023 visit\u00f3 24 pa\u00edses y pas\u00f3 75 d\u00edas fuera de Brasil. Muchas de estas cr\u00edticas consideran que ocuparse de los asuntos internacionales distrae de los problemas internos. Sin embargo, \u00bfpodemos tratar estas esferas como desconectadas? Los temas prioritarios, cuya elecci\u00f3n es prerrogativa de la presidencia rotatoria de turno, anunciados por Lula durante la Cumbre del G20 de 2023 en India (lucha contra el hambre, la pobreza y la desigualdad; cambio clim\u00e1tico y reforma de la gobernanza global) demuestran claramente que existe una conexi\u00f3n entre cuestiones dom\u00e9sticas e internacionales.<\/p>\n\n\n\n<p>El activismo contra la desigualdad, el hambre y la pobreza, por ejemplo, ha sido central en la lucha hist\u00f3rica de los movimientos sociales brasile\u00f1os y las organizaciones de la sociedad civil, y se ha incluido en los debates electorales municipales, estatales y federales. De hecho, uno de <a href=\"https:\/\/latinoamerica21.com\/es\/brasil-puede-crear-un-legado-de-agenda-latinoamericana-en-el-g20\/\">los objetivos del G20 en Brasil<\/a> es analizar estos temas desde la base, mostrando c\u00f3mo estas cuestiones globales dialogan directamente con la vida cotidiana de las personas, especialmente de las m\u00e1s vulnerables, v\u00edctimas del hambre, la pobreza y el racismo medioambiental.<\/p>\n\n\n\n<p>Adem\u00e1s de contribuir a la democratizaci\u00f3n de la pol\u00edtica exterior, Brasil buscar\u00e1 promover la participaci\u00f3n social y fomentar el di\u00e1logo y la sinergia entre los 13 diferentes grupos de compromiso del bloque. La esperanza es que el G20 contribuya para la construcci\u00f3n de \u00abun mundo justo y un planeta sostenible\u00bb, lema de la acci\u00f3n brasile\u00f1a.<\/p>\n\n\n\n<p>Otro punto de atenci\u00f3n, reivindicado hist\u00f3ricamente por el movimiento negro que ha ido ganando terreno en la agenda del G20 en Brasil, es la lucha contra el racismo que estructura las sociedades nacionales y el sistema internacional. El discurso del presidente Lula en la India se\u00f1al\u00f3 esto al afirmar que la creencia de que el crecimiento econ\u00f3mico por s\u00ed solo reducir\u00eda las disparidades result\u00f3 ser falsa, ya que el mercado permaneci\u00f3 indiferente a las mujeres, las minor\u00edas raciales, la poblaci\u00f3n LGBTI+ y las personas con discapacidad, por lo que los recursos no llegaron a ellos.<\/p>\n\n\n\n<p><strong>Continuidad e innovaci\u00f3n<\/strong><\/p>\n\n\n\n<p>Aunque existe una evidente preocupaci\u00f3n en el seno del G20 por la continuidad de las pol\u00edticas a lo largo de las distintas presidencias rotatorias, agravada por la informalidad del grupo, que no cuenta con una Secretar\u00eda permanente y no toma decisiones vinculantes, tambi\u00e9n es importante llamar la atenci\u00f3n sobre el sello innovador que Brasil puede imprimir a su presidencia y sobre el legado que podr\u00eda transferir a Sud\u00e1frica y Estados Unidos, que asumir\u00e1n la presidencia en 2025 y 2026, respectivamente.<\/p>\n\n\n\n<p>Para garantizar la continuidad de las pol\u00edticas del G20, la agrupaci\u00f3n funciona sobre la base de una troika m\u00f3vil que siempre est\u00e1 formada por el pa\u00eds que acogi\u00f3 la cumbre anterior: India; el que la acoge: Brasil; y el que lo har\u00e1 al a\u00f1o siguiente: Sud\u00e1frica. El hecho de que estos tres pa\u00edses sean potencias emergentes del Sur Global y miembros de los BRICS les une a trav\u00e9s de una serie de afinidades que pueden ser aprovechadas al m\u00e1ximo por Brasil.<\/p>\n\n\n\n<p>Dentro de los BRICS, estos pa\u00edses han demostrado una alineaci\u00f3n en torno a la defensa de un sistema multipolar y la reforma de la gobernanza global, llamando la atenci\u00f3n sobre el d\u00e9ficit democr\u00e1tico de las instituciones internacionales, como el Consejo de Seguridad de la ONU, y de las instituciones financieras internacionales, como el FMI y el Banco Mundial. Esta voz m\u00e1s contestataria en relaci\u00f3n con la gobernanza mundial puede encontrar eco en la incorporaci\u00f3n de otro miembro al G20 en 2023, la Uni\u00f3n Africana, dando lugar a un G21.<\/p>\n\n\n\n<p>Por otro lado, Brasil debe evitar reproducir el car\u00e1cter excluyente de la Cumbre en India, que recibi\u00f3 muchas cr\u00edticas debido a la interdicci\u00f3n y represi\u00f3n policial de la Cumbre de los Pueblos, la cooptaci\u00f3n de la sociedad civil y la demolici\u00f3n de casas y desalojos de familias en las inmediaciones de la Cumbre en nombre de un supuesto embellecimiento de la ciudad para el p\u00fablico internacional.<\/p>\n\n\n\n<p><strong>Oportunidades<\/strong><\/p>\n\n\n\n<p>Para hacer las cosas de otra manera, el gobierno brasile\u00f1o debe abrirse a escuchar las m\u00faltiples demandas de la sociedad civil y entablar di\u00e1logos tanto con los grupos que, aunque critican el car\u00e1cter elitista del G20, est\u00e1n dispuestos a recomendar e influir en el debate, actuando a trav\u00e9s de los canales oficiales de la agrupaci\u00f3n, como con los que nacieron y se desarrollaron en oposici\u00f3n al G20. Estos \u00faltimos denuncian a la agrupaci\u00f3n como un club informal de la \u00e9lite global que, apoder\u00e1ndose de nuevos asuntos, ha ido socavando y sustituyendo a instituciones como la ONU que, por ser una organizaci\u00f3n universal abierta a todos los Estados, tiene un car\u00e1cter m\u00e1s democr\u00e1tico y multilateral.<\/p>\n\n\n\n<p>Por \u00faltimo, se ha hablado mucho del poder de convocatoria de Brasil ante la comunidad internacional, un pa\u00eds que tradicionalmente se ha arrogado el papel de constructor de puentes entre los pa\u00edses del Norte y del Sur Global. Xi Jinping ya ha confirmado su participaci\u00f3n en la Cumbre. Por otra parte, si fuera por el presidente Lula, Putin estar\u00eda presente y no ser\u00eda encarcelado, como declar\u00f3 en contra de la sentencia de la Corte Penal Internacional.<\/p>\n\n\n\n<p>En un mundo cada vez m\u00e1s polarizado, que para muchos se asemeja a una Guerra Fr\u00eda, con dos conflictos en curso, en Europa del Este y en Oriente Medio, sin final a la vista, Brasil se ha esforzado por despolarizar al mismo tiempo que abr\u00eda un espacio para la pol\u00edtica y el di\u00e1logo. Si, por un lado, el G20 en Brasil intentar\u00e1 dejar en suspenso las guerras en curso y no dejarse contaminar por ellas, el pa\u00eds est\u00e1 en una posici\u00f3n privilegiada para tocar estos temas, no desde una gram\u00e1tica geopol\u00edtica, sino llamando la atenci\u00f3n, como ha hecho, sobre la forma en que estas tensiones se filtran a los niveles inferiores, a los pa\u00edses m\u00e1s pobres.<\/p>\n","protected":false},"excerpt":{"rendered":"<p>En un mundo cada vez m\u00e1s polarizado, que para muchos se asemeja a una Guerra Fr\u00eda, con dos conflictos en curso sin final a la vista, Brasil se ha esforzado por despolarizar al mismo tiempo que abr\u00eda un espacio para la pol\u00edtica y el di\u00e1logo.<\/p>\n","protected":false},"author":193,"featured_media":38051,"comment_status":"closed","ping_status":"closed","sticky":false,"template":"","format":"standard","meta":{"_acf_changed":false,"episode_type":"","audio_file":"","cover_image":"","cover_image_id":"","duration":"","filesize":"","filesize_raw":"","date_recorded":"","explicit":"","block":"","itunes_episode_number":"","itunes_title":"","itunes_season_number":"","itunes_episode_type":"","footnotes":""},"categories":[16518,16487,16682],"tags":[14126],"gps":[],"class_list":{"0":"post-38050","1":"post","2":"type-post","3":"status-publish","4":"format-standard","5":"has-post-thumbnail","7":"category-relaiciones-internacionales","8":"category-brasil","9":"category-g20","10":"tag-debates-br-es"},"acf":[],"_links":{"self":[{"href":"https:\/\/latinoamerica21.com\/es\/wp-json\/wp\/v2\/posts\/38050","targetHints":{"allow":["GET"]}}],"collection":[{"href":"https:\/\/latinoamerica21.com\/es\/wp-json\/wp\/v2\/posts"}],"about":[{"href":"https:\/\/latinoamerica21.com\/es\/wp-json\/wp\/v2\/types\/post"}],"author":[{"embeddable":true,"href":"https:\/\/latinoamerica21.com\/es\/wp-json\/wp\/v2\/users\/193"}],"replies":[{"embeddable":true,"href":"https:\/\/latinoamerica21.com\/es\/wp-json\/wp\/v2\/comments?post=38050"}],"version-history":[{"count":0,"href":"https:\/\/latinoamerica21.com\/es\/wp-json\/wp\/v2\/posts\/38050\/revisions"}],"wp:featuredmedia":[{"embeddable":true,"href":"https:\/\/latinoamerica21.com\/es\/wp-json\/wp\/v2\/media\/38051"}],"wp:attachment":[{"href":"https:\/\/latinoamerica21.com\/es\/wp-json\/wp\/v2\/media?parent=38050"}],"wp:term":[{"taxonomy":"category","embeddable":true,"href":"https:\/\/latinoamerica21.com\/es\/wp-json\/wp\/v2\/categories?post=38050"},{"taxonomy":"post_tag","embeddable":true,"href":"https:\/\/latinoamerica21.com\/es\/wp-json\/wp\/v2\/tags?post=38050"},{"taxonomy":"gps","embeddable":true,"href":"https:\/\/latinoamerica21.com\/es\/wp-json\/wp\/v2\/gps?post=38050"}],"curies":[{"name":"wp","href":"https:\/\/api.w.org\/{rel}","templated":true}]}}