{"id":3806,"date":"2021-02-07T10:00:00","date_gmt":"2021-02-07T13:00:00","guid":{"rendered":"http:\/\/latinoamerica21.com\/?p=3806"},"modified":"2021-02-07T13:14:07","modified_gmt":"2021-02-07T16:14:07","slug":"a-donde-vas-mexico","status":"publish","type":"post","link":"https:\/\/latinoamerica21.com\/es\/a-donde-vas-mexico\/","title":{"rendered":"\u00bfA d\u00f3nde vas, M\u00e9xico?"},"content":{"rendered":"\n<h3 class=\"wp-block-heading\"><strong><em>Coautora Alejandra Salado<\/em><\/strong><\/h3>\n\n\n\n<p>Han pasado 26 meses desde que el 1\u00b0 de diciembre de 2018 Andr\u00e9s Manuel L\u00f3pez Obrador (AMLO) asumi\u00f3 el cargo como presidente de M\u00e9xico y asoman varias preguntas. \u00bfA d\u00f3nde vas, M\u00e9xico? \u00bfQu\u00e9 se ha hecho bien y qu\u00e9 no durante el gobierno de la Cuarta Transformaci\u00f3n? \u00bfQu\u00e9 puede pasar en las elecciones federales y locales del pr\u00f3ximo 6 de junio?<\/p>\n\n\n\n<p>La gesti\u00f3n de L\u00f3pez Obrador presenta tonos claros y oscuros n\u00edtidos, as\u00ed como matices entre la luz plena y la oscuridad total. Veamos estas tonalidades con detalle.<\/p>\n\n\n\n<p><strong>Los aciertos de AMLO<\/strong><\/p>\n\n\n\n<p>AMLO apost\u00f3 sus fichas internacionales a tener buenas relaciones con los Estados Unidos e incluso opt\u00f3 por no entrar en debate ante las pol\u00e9micas declaraciones del presidente Donald Trump con respecto al muro. A mediados de 2020 entr\u00f3 en vigor el T-MEC, un acuerdo comercial con Canad\u00e1 y los Estados Unidos que tiene ventajas para el pa\u00eds, ya que el 80% de las exportaciones mexicanas tiene como destino sus dos vecinos del norte y es una de las apuestas para ayudar a la recuperaci\u00f3n econ\u00f3mica.<\/p>\n\n\n\n<p>El inicio de la relaci\u00f3n con Biden ha sido cautelosa, porque si bien M\u00e9xico ha reconocido las recientes pol\u00edticas que favorecen a la comunidad migrante mexicana, las declaraciones de AMLO marcan un l\u00edmite ante posibles intromisiones en el tema de seguridad.<\/p>\n\n\n\n<p>El combate a la corrupci\u00f3n es otro aspecto positivo de la gesti\u00f3n del actual gobernante mexicano. El golpe contra al huachicoleo \u2014robo de combustibles por bandas criminales con la complicidad de funcionarios de la petrolera estatal, PEMEX\u2014 todav\u00eda contin\u00faa proces\u00e1ndose y el desenlace final es incierto. Pero ha alimentado la esperanza ciudadana de que se producir\u00eda al fin un cambio real.&nbsp;<\/p>\n\n\n\n<p>El manejo intensivo de comunicaci\u00f3n a trav\u00e9s de las conferencias de prensa matinales y peri\u00f3dicos informes de gesti\u00f3n instalaron en la opini\u00f3n p\u00fablica la imagen de un presidente con autoridad moral que informa a la poblaci\u00f3n. AMLO ha brindado m\u00e1s de 400 \u201cma\u00f1aneras\u201d y a pesar de las cr\u00edticas de quienes consideran que el ritual es demag\u00f3gico y proselitista, podemos esperar que en el mediano plazo contribuir\u00e1 a revitalizar la cultura democr\u00e1tica, especialmente entre los j\u00f3venes.<\/p>\n\n\n\n<p>La decisi\u00f3n del Instituto Nacional Electoral de prohibir la transmisi\u00f3n \u00edntegra de las conferencias presidenciales a partir del 4 de abril (cuando se abre el per\u00edodo de campa\u00f1as para la jornada electoral del 3 de junio) ha reavivado el debate sobre la forma y el contenido de las mismas. &nbsp;<\/p>\n\n\n\n<p><strong>Las materias desaprobadas<\/strong><strong><\/strong><\/p>\n\n\n\n<p>Entre las materias desaprobadas por la opini\u00f3n p\u00fablica, <a href=\"http:\/\/latinoamerica21.com\/es\/la-pandemia-y-la-indolencia-economica-de-amlo\/\" target=\"_blank\" rel=\"noreferrer noopener\">el manejo gubernamental de la pandemia de coronavirus ha concitado m\u00e1s rechazo que aprobaci\u00f3n<\/a>. Desde un comienzo, AMLO minimiz\u00f3 la gravedad del brote neg\u00e1ndose a dictar medidas sanitarias en\u00e9rgicas. Contagiado de COVID-19 a fines de enero, es una inc\u00f3gnita para develar saber si revertir\u00e1 su apat\u00eda hacia la emergencia viral.<\/p>\n\n\n\n<p>Hugo L\u00f3pez-Gatell, subsecretario de Prevenci\u00f3n y Promoci\u00f3n de Salud, se convirti\u00f3 en la figura visible de la estrategia obradorista, gozando de una popularidad extraordinaria en los meses iniciales de la pandemia. Pero la misma se ha ido erosionando a medida que aumentan el n\u00famero de v\u00edctimas fatales y los niveles de contagios han llevado al sistema hospitalario al borde del colapso. &nbsp;&nbsp;&nbsp;&nbsp;&nbsp;<\/p>\n\n\n\n<p>La pandemia de coronavirus transparent\u00f3 las dificultades preexistentes de la econom\u00eda mexicana. El estancamiento se acentu\u00f3 con una ca\u00edda de un 9% del PIB y <a href=\"https:\/\/expansion.mx\/economia\/2021\/01\/21\/mexico-termina-el-2020-con-una-tasa-de-desempleo-de-4-4\" target=\"_blank\" rel=\"noreferrer noopener\">la p\u00e9rdida neta de 650 mil empleos formales.<\/a> Este derrumbe fue acompa\u00f1ado por una disminuci\u00f3n de las inversiones p\u00fablica y privada. La confianza de empresarios y ciudadanos en el futuro se ha ido recuperando discretamente, pero a\u00fan se mantiene por debajo de los 50 puntos. El a\u00f1o econ\u00f3mico comenz\u00f3 colmado de incertidumbre.<\/p>\n\n\n\n<p>Antes de la actual emergencia sanitaria, M\u00e9xico enfrentaba otra pandemia: la de la violencia. Para resolverla, AMLO continu\u00f3 la senda militarista de sus antecesores. Adem\u00e1s, bajo el lema \u201cbecarios s\u00ed, sicarios no\u201d, implement\u00f3 pol\u00edticas sociales que a\u00fan no muestran resultados palmarios. Pero el narcotr\u00e1fico tiene dimensiones estructurales que son subestimadas por el gobierno mexicano. De ah\u00ed su fracaso. Una prueba es el caso del general Cienfuegos, quien fue exonerado de los delitos que se le imputaban sin que se llevara a cabo ning\u00fan juicio. La decisi\u00f3n de la Fiscal\u00eda General de la Rep\u00fablica no ha hecho m\u00e1s que aumentar las sospechas sobre la penetraci\u00f3n e influencia de las bandas criminales al interior del estado mexicano.&nbsp;<\/p>\n\n\n\n<p><strong>La gesti\u00f3n e penumbra<\/strong><\/p>\n\n\n\n<p>Ahora bien, en algunos asuntos la gesti\u00f3n de AMLO se movi\u00f3 entre la media luz y la penumbra y ha dado lugar a interpretaciones polarizadas sin hegemon\u00edas claras.<\/p>\n\n\n\n<p>En primer lugar, la cuesti\u00f3n migratoria. Durante su campa\u00f1a electoral, AMLO propuso un enfoque humanitario en el tema de migraci\u00f3n. Sin embargo, desde el inicio de su gobierno la Secretar\u00eda de Relaciones Exteriores tom\u00f3 el liderazgo en el tema y trabaj\u00f3 directamente con la administraci\u00f3n Trump modificando la forma de cooperaci\u00f3n. Bajo la presi\u00f3n del gobierno estadounidense, M\u00e9xico abandon\u00f3 el enfoque humanitario y adopt\u00f3 una pol\u00edtica que signific\u00f3 un retroceso en las obligaciones del Estado para garantizar los derechos humanos de las personas migrantes.<\/p>\n\n\n\n<p>En este sentido, la pol\u00edtica migratoria de AMLO criminaliza y fortalece la discriminaci\u00f3n hacia un grupo en situaci\u00f3n de vulnerabilidad. Pero al mismo tiempo, ese giro Cop\u00e9rnico recibi\u00f3 el apoyo de la opini\u00f3n p\u00fablica que presionaba para que su gobierno contuviera las marchas migratorias.<\/p>\n\n\n\n<p>En segundo lugar, la violencia contra las mujeres y ni\u00f1as ha ido en aumento durante los \u00faltimos a\u00f1os. Ante esta situaci\u00f3n, las mujeres de diversos sectores y los movimientos feministas han salido a las calles para manifestarse contra el aumento de los feminicidios, las desapariciones y las violencias machistas. La respuesta del presidente ha sido ambivalente; reconoce el dolor de las mujeres y la gravedad del problema pero minimiza las cr\u00edticas y evade la atenci\u00f3n del mismo.<\/p>\n\n\n\n<p>En tercer lugar, las consultas ciudadanas han sido una recurrente estrategia del gobierno de AMLO que le permiti\u00f3 disminuir el costo de la toma de decisiones en grandes proyectos que polarizan la opini\u00f3n p\u00fablica, a saber: Tren Maya, nuevo aeropuerto de CDMX, planta <em>Constellation Brands<\/em> en Baja California. Las consultas han sido organizadas desde la estructura de su partido y si bien no cuentan con los requisitos m\u00ednimos para ser consideradas ejercicios democr\u00e1ticos han funcionado para legitimar sus decisiones.<\/p>\n\n\n\n<p><strong>\u00bfQu\u00e9 esperar en las elecciones subnacionales y parlamentarias?<\/strong><\/p>\n\n\n\n<p>A pesar de la crisis sanitaria por la pandemia, la recesi\u00f3n econ\u00f3mica y el incremento de la violencia, la popularidad del presidente se mantiene muy alta: 61% de acuerdo con el sitio de agregaci\u00f3n de encuestas <em>Or\u00e1culus<\/em>. Los ciudadanos perciben que el Gobierno Federal no tiene la capacidad para enfrentar de manera eficiente la triple crisis y responsabilizan a los gobiernos pasados por las malas condiciones econ\u00f3micas e institucionales en que dejaron el pa\u00eds.<\/p>\n\n\n\n<p>En este contexto, con un l\u00edder popular y la ausencia de alternativas viables en la oposici\u00f3n, no se puede imaginar f\u00e1cilmente una derrota del oficialismo. El tiempo y los electores tendr\u00e1n la palabra.\u00a0\u00a0\u00a0<\/p>\n\n\n\n<p><em><sub>Foto de El Pelos Brise\u00f1o en Foter.com \/ CC BY-NC-SA<\/sub><\/em><\/p>\n","protected":false},"excerpt":{"rendered":"<p>Coautora Alejandra Salado<br \/>\nHan pasado 26 meses desde que L\u00f3pez Obrador asumi\u00f3 como presidente de M\u00e9xico y asoman varias preguntas. \u00bfA d\u00f3nde vas, M\u00e9xico? La gesti\u00f3n de L\u00f3pez Obrador presenta tonos claros y oscuros n\u00edtidos, as\u00ed como matices entre la luz plena y la oscuridad total. <\/p>\n","protected":false},"author":172,"featured_media":3748,"comment_status":"closed","ping_status":"closed","sticky":false,"template":"","format":"standard","meta":{"_acf_changed":false,"episode_type":"","audio_file":"","cover_image":"","cover_image_id":"","duration":"","filesize":"","filesize_raw":"","date_recorded":"","explicit":"","block":"","itunes_episode_number":"","itunes_title":"","itunes_season_number":"","itunes_episode_type":"","footnotes":""},"categories":[16466,16466,16468,16468,16536,16536],"tags":[],"gps":[],"class_list":{"0":"post-3806","1":"post","2":"type-post","3":"status-publish","4":"format-standard","5":"has-post-thumbnail","7":"category-mexico","9":"category-politica","11":"category-lopez-obrador"},"acf":[],"_links":{"self":[{"href":"https:\/\/latinoamerica21.com\/es\/wp-json\/wp\/v2\/posts\/3806","targetHints":{"allow":["GET"]}}],"collection":[{"href":"https:\/\/latinoamerica21.com\/es\/wp-json\/wp\/v2\/posts"}],"about":[{"href":"https:\/\/latinoamerica21.com\/es\/wp-json\/wp\/v2\/types\/post"}],"author":[{"embeddable":true,"href":"https:\/\/latinoamerica21.com\/es\/wp-json\/wp\/v2\/users\/172"}],"replies":[{"embeddable":true,"href":"https:\/\/latinoamerica21.com\/es\/wp-json\/wp\/v2\/comments?post=3806"}],"version-history":[{"count":0,"href":"https:\/\/latinoamerica21.com\/es\/wp-json\/wp\/v2\/posts\/3806\/revisions"}],"wp:featuredmedia":[{"embeddable":true,"href":"https:\/\/latinoamerica21.com\/es\/wp-json\/wp\/v2\/media\/3748"}],"wp:attachment":[{"href":"https:\/\/latinoamerica21.com\/es\/wp-json\/wp\/v2\/media?parent=3806"}],"wp:term":[{"taxonomy":"category","embeddable":true,"href":"https:\/\/latinoamerica21.com\/es\/wp-json\/wp\/v2\/categories?post=3806"},{"taxonomy":"post_tag","embeddable":true,"href":"https:\/\/latinoamerica21.com\/es\/wp-json\/wp\/v2\/tags?post=3806"},{"taxonomy":"gps","embeddable":true,"href":"https:\/\/latinoamerica21.com\/es\/wp-json\/wp\/v2\/gps?post=3806"}],"curies":[{"name":"wp","href":"https:\/\/api.w.org\/{rel}","templated":true}]}}