{"id":3811,"date":"2021-02-05T10:48:07","date_gmt":"2021-02-05T13:48:07","guid":{"rendered":"http:\/\/latinoamerica21.com\/?p=3811"},"modified":"2021-02-08T05:18:59","modified_gmt":"2021-02-08T08:18:59","slug":"la-spanish-flu-misterios-y-consecuencias","status":"publish","type":"post","link":"https:\/\/latinoamerica21.com\/es\/la-spanish-flu-misterios-y-consecuencias\/","title":{"rendered":"La \u201cSpanish Flu\u201d: misterios y consecuencias"},"content":{"rendered":"\n<p>Tras una referencia a la llamada \u201cSpanish Flu\u201d en un acto acad\u00e9mico del Centro para las Humanidades de mi propia universidad (Universidad de Miami), no resist\u00ed la tentaci\u00f3n y cuestion\u00e9 la tenaz identificaci\u00f3n de la peor epidemia de la historia moderna con el territorio de Espa\u00f1a. Suger\u00ed que esas referencias debieran ser acompa\u00f1adas, en informaciones por escrito, con una nota al pie, o con una verbal aclaraci\u00f3n verbal que precisara la err\u00f3nea \u201cautor\u00eda\u201d nacional.<\/p>\n\n\n\n<p>Mi osad\u00eda me fue \u201crecompensada\u201d por Hugh Thomas (la coincidencia del nombre es casualmente ir\u00f3nica), director del Centro con la misi\u00f3n de hallar un experto espa\u00f1ol que ayudara a dilucidar la perjudicial identificaci\u00f3n. Tambi\u00e9n conven\u00eda apuntar las causas de la pandemia \u201cSpanish flu\u201d y sus consecuencias. Como misi\u00f3n adicional, se recomendaba apuntar su paralelismo con la actual tragedia.<\/p>\n\n\n\n<p>Confieso satisfactoriamente que aprend\u00ed mucho de la experiencia, m\u00e1s all\u00e1 de haber tenido el honor de contribuir a la mejor inserci\u00f3n en la comunidad acad\u00e9mica de mi instituci\u00f3n del Decano de la Facultad Medicina de la Universidad de Barcelona, Antoni Trilla. Aunque en el curso del programa no se revelaron especulares novedades, s\u00ed nos ayud\u00f3 a asimilar aspectos fundamentales que no conviene olvidar.<\/p>\n\n\n\n<p><strong>La identificaci\u00f3n de la pandemia con Espa\u00f1a<\/strong><\/p>\n\n\n\n<p>En primer lugar, para los que todav\u00eda pod\u00edan ser confundidos por la identificaci\u00f3n nacional de la pandemia con Espa\u00f1a, el misterioso origen \u201cespa\u00f1ol\u201d se debe curiosamente a una cl\u00e1sica peculiaridad pol\u00edtico-hist\u00f3rica del pa\u00eds. La pandemia de hace m\u00e1s de un siglo se produjo en plena dram\u00e1tica clausura de la Primera Guerra Mundial. Los pa\u00edses combatientes, pr\u00e1cticamente todo el planeta, escondieron la explosi\u00f3n del virus que lleg\u00f3 a afectar a media humanidad y a causar m\u00e1s v\u00edctimas que la propia guerra, porque la publicidad reducir\u00eda el necesario reclutamiento de carne de ca\u00f1\u00f3n. De ah\u00ed que se ejerciera una fuerte censura de prensa. Espa\u00f1a, neutral en la guerra, no aplic\u00f3 esta medida y la noticia se ventil\u00f3 libremente.<\/p>\n\n\n\n<p>De ah\u00ed que el mal se identific\u00f3 como de origen hispano, mientras que las m\u00e1s serias investigaciones lo han rastreado a un regimiento del ej\u00e9rcito norteamericano en Kansas. De ah\u00ed se esparcir\u00eda por todo el territorio de Estados Unidos y luego fue embarcado por las tropas estadounidenses hacia los frentes de batalla en Europa. Al parecer, el tr\u00e1fico de trabajadores espa\u00f1oles y portugueses hacia Francia, donde llenaban el vac\u00edo en la agricultura dejado por los soldados franceses, contribuy\u00f3 a la m\u00e1s completa leyenda del origen espa\u00f1ol del virus.<\/p>\n\n\n\n<p><strong>Una peculiaridad espa\u00f1ola<\/strong><\/p>\n\n\n\n<p>Este episodio confirma una vez m\u00e1s una mal merecida peculiaridad espa\u00f1ola. Los gobiernos espa\u00f1oles, frecuentemente se\u00f1alados con raz\u00f3n como dictatoriales, en esa ocasi\u00f3n alardeaba de libertad de prensa. Al hab\u00e9rsele endosado el err\u00f3neo adjetivo no supo, como ha sido frecuente en la historia, despojarse de injustos calificativos. La \u201cetiqueta\u201d de la \u201cSpanish Flu\u201d es un ejemplo m\u00e1s del fracaso de los mecanismos oficiales de relaciones p\u00fablicas. Esta identificaci\u00f3n encaja con el exclusivo endoso espa\u00f1ol de la Inquisici\u00f3n, la exclusiva del tr\u00e1fico esclavista en las Am\u00e9ricas, y el aniquilamiento de los pueblos ind\u00edgenas.<\/p>\n\n\n\n<p>La presentaci\u00f3n de Trilla contribuy\u00f3 al entendimiento de la enormidad de la pandemia y a la advertencia de que tales fen\u00f3menos son pr\u00e1cticamente imposibles de eliminar totalmente. Sus consecuencias sobreviven a su aparente agotamiento. Este innato detalle nos deber\u00eda llevar a la meditaci\u00f3n acerca de dos casos concretos de contaminaci\u00f3n del \u201cSpanish Flu\u201d sufridos por l\u00edderes del momento. Uno fue el presidente norteamericano Woodrow Wilson, y otro el propio rey \u201cSpanish\u201d Alfonso XIII.<\/p>\n\n\n\n<p><strong>Diagn\u00f3sticos y secuelas<\/strong><\/p>\n\n\n\n<p>Wilson, en su residencia de Par\u00eds, fue aquejado de una misteriosa dolencia que lo dej\u00f3 fuera de combate una larga convalecencia y que luego se reconoci\u00f3 como un caso de la epidemia. Aparentemente recuperado, el presidente norteamericano no se vio con fuerzas suficientes para evitar que sus socios europeos aplicaran las estrictas medidas punitivas sobre Alemania en el Tratado de Versalles. Adem\u00e1s, su innovador dise\u00f1o de la Sociedad de Naciones, precedente ut\u00f3pico de las Naciones Unidas, fue vetado vergonzosamente de la membres\u00eda norteamericana por el propio Senado. La reconstrucci\u00f3n de Europa naci\u00f3 herida de muerte. El desastre fue aprovechado por Hitler.<\/p>\n\n\n\n<p>Mientras, en Espa\u00f1a, al parecer Alfonso XIII se recuper\u00f3 del virus. Pero la d\u00e9cada de los 20 fue una sucesi\u00f3n de desastres causados indirectamente o tolerados por el monarca. La tragedia de la guerra de Marruecos, la reacci\u00f3n militar en el Rif (donde se inici\u00f3 la estelar carrera de Francisco Franco), la entrega del poder al General Primero Primo de Rivera, la II Rep\u00fablica, la Guerra Civil y la dictadura franquista son la sucesiva lecci\u00f3n colectiva de la ausente autoridad de un monarca que aparentemente no super\u00f3 la enfermedad.<\/p>\n\n\n\n<p>El reciente diagn\u00f3stico de las secuelas (amnesia, locomoci\u00f3n imperfecta, irritaci\u00f3n mental, visi\u00f3n defectuosa) del Covid19 en las v\u00edctimas certificadas como sanas debe llevarnos a recomendar que los l\u00edderes reciban tratos de favor en la administraci\u00f3n de las vacunas y luego en su sanaci\u00f3n. \u00bfQui\u00e9n puede certificar que Trump se recuper\u00f3 milagrosamente despu\u00e9s de su dolencia y del surrealista paseo en limusina? \u00bfQu\u00e9 parte de su conducta antes y despu\u00e9s del asalto del Capitolio puede atribuirse a la supervivencia del virus? \u00bfEst\u00e1n de veras vacunados los que desde el Senado se oponen a las medidas punitivas de la destituci\u00f3n retardada? Recordar a Wilson y Alfonso XIII puede ayudar.<\/p>\n\n\n\n<p><em><sub>Foto de UteQuintoC<\/sub><\/em><\/p>\n","protected":false},"excerpt":{"rendered":"<p>Para los que todav\u00eda pod\u00edan estar confundidos por la identificaci\u00f3n nacional de la pandemia con Espa\u00f1a, el misterioso origen \u201cespa\u00f1ol\u201d se debe curiosamente a una cl\u00e1sica peculiaridad pol\u00edtico-hist\u00f3rica del pa\u00eds. <\/p>\n","protected":false},"author":143,"featured_media":3749,"comment_status":"closed","ping_status":"closed","sticky":false,"template":"","format":"standard","meta":{"_acf_changed":false,"episode_type":"","audio_file":"","cover_image":"","cover_image_id":"","duration":"","filesize":"","filesize_raw":"","date_recorded":"","explicit":"","block":"","itunes_episode_number":"","itunes_title":"","itunes_season_number":"","itunes_episode_type":"","footnotes":""},"categories":[16548,16548],"tags":[],"gps":[],"class_list":{"0":"post-3811","1":"post","2":"type-post","3":"status-publish","4":"format-standard","5":"has-post-thumbnail","7":"category-pandemia"},"acf":[],"_links":{"self":[{"href":"https:\/\/latinoamerica21.com\/es\/wp-json\/wp\/v2\/posts\/3811","targetHints":{"allow":["GET"]}}],"collection":[{"href":"https:\/\/latinoamerica21.com\/es\/wp-json\/wp\/v2\/posts"}],"about":[{"href":"https:\/\/latinoamerica21.com\/es\/wp-json\/wp\/v2\/types\/post"}],"author":[{"embeddable":true,"href":"https:\/\/latinoamerica21.com\/es\/wp-json\/wp\/v2\/users\/143"}],"replies":[{"embeddable":true,"href":"https:\/\/latinoamerica21.com\/es\/wp-json\/wp\/v2\/comments?post=3811"}],"version-history":[{"count":0,"href":"https:\/\/latinoamerica21.com\/es\/wp-json\/wp\/v2\/posts\/3811\/revisions"}],"wp:featuredmedia":[{"embeddable":true,"href":"https:\/\/latinoamerica21.com\/es\/wp-json\/wp\/v2\/media\/3749"}],"wp:attachment":[{"href":"https:\/\/latinoamerica21.com\/es\/wp-json\/wp\/v2\/media?parent=3811"}],"wp:term":[{"taxonomy":"category","embeddable":true,"href":"https:\/\/latinoamerica21.com\/es\/wp-json\/wp\/v2\/categories?post=3811"},{"taxonomy":"post_tag","embeddable":true,"href":"https:\/\/latinoamerica21.com\/es\/wp-json\/wp\/v2\/tags?post=3811"},{"taxonomy":"gps","embeddable":true,"href":"https:\/\/latinoamerica21.com\/es\/wp-json\/wp\/v2\/gps?post=3811"}],"curies":[{"name":"wp","href":"https:\/\/api.w.org\/{rel}","templated":true}]}}