{"id":385,"date":"2019-07-18T13:10:07","date_gmt":"2019-07-18T16:10:07","guid":{"rendered":"http:\/\/latinoamerica21.com\/?p=385"},"modified":"2023-01-20T17:57:07","modified_gmt":"2023-01-20T20:57:07","slug":"el-caso-assange","status":"publish","type":"post","link":"https:\/\/latinoamerica21.com\/es\/el-caso-assange\/","title":{"rendered":"El caso Assange"},"content":{"rendered":"\n<p>En junio de 2012, ingres\u00f3 a la Embajada ecuatoriana, de Londres, un Julian Assange envuelto en un halo de heroicidad como la persona que destap\u00f3 informaci\u00f3n secreta de los Estados Unidos. En esta se mostraban violaciones de los derechos humanos y de la libre determinaci\u00f3n de los pueblos, las cuales fueron perpetradas mediante operaciones militares o de manejo diplom\u00e1tico. <\/p>\n\n\n\n<p>Siete a\u00f1os m\u00e1s tarde, el <a href=\"https:\/\/www.nytimes.com\/es\/2019\/04\/11\/espanol\/assange-embajada-ecuador.html\">ciberactivista<\/a>, golpeado f\u00edsica y psicol\u00f3gicamente por el largo encierro, enfrenta condiciones m\u00e1s dif\u00edciles que las que forzaron su solicitud de asilo. Cumple prisi\u00f3n por haber violado la libertad condicional en el Reino Unido, y Estados Unidos pide su extradici\u00f3n, pues es acusado de diecisiete delitos contra la seguridad. Estos podr\u00edan significar penas de prisi\u00f3n que rebasan de largo su expectativa de vida. <\/p>\n\n\n\n<p>Pero el deterioro de Assange no se reduce solamente a su salud o a su condici\u00f3n legal, sino que tambi\u00e9n se refiere, en lo fundamental, al eclipsamiento de su imagen inicial, la del <em>hacker<\/em> en b\u00fasqueda de transparencia frente a los ocultamientos del poder y su sustituci\u00f3n por el activista que realiza operaciones de incidencia pol\u00edtica (esto, en una trasnochada recuperaci\u00f3n de las l\u00f3gicas de enfrentamiento propias de la guerra fr\u00eda).<\/p>\n\n\n\n<blockquote class=\"wp-block-quote is-layout-flow wp-block-quote-is-layout-flow\">\n<p>\u00bfC\u00f3mo explicar la metamorfosis de Assange, quien pas\u00f3 de ser baluarte de la libertad de informaci\u00f3n y expresi\u00f3n a promotor de la posverdad?\u00bb<\/p>\n<\/blockquote>\n\n\n\n<p>Assange y Wikileaks irrumpieron en la escena medi\u00e1tica del mundo mediante el surgimiento de una nueva plataforma para la sociopol\u00edtica planetaria que antes no exist\u00eda: la del enfrentamiento entre tecnolog\u00eda y soberanismos. La aparici\u00f3n de las nuevas tecnolog\u00edas de la comunicaci\u00f3n planteaba la posibilidad de un acceso directo a fuentes de informaci\u00f3n que antes estaban blindadas o protegidas por las soberan\u00edas estatales nacionales; la tecnolog\u00eda pod\u00eda ponerse al servicio de los derechos humanos, muchas veces \u00absacrificados\u00bb por las necesidades de la \u00abraz\u00f3n de Estado\u00bb. <\/p>\n\n\n\n<p>\u00bfC\u00f3mo explicar la metamorfosis de Assange, quien pas\u00f3 de ser baluarte de la libertad de informaci\u00f3n y expresi\u00f3n a promotor de la posverdad, que utiliza la informaci\u00f3n resultante de sus operaciones de hackeo para desestabilizar reg\u00edmenes e interferir en asuntos internos de otros Estados, como lo hizo en el conflicto catal\u00e1n, impulsando la idea del independentismo, o aline\u00e1ndose con los servicios secretos rusos en su ataque a la candidatura dem\u00f3crata de Hillary Clinton? \u00bfO su coincidencia, por no decir identificaci\u00f3n, con la estrategia geopol\u00edtica de Vlad\u00edmir Putin, dentro de lo que fue la estramb\u00f3tica relaci\u00f3n con el r\u00e9gimen de Rafael Correa, quien lo aloj\u00f3 o recluy\u00f3, como quiera v\u00e9rsele, en la Embajada ecuatoriana de Londres?<\/p>\n\n\n\n<p>Assange no es un esp\u00eda que est\u00e1 al servicio de un Estado enemigo, como seguramente quiso verlo Correa, sino la materializaci\u00f3n de la capacidad de interpenetraci\u00f3n ofrecida por las actuales tecnolog\u00edas de informaci\u00f3n. Su presencia expresa las nuevas l\u00f3gicas de la pol\u00edtica contempor\u00e1nea: un filtrador de informaci\u00f3n cuya motivaci\u00f3n responde a la percepci\u00f3n de que las libertades de los ciudadanos han sido o pueden ser violadas, pero tambi\u00e9n de quien usa la informaci\u00f3n con fines contrarios a la transparencia informativa y a la defensa de derechos.<\/p>\n\n\n\n<p>El caso Assange, como en su momento el caso Snowden, advierte sobre la contingencia y vulnerabilidad en la que se reproducen las sociedades contempor\u00e1neas, una complejidad que exige conceptos y aprestamientos institucionales que vayan m\u00e1s all\u00e1 de explicar el fen\u00f3meno como operaci\u00f3n de espionaje a la integridad de los Estados. En el periodismo puede ser leg\u00edtimo el uso de filtraciones para poner a disposici\u00f3n de la ciudadan\u00eda aquella informaci\u00f3n que sea sobre la conducta de sus Gobiernos, cuando estos la ocultan a nombre de la seguridad nacional. La defensa de Assange de que estaba actuando como periodista, cuando descubri\u00f3 y expuso informaci\u00f3n militar y diplom\u00e1tica, pone en juego en este caso, efectivamente, los temas de la libertad de expresi\u00f3n y del oficio del periodismo. Conviene al inter\u00e9s p\u00fablico acceder a informaci\u00f3n relevante que evidencie violaci\u00f3n de derechos o exponga a actores p\u00fablicos y privados en casos de corrupci\u00f3n, aunque los procedimientos utilizados puedan presentar desaf\u00edos \u00e9ticos al ejercicio de la carrera.<\/p>\n\n\n\n<p>Sin embargo, no solo los Estados son blanco del escrutinio inform\u00e1tico. La realidad de los individuos est\u00e1 construida cada vez m\u00e1s sobre la circulaci\u00f3n de informaciones, lo que les vuelve vulnerables a la observaci\u00f3n de su privacidad por parte de los Estados o de otros poderes discrecionales. Las tecnolog\u00edas de la informaci\u00f3n evolucionan a pasos agigantados; procesan una masa de informaci\u00f3n cada vez mayor, lo que conduce a identificar tendencias de conducta de los ciudadanos, sobre las cuales se puede incidir despu\u00e9s, reforzando la conducci\u00f3n (manipulaci\u00f3n) de preferencias en los \u00e1mbitos del mercado, pero tambi\u00e9n de la pol\u00edtica y de la configuraci\u00f3n de valores y de significaciones sociales. <\/p>\n\n\n\n<p>Mas all\u00e1 de la imagen de Assange como el Robbin Hood de la nueva era comunicacional-tecnol\u00f3gica, el caso evidencia la presencia de nuevos actores y nuevas l\u00f3gicas de incidencia pol\u00edtica que giran en torno a las tecnolog\u00edas de la comunicaci\u00f3n, a su utilizaci\u00f3n para condicionar conductas y comportamientos pol\u00edticos, pero, sobre todo, a su capacidad potencial de romper toda barrera que quiera interponerse para resguardar la informaci\u00f3n con la que se reproducen las l\u00f3gicas del poder.<\/p>\n\n\n\n<p><\/p>\n\n\n\n<hr class=\"wp-block-separator has-alpha-channel-opacity\"\/>\n\n\n\n<p class=\"has-text-align-right\"><strong><em>Episodio relacionado de nuestro&nbsp;<\/em><\/strong><a href=\"http:\/\/latinoamerica21.com\/podcast\/\"><strong><em>podcast<\/em><\/strong><\/a><strong>:<\/strong><\/p>\n\n\n\n<figure class=\"wp-block-embed is-type-rich is-provider-spotify wp-block-embed-spotify wp-embed-aspect-21-9 wp-has-aspect-ratio\"><div class=\"wp-block-embed__wrapper\">\n<iframe title=\"Spotify Embed: La libertad de prensa en Am\u00e9rica Latina\" style=\"border-radius: 12px\" width=\"100%\" height=\"152\" frameborder=\"0\" allowfullscreen allow=\"autoplay; clipboard-write; encrypted-media; fullscreen; picture-in-picture\" loading=\"lazy\" src=\"https:\/\/open.spotify.com\/embed\/episode\/356HqbxisErLdT8y4ueAiX?si=QpVVZYjBQ7-AnE5I3xSIFA&#038;utm_source=oembed\"><\/iframe>\n<\/div><\/figure>\n","protected":false},"excerpt":{"rendered":"<p>En junio de 2012, ingres\u00f3 a la Embajada ecuatoriana, de Londres, un Julian Assange envuelto en un halo de heroicidad como la persona que destap\u00f3 informaci\u00f3n secreta de EE. UU., en la que se mostraban violaciones de los derechos humanos y de la libre determinaci\u00f3n de los pueblos.<\/p>\n","protected":false},"author":8,"featured_media":386,"comment_status":"closed","ping_status":"closed","sticky":false,"template":"","format":"standard","meta":{"_acf_changed":false,"episode_type":"","audio_file":"","cover_image":"","cover_image_id":"","duration":"","filesize":"","filesize_raw":"","date_recorded":"","explicit":"","block":"","itunes_episode_number":"","itunes_title":"","itunes_season_number":"","itunes_episode_type":"","footnotes":""},"categories":[16475,16475,16495,16495],"tags":[],"gps":[],"class_list":{"0":"post-385","1":"post","2":"type-post","3":"status-publish","4":"format-standard","5":"has-post-thumbnail","7":"category-ecuador","9":"category-posverdad"},"acf":[],"_links":{"self":[{"href":"https:\/\/latinoamerica21.com\/es\/wp-json\/wp\/v2\/posts\/385","targetHints":{"allow":["GET"]}}],"collection":[{"href":"https:\/\/latinoamerica21.com\/es\/wp-json\/wp\/v2\/posts"}],"about":[{"href":"https:\/\/latinoamerica21.com\/es\/wp-json\/wp\/v2\/types\/post"}],"author":[{"embeddable":true,"href":"https:\/\/latinoamerica21.com\/es\/wp-json\/wp\/v2\/users\/8"}],"replies":[{"embeddable":true,"href":"https:\/\/latinoamerica21.com\/es\/wp-json\/wp\/v2\/comments?post=385"}],"version-history":[{"count":0,"href":"https:\/\/latinoamerica21.com\/es\/wp-json\/wp\/v2\/posts\/385\/revisions"}],"wp:featuredmedia":[{"embeddable":true,"href":"https:\/\/latinoamerica21.com\/es\/wp-json\/wp\/v2\/media\/386"}],"wp:attachment":[{"href":"https:\/\/latinoamerica21.com\/es\/wp-json\/wp\/v2\/media?parent=385"}],"wp:term":[{"taxonomy":"category","embeddable":true,"href":"https:\/\/latinoamerica21.com\/es\/wp-json\/wp\/v2\/categories?post=385"},{"taxonomy":"post_tag","embeddable":true,"href":"https:\/\/latinoamerica21.com\/es\/wp-json\/wp\/v2\/tags?post=385"},{"taxonomy":"gps","embeddable":true,"href":"https:\/\/latinoamerica21.com\/es\/wp-json\/wp\/v2\/gps?post=385"}],"curies":[{"name":"wp","href":"https:\/\/api.w.org\/{rel}","templated":true}]}}