{"id":3862,"date":"2021-02-11T06:19:00","date_gmt":"2021-02-11T09:19:00","guid":{"rendered":"http:\/\/latinoamerica21.com\/?p=3862"},"modified":"2023-10-24T07:07:41","modified_gmt":"2023-10-24T10:07:41","slug":"el-enfrentamiento-es-entre-las-izquierdas","status":"publish","type":"post","link":"https:\/\/latinoamerica21.com\/es\/el-enfrentamiento-es-entre-las-izquierdas\/","title":{"rendered":"El enfrentamiento es entre las izquierdas"},"content":{"rendered":"\n<p>Despu\u00e9s de <a href=\"http:\/\/latinoamerica21.com\/es\/ecuador-primeras-elecciones-del-2021-en-latinoamerica\/\" target=\"_blank\" rel=\"noreferrer noopener\">las elecciones del pasado 7 de febrero<\/a>, Ecuador ha vivido una semana de fuerte emocionalidad pol\u00edtica. Los resultados confirmaron al favorito para el primer lugar: Andr\u00e9s Arauz, ahijado pol\u00edtico del ex presidente Rafael Correa. La sorpresa la dio el candidato por el movimiento ind\u00edgena Pachakutik, Yaku P\u00e9rez, que apareci\u00f3 en el conteo r\u00e1pido de la misma noche del 7 de febrero en el segundo lugar, arrebatando el sitial que los sondeos de opini\u00f3n asignaban a Guillermo Lasso, representante de la alianza de derecha CREO-PSC. <\/p>\n\n\n\n<p>La escasa diferencia, de apenas unas cent\u00e9simas, <a href=\"https:\/\/www.eluniverso.com\/noticias\/2021\/02\/10\/nota\/9620877\/elecciones-presidenciales-ecuador-2021-guillermo-lasso-supera-yaku\/\" target=\"_blank\" rel=\"noreferrer noopener\">se fue desvaneciendo con el pasar de los d\u00edas<\/a>, para dejar paso a una incertidumbre que se resolver\u00e1 en no menos de una semana m\u00e1s, gracias a un acuerdo entre los candidatos y el Consejo Nacional Electoral, que consensuaron la revisi\u00f3n de los resultados en las mesas electorales que presentan inconsistencias.<\/p>\n\n\n\n<p><strong>El surgimiento del movimiento Pachak\u00fatik<\/strong><\/p>\n\n\n\n<p>M\u00e1s all\u00e1 del desenlace, lo que revela este resultado es la emergencia de un nuevo protagonismo pol\u00edtico, el del movimiento Pachak\u00fatik que termina modificando las tradicionales coordenadas pol\u00edticas. Lo que aparec\u00eda como una confrontaci\u00f3n entre la izquierda y la derecha, est\u00e1 siendo sustituido por un nuevo campo para las definiciones pol\u00edticas que es el enfrentamiento dentro de las mismas fuerzas de izquierda. <\/p>\n\n\n\n<p>Por un lado, la que ahora ya se podr\u00eda llamar como izquierda tradicional encarnada en los postulados del ex presidente Rafael Correa, versi\u00f3n ecuatoriana del bolivarianismo inaugurado por Ch\u00e1vez y continuado por Maduro en Venezuela. Y esta nueva expresi\u00f3n que se proyecta como un actor relevante de la escena pol\u00edtica<em>,<\/em> combinando los valores ancestrales de defensa de la naturaleza frente al extractivismo, con las reivindicaciones de movimientos emergentes como el feminismo y el ecologismo global.<\/p>\n\n\n\n<p><strong>El debilitamiento de la derecha tradicional<\/strong><\/p>\n\n\n\n<p>El resultado electoral, m\u00e1s all\u00e1 de c\u00f3mo se resuelva el recuento de los votos, nos presenta un cuadro de debilitamiento de la derecha tradicional. La alianza PSC-CREO (Partido Social Cristiano y Movimiento Creando oportunidades) se demostr\u00f3 infructuosa. Desde un inicio, revel\u00f3 su debilidad de fondo: una alianza electoral y no program\u00e1tica, unida \u00fanicamente por la necesaria presencia electoral, pero acompa\u00f1ada por la reticencia a fortalecer demasiado a una de sus expresiones en desmedro de la otra. <\/p>\n\n\n\n<p>En el fondo los un\u00eda, sin que se percatasen suficientemente, una voluntad de auto boicot como tendencia: poca claridad en afirmar un programa pol\u00edtico conjunto que signifique la propuesta de una alternativa real para salir de la profunda crisis econ\u00f3mica y sanitaria que afecta al pa\u00eds. El 20% de la votaci\u00f3n que alcanza el candidato Guillermo Lasso dista mucho del 44.41% que las dos fuerzas lograron sumar en la elecci\u00f3n de 2017, cuando ambas se enfrentaron a Lenin Moreno. Entonces, se trat\u00f3 de una fragmentaci\u00f3n que les impidi\u00f3, como tendencia, vencer a la izquierda corre\u00edsta representada por Alianza Pa\u00eds. Ahora, \u2018unidas\u2019, el resultado es peor.<\/p>\n\n\n\n<p>Por otro lado, la victoria de Andr\u00e9s Arauz muestra tambi\u00e9n una ca\u00edda significativa de desempe\u00f1o electoral del corre\u00edsmo respecto de los resultados que esta agrupaci\u00f3n ven\u00eda alcanzando en anteriores contiendas electorales. Apenas rebasa el 30%, cuando hist\u00f3ricamente su cota superaba el 40%, alcanzando en la \u00faltima elecci\u00f3n un 39.36% de adhesi\u00f3n.<\/p>\n\n\n\n<p>Dos actores emergen de manera sorprendente en la elecci\u00f3n del 7 de febrero: Yaku P\u00e9rez que representa a Pachak\u00fatik, brazo pol\u00edtico de la CONAIE, organizaci\u00f3n hist\u00f3rica del movimiento ind\u00edgena, que alcanza alrededor del 20% de votaci\u00f3n; y Javier Hervas, que logra un 16%, en representaci\u00f3n de Izquierda Democr\u00e1tica, partido de centro, reedici\u00f3n de la tradicional socialdemocracia ecuatoriana, vigente en los a\u00f1os 80 y 90 del siglo pasado.<\/p>\n\n\n\n<p>El resultado electoral muestra el crecimiento de Pachak\u00fatik, protagonista de la revuelta de octubre de 2019. Yaku se encarg\u00f3 de posicionar su candidatura al interior del movimiento, al desplazar a los otros l\u00edderes ind\u00edgenas m\u00e1s cercanos al corre\u00edsmo, Iza y Vargas, l\u00ednea que se consolida con el resultado actual.<\/p>\n\n\n\n<p>Igual acontece con el voto que est\u00e1 tras lo alcanzado por Javier Hervas: la necesidad de abandonar la ret\u00f3rica \u2018ideol\u00f3gica\u2019 por el pragmatismo de ofrecer soluciones empresariales a la problem\u00e1tica del empleo, en particular para los sectores medios urbanos seriamente afectados por la crisis.<\/p>\n\n\n\n<p><strong>La distribuci\u00f3n del voto<\/strong><\/p>\n\n\n\n<p>Una r\u00e1pida lectura de la distribuci\u00f3n del voto es aleccionadora. Mientras Arauz se fortalece en los antiguos bastiones de la costa populista y de la derecha socialcristiana (Guayas y Manab\u00ed), Yaku consolida su representaci\u00f3n del mundo rural de la sierra y la Amazon\u00eda, donde Pachak\u00fatik y la CONAIE son su m\u00e1xima expresi\u00f3n.<\/p>\n\n\n\n<p>El crecimiento sorpresivo de la presencia electoral del candidato ind\u00edgena modifica el tradicional enfrentamiento entre la izquierda y la derecha, al introducir nuevos desaf\u00edos para la elecci\u00f3n de segunda vuelta en el caso en el cual el vencedor fuera el representante de Pachak\u00fatik. Para el candidato Arauz, ser\u00eda enormemente dif\u00edcil enfrentar a Yaku P\u00e9rez y a su programa, que recoge las tradicionales reivindicaciones del mundo ind\u00edgena y las nuevas demandas de los actores sociales emergentes. <\/p>\n\n\n\n<p>Los ofrecimientos de subsidios y d\u00e1divas ya no ser\u00edan suficientes para cautivar a un electorado que est\u00e1 caminando hacia nuevos referentes y soluciones vinculadas con la necesidad de combinar el crecimiento sostenible de la econom\u00eda, con la defensa y profundizaci\u00f3n de los derechos y las libertades, posici\u00f3n que representa la l\u00ednea opuesta a los postulados del corre\u00edsmo de Arauz.<\/p>\n\n\n\n<p><strong>Los desaf\u00edos<\/strong><\/p>\n\n\n\n<p>Los desaf\u00edos que se presentan para la segunda vuelta son enormes. Para los opositores a Arauz la dificultad de evitar el posible desgaste en la disputa por el segundo lugar. Para este, la dificultad de demostrar independencia frente a Correa que se sabe todav\u00eda relevante en el escenario pol\u00edtico del pa\u00eds. <\/p>\n\n\n\n<p>Lo sucedido en las urnas y durante esta semana at\u00edpica de la disputa por el segundo lugar, ha revelado la posibilidad de acuerdos entre actores pol\u00edticos, a pesar de sus diferencias ideol\u00f3gicas. Pero, sobre todo, deja en evidencia a un electorado protag\u00f3nico, que marca la agenda pol\u00edtica y que no se deja encasillar por el convencionalismo de la polarizaci\u00f3n entre izquierda y derecha. \u00bfC\u00f3mo canalizar esa votaci\u00f3n? Ese es el verdadero problema.<\/p>\n\n\n\n<p><em><sub>Foto de Agencia de Noticias ANDES<\/sub><\/em><\/p>\n","protected":false},"excerpt":{"rendered":"<p>M\u00e1s all\u00e1 del desenlace, este resultado revela la emergencia de un nuevo protagonismo pol\u00edtico, el movimiento Pachak\u00fatik, que modifica las tradicionales coordenadas pol\u00edticas. Lo que aparec\u00eda como una confrontaci\u00f3n izquierda-derecha, est\u00e1 siendo sustituido por un enfrentamiento dentro de las mismas fuerzas de izquierda. <\/p>\n","protected":false},"author":8,"featured_media":3863,"comment_status":"closed","ping_status":"closed","sticky":false,"template":"","format":"standard","meta":{"_acf_changed":false,"episode_type":"","audio_file":"","cover_image":"","cover_image_id":"","duration":"","filesize":"","filesize_raw":"","date_recorded":"","explicit":"","block":"","itunes_episode_number":"","itunes_title":"","itunes_season_number":"","itunes_episode_type":"","footnotes":""},"categories":[16468,16468,16471,16471,16475,16475],"tags":[14126],"gps":[],"class_list":{"0":"post-3862","1":"post","2":"type-post","3":"status-publish","4":"format-standard","5":"has-post-thumbnail","7":"category-politica","9":"category-elecciones","11":"category-ecuador","13":"tag-debates-br-es"},"acf":[],"_links":{"self":[{"href":"https:\/\/latinoamerica21.com\/es\/wp-json\/wp\/v2\/posts\/3862","targetHints":{"allow":["GET"]}}],"collection":[{"href":"https:\/\/latinoamerica21.com\/es\/wp-json\/wp\/v2\/posts"}],"about":[{"href":"https:\/\/latinoamerica21.com\/es\/wp-json\/wp\/v2\/types\/post"}],"author":[{"embeddable":true,"href":"https:\/\/latinoamerica21.com\/es\/wp-json\/wp\/v2\/users\/8"}],"replies":[{"embeddable":true,"href":"https:\/\/latinoamerica21.com\/es\/wp-json\/wp\/v2\/comments?post=3862"}],"version-history":[{"count":0,"href":"https:\/\/latinoamerica21.com\/es\/wp-json\/wp\/v2\/posts\/3862\/revisions"}],"wp:featuredmedia":[{"embeddable":true,"href":"https:\/\/latinoamerica21.com\/es\/wp-json\/wp\/v2\/media\/3863"}],"wp:attachment":[{"href":"https:\/\/latinoamerica21.com\/es\/wp-json\/wp\/v2\/media?parent=3862"}],"wp:term":[{"taxonomy":"category","embeddable":true,"href":"https:\/\/latinoamerica21.com\/es\/wp-json\/wp\/v2\/categories?post=3862"},{"taxonomy":"post_tag","embeddable":true,"href":"https:\/\/latinoamerica21.com\/es\/wp-json\/wp\/v2\/tags?post=3862"},{"taxonomy":"gps","embeddable":true,"href":"https:\/\/latinoamerica21.com\/es\/wp-json\/wp\/v2\/gps?post=3862"}],"curies":[{"name":"wp","href":"https:\/\/api.w.org\/{rel}","templated":true}]}}