{"id":3865,"date":"2021-02-10T06:11:13","date_gmt":"2021-02-10T09:11:13","guid":{"rendered":"http:\/\/latinoamerica21.com\/?p=3865"},"modified":"2023-10-24T10:38:10","modified_gmt":"2023-10-24T13:38:10","slug":"por-que-amlo-no-quiere-a-biden","status":"publish","type":"post","link":"https:\/\/latinoamerica21.com\/es\/por-que-amlo-no-quiere-a-biden\/","title":{"rendered":"\u00bfPor qu\u00e9 AMLO no quiere a Biden?"},"content":{"rendered":"\n<p>Los presidentes de M\u00e9xico y Estados Unidos sostuvieron el pasado 23 de enero su primera conversaci\u00f3n telef\u00f3nica. Seg\u00fan reportes de prensa, Joe Biden empez\u00f3 el di\u00e1logo se\u00f1alando divertido que \u00e9l no era Donald Trump, a lo que Andr\u00e9s Manuel L\u00f3pez Obrador (AMLO) respondi\u00f3 serio que \u00e9l tuvo una gran relaci\u00f3n con el ex presidente y magnate neoyorkino.<\/p>\n\n\n\n<p>La an\u00e9cdota confirma lo que ya sab\u00edamos: AMLO fue un trumpista de closet en las elecciones estadounidenses. Algunos explican la afinidad del tabasque\u00f1o con Trump se\u00f1alando que son almas pol\u00edticas gemelas. No les falta raz\u00f3n. Ambos son populistas, demagogos, buscapleitos y sienten desprecio por la ciencia y las \u00e9lites intelectuales.<\/p>\n\n\n\n<p>Su mutua afinidad qued\u00f3 evidenciada en la extensa carta de presentaci\u00f3n que AMLO le envi\u00f3 a Trump en 2018 en que resalta sus similitudes: \u201c<em>En cuanto a lo pol\u00edtico, me anima el hecho de que ambos sabemos cumplir lo que decimos y hemos enfrentado la adversidad con \u00e9xito. Conseguimos poner a nuestros votantes y ciudadanos al centro y desplazar al establishment o r\u00e9gimen predominante<\/em>.\u201d<\/p>\n\n\n\n<p>Con ese gui\u00f1o, AMLO hizo puntos con Trump al presentarse como uno de los suyos: un outsider al que las arrogantes \u00e9lites de Washington y Ciudad de M\u00e9xico consideraron no aptos para ocupar la alta dignidad de la presidencia. Pero de forma espectacular y sorpresiva demostraron lo mucho que estaban equivocadas.<\/p>\n\n\n\n<p><strong>La frialdad de AMLO con Biden<\/strong><\/p>\n\n\n\n<p>Tanta camarader\u00eda y calidez contrasta con la frialdad (rayana en descortes\u00eda) que AMLO mostr\u00f3 al resistirse a felicitar a Biden por su inequ\u00edvoco triunfo en noviembre pasado. Bajo el falaz argumento de que el proceso electoral estadounidense no hab\u00eda terminado, AMLO daba juego de esa forma a las infundadas acusaciones de fraude electoral de Trump que hicieron crisis con el asalto al Capitolio el pasado 6 de enero.<\/p>\n\n\n\n<p>La l\u00f3gica de AMLO, sin embargo, no aguanta el m\u00e1s m\u00ednimo escrutinio. Su gobierno ha sido siempre el primero en felicitar a presidentes de su mismo signo pol\u00edtico, como fue el caso de Alberto Fern\u00e1ndez de Argentina.<\/p>\n\n\n\n<p>Me parece -sin embargo- que la malquerencia de AMLO por Biden es m\u00e1s prosaica: no se basa en diferencias de car\u00e1cter sino en fr\u00eda y calculadora estrategia pol\u00edtica. Lo cierto es que AMLO prefer\u00eda a Trump porque \u00e9ste le dej\u00f3 hacer y deshacer a su antojo y sin el m\u00e1s m\u00ednimo reproche. Las cosas ser\u00e1n bien distintas con Biden en al menos tres \u00e1mbitos que directamente afectar\u00e1n la relaci\u00f3n M\u00e9xico-Estados Unidos.<\/p>\n\n\n\n<p><strong>Tres puntos que afectar\u00e1n la relaci\u00f3n M\u00e9xico-Estados Unidos<\/strong><\/p>\n\n\n\n<p>El primer \u00e1mbito es el medioambiente, un tema que al gobierno de AMLO lo tiene sin cuidado. Para muestra un bot\u00f3n: en lo que va del sexenio han desfilado tres titulares en la hoy irrelevante Secretar\u00eda de Medio Ambiente y Recursos Naturales (SEMARNAT). El actual titular es un miembro desconocido del muy cuestionado Partido Verde Ecologista de M\u00e9xico (PVEM).<\/p>\n\n\n\n<p>Para todo efecto pr\u00e1ctico, el gobierno mexicano ha abandonado la protecci\u00f3n ambiental como pol\u00edtica de Estado y las consecuencias saltan a la vista. Se mand\u00f3 desmontar un manglar entero para construir una refiner\u00eda en el estado natal del presidente, se sigue inyectando dinero a PEMEX y favoreciendo el uso de combustibles f\u00f3siles, y se promueve la construcci\u00f3n en \u00e1reas protegidas como la reserva de la biosfera de Calakmul. Para disgusto de AMLO, la administraci\u00f3n Biden pondr\u00e1 el tema medioambiental en el centro mismo de la agenda diplom\u00e1tica con M\u00e9xico.<\/p>\n\n\n\n<p><a href=\"http:\/\/latinoamerica21.com\/es\/politica-y-democracia-en-el-primer-ano-de-lopez-obrador\/\" target=\"_blank\" rel=\"noreferrer noopener\">El segundo \u00e1mbito de conflicto ser\u00e1 la democracia<\/a>. Al ex presidente Trump le gustaba estrechar la mano dura de los aut\u00f3cratas. En el fondo les admiraba y hubiese querido llegar a ser un hombre fuerte al mando de su naci\u00f3n al estilo de Vladimir Putin o Erdogan. En esto tambi\u00e9n sali\u00f3 perdiendo AMLO con la victoria de Biden. La nueva administraci\u00f3n ya ha avisado que la defensa de los valores democr\u00e1ticos volver\u00e1 a la agenda de los Estados Unidos. Ello necesariamente echar\u00e1 agua al embate directo y frontal de AMLO sobre el Instituto Nacional Electoral (INE) y sus consejeros, a quienes descalifica un d\u00eda s\u00ed y otro tambi\u00e9n.<\/p>\n\n\n\n<p>Y ah\u00ed no para la cosa. Si AMLO llegase a cancelar las elecciones de junio de este a\u00f1o bajo el pretexto de la pandemia, o desconocer sus resultados acusando al INE de cometer fraude, tendr\u00e1 que dar explicaciones en la Oficina de Asuntos Hemisf\u00e9ricos en Washington.<\/p>\n\n\n\n<p>El tercer y \u00faltimo \u00e1mbito es la militarizaci\u00f3n creciente del pa\u00eds. Aqu\u00ed el tema de la detenci\u00f3n y posterior liberaci\u00f3n del General Cienfuegos se cruza. Los puentes entre la DEA y el FBI con el ej\u00e9rcito mexicano volaron por los aires cuando Cienfuegos fue detenido en el aeropuerto de Los \u00c1ngeles en octubre del a\u00f1o pasado. Fue un golpe muy duro para el ej\u00e9rcito, el cual goza en M\u00e9xico de apoyo y reconocimiento transversal entre los actores pol\u00edticos. La posterior liberaci\u00f3n del general por las autoridades estadounidenses a instancias de Trump y la acusaci\u00f3n de AMLO a la DEA de fabricar evidencia s\u00f3lo agravaron la situaci\u00f3n.<\/p>\n\n\n\n<p>El resultado es que hoy tenemos un presidente mexicano que utiliza al ej\u00e9rcito como garante de su proyecto pol\u00edtico, y una nueva administraci\u00f3n en Washington que desconf\u00eda de las fuerzas armadas mexicanas. Son los elementos de una tormenta perfecta que puede devenir en un grave conflicto diplom\u00e1tico.<\/p>\n\n\n\n<p>Y por todo ello es que AMLO prefer\u00eda a Trump sobre Biden. Mala suerte para \u00e9l pues ahora le va a tocar bailar con la m\u00e1s fea.<\/p>\n\n\n\n<hr class=\"wp-block-separator\"\/>\n\n\n\n<p class=\"has-text-align-right\"><strong><em>Episodio relacionado de nuestro\u00a0<a href=\"http:\/\/latinoamerica21.com\/podcast\/\">podcast<\/a><\/em>:<\/strong><\/p>\n\n\n\n<figure class=\"wp-block-embed is-type-rich is-provider-spotify wp-block-embed-spotify wp-embed-aspect-21-9 wp-has-aspect-ratio\"><div class=\"wp-block-embed__wrapper\">\n<iframe title=\"Spotify Embed: La agenda latinoamericana de Joe Biden\" style=\"border-radius: 12px\" width=\"100%\" height=\"152\" frameborder=\"0\" allowfullscreen allow=\"autoplay; clipboard-write; encrypted-media; fullscreen; picture-in-picture\" loading=\"lazy\" src=\"https:\/\/open.spotify.com\/embed\/episode\/6sVLBPPfzYfNdy08DSxTdK?si=XAUAgBcXRu2uGOXNvMt1XQ&#038;dl_branch=1&#038;utm_source=oembed\"><\/iframe>\n<\/div><\/figure>\n\n\n\n<p><em><sub>Foto por elmago_delmar em Foter.com \/ CC BY-<\/sub><\/em><\/p>\n","protected":false},"excerpt":{"rendered":"<p>AMLO fue un trumpista de closet en las elecciones estadounidenses. Algunos explican la afinidad con Trump se\u00f1alando que son almas pol\u00edticas gemelas. No les falta raz\u00f3n. Ambos son populistas, demagogos, buscapleitos y sienten desprecio por la ciencia y las \u00e9lites intelectuales.<\/p>\n","protected":false},"author":177,"featured_media":3849,"comment_status":"closed","ping_status":"closed","sticky":false,"template":"","format":"standard","meta":{"_acf_changed":false,"episode_type":"","audio_file":"","cover_image":"","cover_image_id":"","duration":"","filesize":"","filesize_raw":"","date_recorded":"","explicit":"","block":"","itunes_episode_number":"","itunes_title":"","itunes_season_number":"","itunes_episode_type":"","footnotes":""},"categories":[16466,16466,16567,16567,16504,16504],"tags":[],"gps":[],"class_list":{"0":"post-3865","1":"post","2":"type-post","3":"status-publish","4":"format-standard","5":"has-post-thumbnail","7":"category-mexico","9":"category-joe-biden","11":"category-populismo"},"acf":[],"_links":{"self":[{"href":"https:\/\/latinoamerica21.com\/es\/wp-json\/wp\/v2\/posts\/3865","targetHints":{"allow":["GET"]}}],"collection":[{"href":"https:\/\/latinoamerica21.com\/es\/wp-json\/wp\/v2\/posts"}],"about":[{"href":"https:\/\/latinoamerica21.com\/es\/wp-json\/wp\/v2\/types\/post"}],"author":[{"embeddable":true,"href":"https:\/\/latinoamerica21.com\/es\/wp-json\/wp\/v2\/users\/177"}],"replies":[{"embeddable":true,"href":"https:\/\/latinoamerica21.com\/es\/wp-json\/wp\/v2\/comments?post=3865"}],"version-history":[{"count":0,"href":"https:\/\/latinoamerica21.com\/es\/wp-json\/wp\/v2\/posts\/3865\/revisions"}],"wp:featuredmedia":[{"embeddable":true,"href":"https:\/\/latinoamerica21.com\/es\/wp-json\/wp\/v2\/media\/3849"}],"wp:attachment":[{"href":"https:\/\/latinoamerica21.com\/es\/wp-json\/wp\/v2\/media?parent=3865"}],"wp:term":[{"taxonomy":"category","embeddable":true,"href":"https:\/\/latinoamerica21.com\/es\/wp-json\/wp\/v2\/categories?post=3865"},{"taxonomy":"post_tag","embeddable":true,"href":"https:\/\/latinoamerica21.com\/es\/wp-json\/wp\/v2\/tags?post=3865"},{"taxonomy":"gps","embeddable":true,"href":"https:\/\/latinoamerica21.com\/es\/wp-json\/wp\/v2\/gps?post=3865"}],"curies":[{"name":"wp","href":"https:\/\/api.w.org\/{rel}","templated":true}]}}