{"id":39752,"date":"2024-04-17T08:00:00","date_gmt":"2024-04-17T11:00:00","guid":{"rendered":"https:\/\/latinoamerica21.com\/?p=39752"},"modified":"2024-04-16T08:55:32","modified_gmt":"2024-04-16T11:55:32","slug":"el-salvador-la-mentira-deseada","status":"publish","type":"post","link":"https:\/\/latinoamerica21.com\/es\/el-salvador-la-mentira-deseada\/","title":{"rendered":"El Salvador: la mentira deseada"},"content":{"rendered":"\n<p>Con el t\u00e9rmino \u201cla mentira deseada\u201d, Humberto Eco se refer\u00eda a lo que estaba ocurriendo en el seno de una creciente multitud a la que no le interesa saber la verdad, sino escuchar lo que sus o\u00eddos quieren o\u00edr, leer lo que a sus mentes les gustar\u00eda que fuera realidad y asistir a espacios en los que todos opinaran lo que ellos mismos creer. Se trata de una necesidad de reforzar las creencias personales por encima de cualquier evidencia en sentido contrario.<\/p>\n\n\n\n<p>A los integrantes del culto se les puede mostrar pruebas, incluso llevarles a la estratosfera para verificar la redondez del planeta, y al aterrizar volver\u00e1n con sus correligionarios para que les reafirmen su convicci\u00f3n de que la Tierra es plana.<\/p>\n\n\n\n<p>Canten pues conmigo aquel viejo bolero: \u201cVoy viviendo ya de tus mentiras \/ S\u00e9 que tu cari\u00f1o no es sincero \/ S\u00e9 que mientes al besar y mientes al decir \u201cte quiero\u201d \/ Me resigno porque s\u00e9 que pago mi maldad de ayer \/ Siempre fui llevado por la mala \/ Es por eso que te quiero tanto \/ Mas si das a mi vivir la dicha con tu amor fingido \/ Mi\u00e9nteme una eternidad que me hace tu maldad feliz.\u201d<\/p>\n\n\n\n<p>Con dos guitarras y un par de maracas los tr\u00edos o solistas cantaban antiguamente aquellos versos en las calles del centro de San Salvador, cuyas letras todos conoc\u00edan de las lecturas del Cancionero Picot. Medio siglo antes de que el famoso semi\u00f3logo y fil\u00f3sofo italiano lo dejara por escrito, el conocimiento acerca de esa patol\u00f3gica realidad de la mentira deseada ya era popular a trav\u00e9s. Claro que no es lo mismo que lo recite Lucho Gatica all\u00e1 en Sudam\u00e9rica en uno de sus boleros, a que lo escriba un intelectual acad\u00e9mico en Europa.\u00a0<\/p>\n\n\n\n<p><strong>\u00bfPor qu\u00e9 nos gustan las mentiras?<\/strong><\/p>\n\n\n\n<p>La academica Carolina Escobar Sarti, en su art\u00edculo <a href=\"https:\/\/www.prensalibre.com\/opinion\/columnasdiarias\/mienteme-mas-marca-de-fabrica\/\"><em>Mi\u00e9nteme m\u00e1s: marca de f\u00e1brica<\/em><\/a>, reflexionaba hace algunos a\u00f1o en el peri\u00f3dico guatemalteco Prensa Libre: \u201c\u00bfacaso no aceptamos mentiras que vienen por igual de los amores, los gobernantes o de ciertos l\u00edderes religiosos porque nos hace su maldad feliz? \u00bfNo hay en ello un persistente masoquismo?<\/p>\n\n\n\n<p>Vamos a los datos, y es que hoy est\u00e1 de moda afirmar que \u201cdato mata relato\u201d. La familia Bukele que gobierna en El Salvador ejecuta un gasto multimillonario \u2013dentro de fronteras salvadore\u00f1as y en el resto del mundo- para afrontar la realidad en el mundo virtual. Para ello tiene ej\u00e9rcitos de servidores \u2013nunca mejor denominada- dedicados a multiplicar las versiones que hora tras hora redactan en un comando central de propaganda.<\/p>\n\n\n\n<p>Este dato fue publicado en noviembre de 2022 por la Agencia Reuters de Gran Breta\u00f1a. La periodista Sarah Kinosian dio a conocer los resultados de una profunda y extensa investigaci\u00f3n, seg\u00fan la cual centenares de personas trabajan en instalaciones del gobierno salvadore\u00f1o produciendo <a href=\"https:\/\/latinoamerica21.com\/es\/las-autocracias-influencers-y-su-acoso-a-las-democracias\/\">notas falsas para enaltecer al gobernante<\/a> e insultar y atacar a sus cr\u00edticos.<\/p>\n\n\n\n<p>Por un sueldo mensual de seiscientos d\u00f3lares, estos empleados dedican su jornada laboral a sumar seguidores ficticios del gobernante a trav\u00e9s del elogio de sus pol\u00edticas falsas y obras de ficci\u00f3n. La propaganda fluye las 24 horas del d\u00eda, los 365 d\u00edas del a\u00f1o. Pero estos empleados, adem\u00e1s de mantener en funcionamiento la m\u00e1quina de propaganda tambi\u00e9n realizan tareas como \u201creportar y presentar quejas contra las publicaciones de esos cr\u00edticos con el prop\u00f3sito de que las plataformas cierren sus cuentas\u201d, seg\u00fan el informe de Reuters.<\/p>\n\n\n\n<p>Muchas de esas tareas se realizan en oficinas gubernamentales y son supervisadas directamente por funcionarios del gobierno, entre ellos un ministro que no est\u00e1 relacionado ni con el equipo de comunicaciones ni de prensa de la casa presidencial, ni con los medios de comunicaci\u00f3n del estado, seg\u00fan la investigadora. Asimismo, Kinosian dio a conocer que existen granjas de <em>trolls<\/em> cuya \u00fanica funci\u00f3n es crear millares de cuentas falsas de X para que apoyen a Bukele y su partido Nuevas Ideas.<\/p>\n\n\n\n<p>El documento afirma que la estrategia de Nayib Bukele consiste en \u201cinundar con propaganda, demonizar a las instituciones encargadas de desacreditar esa propaganda \u2013la prensa libre y la sociedad civil-\u2026\u201d, imponer la agenda, reprimir la disidencia y establecer una atm\u00f3sfera de terror permanente.<\/p>\n\n\n\n<p><strong>Contagio inminente<\/strong><\/p>\n\n\n\n<p>Al conocer la publicaci\u00f3n de la agencia brit\u00e1nica, la administraci\u00f3n estadounidense manifest\u00f3 su preocupaci\u00f3n por el peligro de contagio de estas estrategias y que estas fueran \u201cutilizadas por otros actores en otras regiones\u201d. Eso es exactamente lo que ha ocurrido con Daniel Noboa en Ecuador y Javier Milei en Argentina, quienes han seguido palmo a palmo la misma ruta y gui\u00f3n.<\/p>\n\n\n\n<p>El \u00e9xito se debe, en parte, a la utilizaci\u00f3n permanente de los m\u00e1s modernos recursos de comunicaci\u00f3n que penetran profundamente y abarcan todos los espacios, entre ellos los anal\u00f3gicos. Otro elemento tiene que ver con la convicci\u00f3n de las personas de que es preferible repetir la propaganda oficial antes que exponerse a la represi\u00f3n brutal de los agentes del r\u00e9gimen que son absolutamente inescrupulosos y cuentan con la aquiescencia y respaldo presidencial, cuando no act\u00faan directamente obedientes a sus \u00f3rdenes expresas de asesinato y desaparici\u00f3n. Son esos los oprimidos por el terror estatal.<\/p>\n\n\n\n<p>Y aunque muchos saben que en el reino de Bukele ni los aeropuertos, ni sat\u00e9lites, ni plantas nucleares, ni trenes bala prometidos son reales, muchos tambi\u00e9n saben que sus sueldos dependen de la persistencia del tirano en el poder. Son, en su mayor\u00eda, personas que escogen la fe a la moral convencidos de que creer en dios es suficiente para limpiar el alma.<\/p>\n\n\n\n<p>Pero, tambi\u00e9n opera un mecanismo de pat\u00e9tica defensa de la autoestima. A nadie le interesa asumir el error luego de haber defendido con fanatismo: \u201c\u00a1soy orgullosamente nayiliber!\u201d,&nbsp; menos si se trata de un orgulloso universitario. Y eso que la \u00fanica universidad gubernamental agoniza estrangulada por las manos de Bukele. En marzo los administradores de la UES tuvieron que despedir sin aviso a todos los profesores auxiliares y ya no podr\u00e1n pagarse ni los recibos de la luz, internet ni agua.&nbsp;<\/p>\n\n\n\n<p>Traigo a cuentas el calvario y la agon\u00eda de la Universidad de El Salvador porque fue all\u00ed donde Bukele hizo la \u00fanica aparici\u00f3n p\u00fablica como candidato presidencial en 2019, en la que present\u00f3 una inolvidable lista de ofrecimientos. Prometi\u00f3 incrementar el presupuesto a la UES hasta convertirla en la universidad con mayores recursos financieros de Am\u00e9rica Central. Nominalmente el presupuesto anual de la Universidad de El Salvador es de 130 millones de d\u00f3lares, pero desde hace tres a\u00f1os apenas se le entrega alrededor de 70 millones. Eso representa 102 millones de d\u00f3lares menos que lo que elgobierno de Daniel Ortega le da anualmente a la UNAN, es decir, menos de la mitad. Honduras presupuesta 560 millones cada a\u00f1o para su universidad y los ticos le destinan anualmente 18 veces m\u00e1s recursos.<\/p>\n\n\n\n<p>Se supone que las universidades re\u00fanen las mentes m\u00e1s potentes y los esp\u00edritus m\u00e1s cr\u00edticos de una sociedad, pero desde la UES no se oye ni una cr\u00edtica al r\u00e9gimen que asesina la educaci\u00f3n, la ciencia, la t\u00e9cnica y la cultura. Como hace decadas, en las calles del centro de San Salvador, esta universidad va por la vida cantando \u201cMi\u00e9nteme una eternidad, que me hace tu maldad feliz\u201d. Universidad infame.<\/p>\n\n\n\n<p><em><sub>*Texto publicado originalmente en El Independiente, El Salvador<\/sub><\/em><\/p>\n","protected":false},"excerpt":{"rendered":"<p>La familia Bukele ejecuta un gasto multimillonario en ej\u00e9rcitos de  desarrolladores dedicados a multiplicar la propaganda oficial en redes sociales y a apagar las voces disonantes.<\/p>\n","protected":false},"author":602,"featured_media":39754,"comment_status":"closed","ping_status":"closed","sticky":false,"template":"","format":"standard","meta":{"_acf_changed":false,"episode_type":"","audio_file":"","cover_image":"","cover_image_id":"","duration":"","filesize":"","filesize_raw":"","date_recorded":"","explicit":"","block":"","itunes_episode_number":"","itunes_title":"","itunes_season_number":"","itunes_episode_type":"","footnotes":""},"categories":[16689,16541,16575],"tags":[14126],"gps":[],"class_list":{"0":"post-39752","1":"post","2":"type-post","3":"status-publish","4":"format-standard","5":"has-post-thumbnail","7":"category-autocracia","8":"category-bukele","9":"category-el-salvador-es","10":"tag-debates-br-es"},"acf":[],"_links":{"self":[{"href":"https:\/\/latinoamerica21.com\/es\/wp-json\/wp\/v2\/posts\/39752","targetHints":{"allow":["GET"]}}],"collection":[{"href":"https:\/\/latinoamerica21.com\/es\/wp-json\/wp\/v2\/posts"}],"about":[{"href":"https:\/\/latinoamerica21.com\/es\/wp-json\/wp\/v2\/types\/post"}],"author":[{"embeddable":true,"href":"https:\/\/latinoamerica21.com\/es\/wp-json\/wp\/v2\/users\/602"}],"replies":[{"embeddable":true,"href":"https:\/\/latinoamerica21.com\/es\/wp-json\/wp\/v2\/comments?post=39752"}],"version-history":[{"count":0,"href":"https:\/\/latinoamerica21.com\/es\/wp-json\/wp\/v2\/posts\/39752\/revisions"}],"wp:featuredmedia":[{"embeddable":true,"href":"https:\/\/latinoamerica21.com\/es\/wp-json\/wp\/v2\/media\/39754"}],"wp:attachment":[{"href":"https:\/\/latinoamerica21.com\/es\/wp-json\/wp\/v2\/media?parent=39752"}],"wp:term":[{"taxonomy":"category","embeddable":true,"href":"https:\/\/latinoamerica21.com\/es\/wp-json\/wp\/v2\/categories?post=39752"},{"taxonomy":"post_tag","embeddable":true,"href":"https:\/\/latinoamerica21.com\/es\/wp-json\/wp\/v2\/tags?post=39752"},{"taxonomy":"gps","embeddable":true,"href":"https:\/\/latinoamerica21.com\/es\/wp-json\/wp\/v2\/gps?post=39752"}],"curies":[{"name":"wp","href":"https:\/\/api.w.org\/{rel}","templated":true}]}}