{"id":40382,"date":"2024-05-11T09:00:00","date_gmt":"2024-05-11T12:00:00","guid":{"rendered":"https:\/\/latinoamerica21.com\/?p=40382"},"modified":"2024-05-11T08:34:03","modified_gmt":"2024-05-11T11:34:03","slug":"la-despenalizacion-de-las-drogas-evitaria-escenarios-como-el-visto-en-ecuador","status":"publish","type":"post","link":"https:\/\/latinoamerica21.com\/es\/la-despenalizacion-de-las-drogas-evitaria-escenarios-como-el-visto-en-ecuador\/","title":{"rendered":"\u00bfLa despenalizaci\u00f3n de las drogas evitar\u00eda escenarios como el visto en Ecuador?"},"content":{"rendered":"\n<p>En estos d\u00edas, se debate en pa\u00edses como Holanda sobre la despenalizaci\u00f3n de drogas como un camino hacia eliminar a las organizaciones criminales que con su violencia desestabilizan a pa\u00edses enteros. Se reconoce que por s\u00ed sola esta pol\u00edtica no puede resolver los efectos del negocio del narcotr\u00e1fico internacional ni siquiera en los pa\u00edses m\u00e1s ricos del mundo. En pa\u00edses como Ecuador, que tiene altos \u00edndices de desigualdad econ\u00f3mica, injusticia social y corrupci\u00f3n, se desatar\u00edan todav\u00eda m\u00e1s problemas.<\/p>\n\n\n\n<p>Primero, despenalizar drogas selectivamente, como hizo Uruguay con el cannabis, no ha eximido a ese pa\u00eds de la violencia provocada por el narcotr\u00e1fico. Te\u00f3ricamente, habr\u00eda que despenalizar todas las drogas, lo cual traer\u00eda serios problemas de salud p\u00fablica, como muestran los \u00edndices de adicci\u00f3n y muerte por fentanilo en Estados Unidos. Y, aun si Ecuador quisiera enfrentar este reto, su sistema de salud p\u00fablica tiene preocupaciones m\u00e1s apremiantes y carece cr\u00f3nicamente de financiamiento.<\/p>\n\n\n\n<p>Segundo, aunque se despenalizaran todas las drogas, las redes criminales no est\u00e1n interesadas solo en ellas; pueden diversificar sus actividades ilegales para seguir operando. Bajo la l\u00f3gica de controlar los flujos de dinero, se tendr\u00eda que liberar toda actividad susceptible de control en el pa\u00eds, empezando por los cigarrillos y gasolina que son objeto de lucrativas redes de contrabando y terminando con la miner\u00eda descontrolada. Y esto no es posible.<\/p>\n\n\n\n<p>Tercero, aunque sea un lugar com\u00fan en los debates, no hay una respuesta sencilla a los niveles de violencia que han alcanzado los pa\u00edses consumidores, productores y distribuidores. Ecuador primero necesita abordar las causas profundas de la inequidad, la discriminaci\u00f3n\u00a0social y laboral sistem\u00e1ticas, la delincuencia generalizada en los diferentes poderes del estado y la escasa institucionalidad jur\u00eddica. En el pa\u00eds, hasta las drogas legales, los medicamentos, son una mercanc\u00eda apreciada por las mafias enquistadas en el estado.<\/p>\n\n\n\n<p>La alcaldesa de Amsterdam, Femke Halsema, recientemente expres\u00f3 su preocupaci\u00f3n de que los Pa\u00edses Bajos se conviertan en un narcoestado y que<a href=\"https:\/\/www.theguardian.com\/commentisfree\/2024\/jan\/05\/amsterdam-netherlands-drugs-policy-trade\"> con ello la violencia desestabilice al pa\u00eds<\/a>. Para prevenir, como est\u00e1 sucediendo, que j\u00f3venes de apenas 14 a\u00f1os se empiecen a involucrarse en su comercio ilegal, propone alternativas que incluyan <a href=\"https:\/\/latinoamerica21.com\/es\/mexico-drogas-prohibicion-y-legalizacion\/\">la legalizaci\u00f3n de ciertas drogas<\/a> siguiendo el ejemplo de Uruguay. Pero esta opci\u00f3n es factible en pa\u00edses con un s\u00f3lido sistema regulatorio, fiscal y jur\u00eddico con mayor capacidad para controlar los flujos de dinero y las influencias indebidas.<\/p>\n\n\n\n<p>En Ecuador, la despenalizaci\u00f3n de drogas exige cambios para los que no est\u00e1 preparado. En el pa\u00eds, los asesinatos de dignidades electas y personas p\u00fablicas se pueden cometer dentro de un alto grado de impunidad. El m\u00e1s reciente homicidio, del fiscal C\u00e9sar Su\u00e1rez Pilay el 17 de enero, mostr\u00f3 una vez m\u00e1s que cualquier criminal, desde el jefe de un cartel hasta una mafia menor, se sienten en la libertad de despachar a un representante de la administraci\u00f3n justicia en plena v\u00eda p\u00fablica.<\/p>\n\n\n\n<p>La despenalizaci\u00f3n de las drogas exige cambios fundamentales: tanto las garant\u00edas para aplicar la ley de manera efectiva como mecanismos sistem\u00e1ticos de inclusi\u00f3n econ\u00f3mica y social. Ante su falta, cualquier otro negocio il\u00edcito puede prosperar y no se habr\u00e1 resuelto ni una m\u00ednima fracci\u00f3n del problema.<\/p>\n","protected":false},"excerpt":{"rendered":"<p>La despenalizaci\u00f3n de las drogas requiere cambios fundamentales: tanto garant\u00edas para la aplicaci\u00f3n efectiva de la ley como sistemas de inclusi\u00f3n econ\u00f3mica y social.<\/p>\n","protected":false},"author":361,"featured_media":40383,"comment_status":"closed","ping_status":"closed","sticky":false,"template":"","format":"standard","meta":{"_acf_changed":false,"episode_type":"","audio_file":"","cover_image":"","cover_image_id":"","duration":"","filesize":"","filesize_raw":"","date_recorded":"","explicit":"","block":"","itunes_episode_number":"","itunes_title":"","itunes_season_number":"","itunes_episode_type":"","footnotes":""},"categories":[16475,16492],"tags":[14126],"gps":[],"class_list":{"0":"post-40382","1":"post","2":"type-post","3":"status-publish","4":"format-standard","5":"has-post-thumbnail","7":"category-ecuador","8":"category-drogas","9":"tag-debates-br-es"},"acf":[],"_links":{"self":[{"href":"https:\/\/latinoamerica21.com\/es\/wp-json\/wp\/v2\/posts\/40382","targetHints":{"allow":["GET"]}}],"collection":[{"href":"https:\/\/latinoamerica21.com\/es\/wp-json\/wp\/v2\/posts"}],"about":[{"href":"https:\/\/latinoamerica21.com\/es\/wp-json\/wp\/v2\/types\/post"}],"author":[{"embeddable":true,"href":"https:\/\/latinoamerica21.com\/es\/wp-json\/wp\/v2\/users\/361"}],"replies":[{"embeddable":true,"href":"https:\/\/latinoamerica21.com\/es\/wp-json\/wp\/v2\/comments?post=40382"}],"version-history":[{"count":0,"href":"https:\/\/latinoamerica21.com\/es\/wp-json\/wp\/v2\/posts\/40382\/revisions"}],"wp:featuredmedia":[{"embeddable":true,"href":"https:\/\/latinoamerica21.com\/es\/wp-json\/wp\/v2\/media\/40383"}],"wp:attachment":[{"href":"https:\/\/latinoamerica21.com\/es\/wp-json\/wp\/v2\/media?parent=40382"}],"wp:term":[{"taxonomy":"category","embeddable":true,"href":"https:\/\/latinoamerica21.com\/es\/wp-json\/wp\/v2\/categories?post=40382"},{"taxonomy":"post_tag","embeddable":true,"href":"https:\/\/latinoamerica21.com\/es\/wp-json\/wp\/v2\/tags?post=40382"},{"taxonomy":"gps","embeddable":true,"href":"https:\/\/latinoamerica21.com\/es\/wp-json\/wp\/v2\/gps?post=40382"}],"curies":[{"name":"wp","href":"https:\/\/api.w.org\/{rel}","templated":true}]}}