{"id":40652,"date":"2024-05-20T09:00:00","date_gmt":"2024-05-20T12:00:00","guid":{"rendered":"https:\/\/latinoamerica21.com\/?p=40652"},"modified":"2024-05-20T08:07:16","modified_gmt":"2024-05-20T11:07:16","slug":"el-desmantelamiento-de-las-politicas-es-responsable-de-la-mayor-crisis-climatica-de-brasil","status":"publish","type":"post","link":"https:\/\/latinoamerica21.com\/es\/el-desmantelamiento-de-las-politicas-es-responsable-de-la-mayor-crisis-climatica-de-brasil\/","title":{"rendered":"El desmantelamiento de las pol\u00edticas es responsable de la mayor crisis clim\u00e1tica de Brasil"},"content":{"rendered":"\n<p>Hay que decirlo claramente: la crisis clim\u00e1tica que vive Rio Grande do Sul (RS) ya es la mayor de la historia de Brasil. Ya se sabe que m\u00e1s de 460 municipios est\u00e1n afectados, lo que representa cerca del 95% de las ciudades del estado, y algunos de estos municipios tienen m\u00e1s del 70% de su poblaci\u00f3n afectada. En total, seg\u00fan la Defensa Civil de RS, hoy son m\u00e1s de dos millones de personas afectadas, de las cuales m\u00e1s de 600 mil tuvieron que abandonar sus hogares. Cuando hablamos de municipios y personas afectadas, hablamos de ciudades inundadas, destruidas y con muchas zonas ya desocupadas. Todo esto es lo que ya sabemos hoy, pero hay muchas cosas que a\u00fan no sabemos. S\u00f3lo cuando el agua retroceda tendremos una mejor visi\u00f3n de la infraestructura destruida, la p\u00e9rdida de las condiciones de subsistencia, las p\u00e9rdidas econ\u00f3micas y, lo m\u00e1s importante, el n\u00famero de muertes.\u00a0<\/p>\n\n\n\n<p>Tambi\u00e9n existen preocupaciones sobre los escenarios posteriores al fen\u00f3meno: en el corto plazo, necesitaremos evaluar cuestiones sanitarias como la contabilizaci\u00f3n de infecciones y enfermedades, cuyos s\u00edntomas y diagn\u00f3sticos pueden ser inmediatos o no. En el mediano plazo comenzaremos a ver problemas econ\u00f3micos para personas y familias que lo han perdido todo: desde sus hogares hasta sus condiciones de producci\u00f3n y reproducci\u00f3n de vida. El largo plazo es dif\u00edcil de analizar, pero ya se sabe que la reconstrucci\u00f3n infraestructural, financiera y emocional despu\u00e9s de los desastres es dif\u00edcil, costosa y dolorosa. En otras palabras, \u00e9sta ya es la mayor crisis clim\u00e1tica del pa\u00eds y a\u00fan ni siquiera hemos podido medir su tama\u00f1o.<\/p>\n\n\n\n<p><strong>Crisis clim\u00e1tica y ambiental en Brasil<\/strong><\/p>\n\n\n\n<p>La crisis clim\u00e1tica en Rio Grande do Sul puede insertarse en un contexto general de <a href=\"https:\/\/latinoamerica21.com\/es\/en-rio-grande-do-sul-los-culpables-son-senalados-ante-la-ausencia-de-inocentes\/\">la crisis clim\u00e1tica y ambiental en Brasil<\/a>. Al fin y al cabo, ya estamos sufriendo los efectos del cambio clim\u00e1tico en todo el pa\u00eds: sequ\u00edas, desertificaci\u00f3n, cambios en el caudal de lluvias, inundaciones, incendios y p\u00e9rdidas de cultivos y de condiciones de producci\u00f3n agr\u00edcola y alimentaria, adem\u00e1s de fen\u00f3menos extremos que matan, desplazan y afectan a miles de personas a\u00f1o tras a\u00f1o.<\/p>\n\n\n\n<p>En 2023, por ejemplo, m\u00e1s de 70 mil personas quedaron sin hogar debido al impacto de eventos de origen hidrogeoclim\u00e1tico. El dato es alarmante: en ese mismo a\u00f1o, el 93% de los municipios brasile\u00f1os registraron alg\u00fan tipo de desastre natural que llev\u00f3 al registro de emergencia o estado de calamidad p\u00fablica.&nbsp;<\/p>\n\n\n\n<p>Brasil es hoy el s\u00e9ptimo mayor emisor mundial de gases de efecto invernadero (GEI) y, simult\u00e1neamente, vive las consecuencias del desmantelamiento de sus instrumentos ambientales tras la administraci\u00f3n de Jair Bolsonaro. Desde que asumi\u00f3 el poder, el gobierno de Lula ya ha impulsado importantes iniciativas para combatir la crisis ecol\u00f3gica, con notable \u00e9nfasis en la reducci\u00f3n de la deforestaci\u00f3n en la Amazon\u00eda. Sin embargo, estas medidas siguen siendo insuficientes y excesivamente lentas en vista del colapso que estamos viviendo.<\/p>\n\n\n\n<p><strong>El desmantelamiento de garant\u00edas socioambientales del Estado<\/strong><\/p>\n\n\n\n<p>En Rio Grande do Sul la situaci\u00f3n es especialmente grave. El estado es hoy <a href=\"https:\/\/www.gem.wiki\/Perfil_energ%C3%A9tico:_Brasil\">el sexto mayor emisor nacional de GEI del pa\u00eds<\/a>, principalmente debido al modelo agr\u00edcola. Sin embargo, el problema es mucho mayor que la contabilidad de emisiones. La actual administraci\u00f3n estatal es responsable de un verdadero desmantelamiento de las \u2013ya escasas\u2013 garant\u00edas socioambientales del Estado.&nbsp;<\/p>\n\n\n\n<p>En 2019 se aprob\u00f3 el nuevo C\u00f3digo Ambiental Estatal, que cambi\u00f3 casi 500 puntos respecto a la versi\u00f3n anterior, lo que llev\u00f3 al desmantelamiento del texto original, aprobado en 2000. La nueva versi\u00f3n del c\u00f3digo redujo la protecci\u00f3n a \u00e1reas adyacentes a unidades de conservaci\u00f3n, elimin\u00f3 incentivos para la protecci\u00f3n ambiental, permiti\u00f3 la subcontrataci\u00f3n que ayud\u00f3 a consolidar el desmantelamiento estatal, debilit\u00f3 los instrumentos vinculados a la lucha contra los incendios forestales y liquid\u00f3 el c\u00f3digo forestal.&nbsp;<\/p>\n\n\n\n<p>Tambi\u00e9n se produjo la promulgaci\u00f3n de la Licencia Ambiental por Adhesi\u00f3n y Compromiso (LAC), que, en la pr\u00e1ctica, flexibiliz\u00f3 la inspecci\u00f3n ambiental; la ampliaci\u00f3n de la construcci\u00f3n de represas en \u00e1reas de preservaci\u00f3n ambiental; adem\u00e1s de la aceleraci\u00f3n de la miner\u00eda predatoria y la contrataci\u00f3n de termoel\u00e9ctricas a carb\u00f3n. Todo esto demuestra que en los \u00faltimos a\u00f1os se ha producido un desmantelamiento de la estructura de protecci\u00f3n ambiental a nivel estatal.<\/p>\n\n\n\n<p>En la capital, Porto Alegre, la situaci\u00f3n tambi\u00e9n es desalentadora. La ciudad, que alguna vez fue conocida mundialmente por sus pol\u00edticas progresistas, por su profunda participaci\u00f3n social y por ser la sede del Foro Social Mundial, hoy se encuentra abandonada, desestructurada y aquejada de falta de inversi\u00f3n. En 2023, la inversi\u00f3n en prevenci\u00f3n de inundaciones, que ya ven\u00eda cayendo, fue de cero reales. En los \u00faltimos cuatro a\u00f1os, se puede comprobar que el recorte de fondos ha tenido un impacto importante en el sistema de protecci\u00f3n del agua de la ciudad, implementado en los a\u00f1os 1970.&nbsp;<\/p>\n\n\n\n<p>El mantenimiento precario caus\u00f3 gran parte de los da\u00f1os, especialmente en los diques y las casas de bombeo. A pesar de los notables esfuerzos, el Departamento Municipal de Agua y Alcantarillado (DMAE), que ha sufrido recortes de gastos y reducciones de personal, se encuentra actualmente en malas condiciones para afrontar la crisis que vive la ciudad. Es decir, el sistema antiinundaciones fall\u00f3 y las casas de bombas no operaron por falta de mantenimiento e inversi\u00f3n.&nbsp;<\/p>\n\n\n\n<p>En Rio Grande do Sul y su capital, el colapso clim\u00e1tico y medioambiental es efectivamente el resultado de un fen\u00f3meno global y nacional, pero tambi\u00e9n es \u2013y sobre todo\u2013 una consecuencia del desmantelamiento de los instrumentos medioambientales, de una reducci\u00f3n del presupuesto de los servicios p\u00fablicos autoridades y desinversi\u00f3n en pol\u00edticas medidas serias para abordar el colapso clim\u00e1tico y ecol\u00f3gico. En otras palabras, lo que hoy viven el Estado y el capital es producto directo de un proyecto pol\u00edtico de reducci\u00f3n del poder p\u00fablico.<\/p>\n\n\n\n<p><strong>Se deben fortalecer las pol\u00edticas para afrontar el cambio clim\u00e1tico&nbsp;<\/strong><\/p>\n\n\n\n<p>Hay posibles respuestas, pero necesitamos mucho m\u00e1s. En primer lugar, es necesario fortalecer las pol\u00edticas vinculadas a la mitigaci\u00f3n de emisiones de GEI y la reparaci\u00f3n a los afectados; sin embargo, la palabra m\u00e1s importante en este momento es adaptaci\u00f3n, es decir, pol\u00edticas para reducir las vulnerabilidades de los sistemas naturales y humanos al cambio clim\u00e1tico. Sin embargo, la agenda vinculada a la adaptaci\u00f3n a\u00fan es escasa.&nbsp;<\/p>\n\n\n\n<p>A nivel internacional, se trata de una agenda con fondos insuficientes en comparaci\u00f3n con las agendas de mitigaci\u00f3n, que ya cuentan con un ecosistema de financiaci\u00f3n a su alrededor. Adem\u00e1s, la gobernanza clim\u00e1tica internacional va por detr\u00e1s de definiciones fundamentales como el Objetivo de Adaptaci\u00f3n Global y la recaudaci\u00f3n de fondos para la agenda, lo que tambi\u00e9n dificulta el desembolso y la presentaci\u00f3n de proyectos a grandes fondos globales.&nbsp;<\/p>\n\n\n\n<p>A nivel federal, el Ministerio de Medio Ambiente y Cambio Clim\u00e1tico ya ha logrado avances importantes, pero pocos y definitivamente tard\u00edos, como el Plan Clim\u00e1tico &#8211; Adaptaci\u00f3n. Adem\u00e1s, si bien ya se sabe que es necesario pensar en infraestructuras resilientes y adaptadas al cambio clim\u00e1tico, esto a\u00fan no se refleja, por ejemplo, en el Programa de Aceleraci\u00f3n del Crecimiento (PAC) ni en la planificaci\u00f3n federal en su conjunto.&nbsp;<\/p>\n\n\n\n<p>El estado de Rio Grande do Sul est\u00e1 a\u00fan m\u00e1s rezagado en este aspecto: el Plan de Estrategias de Acci\u00f3n Clim\u00e1tica ProClima 2050 no se aprob\u00f3 hasta octubre de 2023, y la mayor\u00eda de sus medidas a\u00fan no han llegado a buen t\u00e9rmino. A nivel municipal, en Porto Alegre esto ni siquiera es una discusi\u00f3n, lo que ya muestra la magnitud del problema.<\/p>\n\n\n\n<p>Hoy somos testigos de la mayor crisis clim\u00e1tica en Brasil. Es el resultado, simult\u00e1neamente, del desmantelamiento de los instrumentos ambientales estatales, la falta de inversi\u00f3n en prevenci\u00f3n municipal en la capital y, m\u00e1s ampliamente, el retraso en la reflexi\u00f3n estrat\u00e9gica sobre la adaptaci\u00f3n clim\u00e1tica en todo el pa\u00eds. Sin una planificaci\u00f3n seria, que abarque todos los niveles federales, no habr\u00e1 salida: Rio Grande do Sul puede incluso reconstruirse, pero la pr\u00f3xima inundaci\u00f3n llegar\u00e1 y destruir\u00e1 una vez m\u00e1s las infraestructuras, la econom\u00eda y la vida de la poblaci\u00f3n que vive ah\u00ed.&nbsp;<\/p>\n\n\n\n<p>Dado que el cambio clim\u00e1tico ya es una realidad, la \u00fanica alternativa es pensar en un mundo en el que se mitiguen las emisiones, pero que tambi\u00e9n se adapte para proteger a las personas m\u00e1s vulnerables.<\/p>\n","protected":false},"excerpt":{"rendered":"<p>La crisis clim\u00e1tica que vive Rio Grande do Sul ya es la mayor de la historia de Brasil pero cuando el agua retroceda tendremos una mejor visi\u00f3n de la infraestructura destruida, las p\u00e9rdidas econ\u00f3micas y, lo m\u00e1s importante, el n\u00famero de muertes.\u00a0<\/p>\n","protected":false},"author":614,"featured_media":40653,"comment_status":"closed","ping_status":"closed","sticky":false,"template":"","format":"standard","meta":{"_acf_changed":false,"episode_type":"","audio_file":"","cover_image":"","cover_image_id":"","duration":"","filesize":"","filesize_raw":"","date_recorded":"","explicit":"","block":"","itunes_episode_number":"","itunes_title":"","itunes_season_number":"","itunes_episode_type":"","footnotes":""},"categories":[16580,16487],"tags":[14126],"gps":[],"class_list":{"0":"post-40652","1":"post","2":"type-post","3":"status-publish","4":"format-standard","5":"has-post-thumbnail","7":"category-cambio-climatico","8":"category-brasil","9":"tag-debates-br-es"},"acf":[],"_links":{"self":[{"href":"https:\/\/latinoamerica21.com\/es\/wp-json\/wp\/v2\/posts\/40652","targetHints":{"allow":["GET"]}}],"collection":[{"href":"https:\/\/latinoamerica21.com\/es\/wp-json\/wp\/v2\/posts"}],"about":[{"href":"https:\/\/latinoamerica21.com\/es\/wp-json\/wp\/v2\/types\/post"}],"author":[{"embeddable":true,"href":"https:\/\/latinoamerica21.com\/es\/wp-json\/wp\/v2\/users\/614"}],"replies":[{"embeddable":true,"href":"https:\/\/latinoamerica21.com\/es\/wp-json\/wp\/v2\/comments?post=40652"}],"version-history":[{"count":0,"href":"https:\/\/latinoamerica21.com\/es\/wp-json\/wp\/v2\/posts\/40652\/revisions"}],"wp:featuredmedia":[{"embeddable":true,"href":"https:\/\/latinoamerica21.com\/es\/wp-json\/wp\/v2\/media\/40653"}],"wp:attachment":[{"href":"https:\/\/latinoamerica21.com\/es\/wp-json\/wp\/v2\/media?parent=40652"}],"wp:term":[{"taxonomy":"category","embeddable":true,"href":"https:\/\/latinoamerica21.com\/es\/wp-json\/wp\/v2\/categories?post=40652"},{"taxonomy":"post_tag","embeddable":true,"href":"https:\/\/latinoamerica21.com\/es\/wp-json\/wp\/v2\/tags?post=40652"},{"taxonomy":"gps","embeddable":true,"href":"https:\/\/latinoamerica21.com\/es\/wp-json\/wp\/v2\/gps?post=40652"}],"curies":[{"name":"wp","href":"https:\/\/api.w.org\/{rel}","templated":true}]}}