{"id":40935,"date":"2024-06-01T09:00:00","date_gmt":"2024-06-01T12:00:00","guid":{"rendered":"https:\/\/latinoamerica21.com\/?p=40935"},"modified":"2024-05-30T07:14:48","modified_gmt":"2024-05-30T10:14:48","slug":"las-particularidades-de-las-elecciones-para-vacantes-en-cuba","status":"publish","type":"post","link":"https:\/\/latinoamerica21.com\/es\/las-particularidades-de-las-elecciones-para-vacantes-en-cuba\/","title":{"rendered":"Las particularidades de las elecciones para vacantes en Cuba\u00a0"},"content":{"rendered":"\n<p>En un hecho sin precedentes por su magnitud desde la creaci\u00f3n de los \u00f3rganos del Poder Popular, el Consejo Electoral Nacional (CEN) desarrolla <a href=\"https:\/\/latinoamerica21.com\/es\/cuba-un-proceso-electoral-previsible-y-sin-participacion-ciudadana\/\">elecciones para cubrir puestos vacantes<\/a>. Estos procesos electorales se efect\u00faan desde febrero de 2024 y su objetivo es elegir delegados a las asambleas municipales del Poder Popular (AMPP), debido a la renuncia de quienes ocupan esos cargos. La \u00faltima noticia al respecto se public\u00f3 el 5 de mayo en la<a href=\"https:\/\/twitter.com\/Elecciones_Cuba\/status\/1787173240734957720\"> cuenta oficial<\/a> del CEN en la red social X.<\/p>\n\n\n\n<p>El procedimiento para cubrir las vacancias en las AMPP es muy sencillo y se establece en la<a href=\"https:\/\/bnjm.cu\/secc\/home\/ley-electoral.pdf\"> Ley Electoral de 2019<\/a>. Cuando se queda vacante un cargo de delegado a las asambleas municipales del Poder Popular, salvo que se produzca en los \u00faltimos seis meses de su mandato, es cubierto para el resto de este mediante elecci\u00f3n. Los delegados a las AMPP actuales se eligieron en 2022 hasta 2027, por lo que a\u00fan resta m\u00e1s de un semestre de su mandato. Las asambleas del Poder Popular de cada municipio cubano se renuevan cada cinco a\u00f1os.<\/p>\n\n\n\n<p>Estas o sus presidentes convocan a los electores de la correspondiente circunscripci\u00f3n para que elijan un nuevo delegado. Es responsabilidad del presidente de la AMPP informar al Consejo Electoral Municipal de su decisi\u00f3n, y \u00e9ste designa a los miembros de la Comisi\u00f3n Electoral de Circunscripci\u00f3n (CEC) para que realice la elecci\u00f3n. Adem\u00e1s, dicho consejo debe solicitar a los responsables del registro electoral la lista de los electores que deben participar en la elecci\u00f3n. Luego de efectuarse la actualizaci\u00f3n de la mencionada lista, la CEC procede a su publicaci\u00f3n junto con las biograf\u00edas y fotos de los candidatos.<\/p>\n\n\n\n<p>A pesar de estas previsiones, los procedimientos de cobertura de los puestos vacantes ocurridos desde enero se caracterizan por su<a href=\"https:\/\/demoamlat.com\/wp-content\/uploads\/2024\/04\/Informe-Cuba-2-2.pdf\"> opacidad<\/a>. En primer lugar, no existen, al menos no en formato digital y abierto al p\u00fablico, reportes de las asambleas que debieron efectuarse para nominar a los candidatos a delegados a las AMPP. Los miembros de la CEC actuantes en la asamblea de nominaci\u00f3n de candidatos deben confeccionar un acta en un plazo de veinticuatro horas.<\/p>\n\n\n\n<p>En este documento se debe informar sobre el lugar, fecha y hora en que se celebr\u00f3 la asamblea de nominaci\u00f3n; los nombres y apellidos de los miembros de la CEC que participaron en ella; la cuant\u00eda de electores que integran el \u00e1rea de nominaci\u00f3n y la cantidad de asistentes a la asamblea; y los candidatos propuestos. Tambi\u00e9n se deben exponer en el acta los nombres y apellidos del candidato nominado, la constancia de que acept\u00f3 la nominaci\u00f3n y las firmas de los miembros de la CEC. La opacidad de estos y otros datos vulnera el<a href=\"https:\/\/www.gacetaoficial.gob.cu\/sites\/default\/files\/goc-2019-ex5.pdf\"> derecho<\/a> de todas las personas a solicitar y recibir informaci\u00f3n veraz, objetiva y oportuna del Estado.<\/p>\n\n\n\n<p>En segundo lugar, la organizaci\u00f3n de las votaciones ha sido a\u00fan m\u00e1s oscura. Casi no se han realizado campa\u00f1as de prensa para solicitar la participaci\u00f3n de los electores. Tampoco se dispone de informaci\u00f3n fidedigna y verificable sobre el cumplimiento del requisito legal de publicar las biograf\u00edas de los candidatos con antelaci\u00f3n. Por \u00faltimo, los reportes sobre el desarrollo de las elecciones para cubrir cargos vacantes en las AMPP se concentran en las redes sociales del CNE, pero no se aportan datos sobre sus resultados.<\/p>\n\n\n\n<p>La organizaci\u00f3n<a href=\"https:\/\/transparenciaelectoral.org\/transparencia-electoral-solicita-informacion-al-consejo-electoral-nacional-de-cuba-sobre-elecciones-a-las-ampp\/\"> Transparencia Electoral<\/a> le envi\u00f3 una solicitud de informaci\u00f3n al CEN el pasado 29 de febrero. Su objetivo es que este \u00f3rgano publique los datos relativos a la cantidad de cargos de delegados a las AMPP vacantes, en qu\u00e9 municipios y provincias se registraron estas vacancias, as\u00ed como los motivos que alegaron los delegados salientes para renunciar a sus puestos. De igual forma, se solicitaron los datos relativos a la ejecuci\u00f3n del procedimiento legal para cubrir los cargos vacantes.<\/p>\n\n\n\n<p>Si bien es cierto que las irregularidades comentadas y la falta de informaci\u00f3n son dos problemas fundamentales de la cobertura de los cargos vacantes de las AMPP, la cuesti\u00f3n pol\u00edtica principal es otra. El hecho de que estos procedimientos se expandan durante cuatro meses y la posibilidad real de que se prolonguen m\u00e1s, denota que las autoridades cubanas tienen que enfrentar la constante salida de los delegados municipales del Poder Popular. Es posible que esto ocurra por dos causas estrechamente relacionadas entre s\u00ed.<\/p>\n\n\n\n<p>La primera es la migraci\u00f3n de dichos delegados. El cargo de delegado municipal del Poder Popular no es asalariado y no suele generar beneficios econ\u00f3micos o de otro tipo, por lo que no existen muchos incentivos para desempe\u00f1ar esa responsabilidad. M\u00e1s bien representa una ocupaci\u00f3n extra que afecta la gesti\u00f3n del tiempo personal y la soluci\u00f3n de los problemas individuales. De ah\u00ed que salir del pa\u00eds es una opci\u00f3n para librarse de esa realidad.<\/p>\n\n\n\n<p>La segunda es que los delegados a las AMPP tienen muy poca capacidad de soluci\u00f3n de los problemas cotidianos de sus electores. No es atractivo funcionar como un mero gestor de las problem\u00e1ticas locales ante las instancias administrativas y empresariales encargadas de su soluci\u00f3n, cuando es notable la incapacidad estatal para proveer servicios b\u00e1sicos como la recogida de basura o el suministro de agua y electricidad.<\/p>\n\n\n\n<p>El mejor ejemplo de esto es la<a href=\"https:\/\/demoamlat.com\/demoamlat-rechaza-nueva-suspension-de-las-asambleas-de-rendicion-de-cuentas-en-cuba\/\"> suspensi\u00f3n<\/a> por segunda vez de las asambleas de rendici\u00f3n de cuentas de los delegados municipales ante sus electores en enero de 2024. Estas asambleas se<a href=\"https:\/\/www.parlamentocubano.gob.cu\/noticias\/pospone-consejo-de-estado-realizacion-del-primer-proceso-de-rendicion-de-cuenta\"> suspendieron<\/a> en octubre de 2023. Por ello, es muy posible que veamos m\u00e1s noticias sobre la cobertura de cargos vacantes en las AMPP en los pr\u00f3ximos meses. No parece que las autoridades sean capaces de solucionar el motivo fundamental que favorece el abandono de los cargos locales del Poder Popular: la crisis estructural del r\u00e9gimen pol\u00edtico.<\/p>\n","protected":false},"excerpt":{"rendered":"<p>No parece que las autoridades sean capaces de solucionar el motivo fundamental que favorece el abandono de los cargos locales del Poder Popular: la crisis estructural del r\u00e9gimen pol\u00edtico.<\/p>\n","protected":false},"author":496,"featured_media":40936,"comment_status":"closed","ping_status":"closed","sticky":false,"template":"","format":"standard","meta":{"_acf_changed":false,"episode_type":"","audio_file":"","cover_image":"","cover_image_id":"","duration":"","filesize":"","filesize_raw":"","date_recorded":"","explicit":"","block":"","itunes_episode_number":"","itunes_title":"","itunes_season_number":"","itunes_episode_type":"","footnotes":""},"categories":[16581,16471],"tags":[14126],"gps":[],"class_list":{"0":"post-40935","1":"post","2":"type-post","3":"status-publish","4":"format-standard","5":"has-post-thumbnail","7":"category-cuba-es","8":"category-elecciones","9":"tag-debates-br-es"},"acf":[],"_links":{"self":[{"href":"https:\/\/latinoamerica21.com\/es\/wp-json\/wp\/v2\/posts\/40935","targetHints":{"allow":["GET"]}}],"collection":[{"href":"https:\/\/latinoamerica21.com\/es\/wp-json\/wp\/v2\/posts"}],"about":[{"href":"https:\/\/latinoamerica21.com\/es\/wp-json\/wp\/v2\/types\/post"}],"author":[{"embeddable":true,"href":"https:\/\/latinoamerica21.com\/es\/wp-json\/wp\/v2\/users\/496"}],"replies":[{"embeddable":true,"href":"https:\/\/latinoamerica21.com\/es\/wp-json\/wp\/v2\/comments?post=40935"}],"version-history":[{"count":0,"href":"https:\/\/latinoamerica21.com\/es\/wp-json\/wp\/v2\/posts\/40935\/revisions"}],"wp:featuredmedia":[{"embeddable":true,"href":"https:\/\/latinoamerica21.com\/es\/wp-json\/wp\/v2\/media\/40936"}],"wp:attachment":[{"href":"https:\/\/latinoamerica21.com\/es\/wp-json\/wp\/v2\/media?parent=40935"}],"wp:term":[{"taxonomy":"category","embeddable":true,"href":"https:\/\/latinoamerica21.com\/es\/wp-json\/wp\/v2\/categories?post=40935"},{"taxonomy":"post_tag","embeddable":true,"href":"https:\/\/latinoamerica21.com\/es\/wp-json\/wp\/v2\/tags?post=40935"},{"taxonomy":"gps","embeddable":true,"href":"https:\/\/latinoamerica21.com\/es\/wp-json\/wp\/v2\/gps?post=40935"}],"curies":[{"name":"wp","href":"https:\/\/api.w.org\/{rel}","templated":true}]}}