{"id":41128,"date":"2024-06-08T09:00:00","date_gmt":"2024-06-08T12:00:00","guid":{"rendered":"https:\/\/latinoamerica21.com\/?p=41128"},"modified":"2024-06-08T08:37:52","modified_gmt":"2024-06-08T11:37:52","slug":"brasil-un-desastre-ambiental-anunciado","status":"publish","type":"post","link":"https:\/\/latinoamerica21.com\/es\/brasil-un-desastre-ambiental-anunciado\/","title":{"rendered":"Brasil: un desastre ambiental anunciado"},"content":{"rendered":"\n<p>El <strong>cambio clim\u00e1tico <\/strong>es uno de los principales problemas que enfrenta la humanidad. El calentamiento global y el aumento de la frecuencia e intensidad de los eventos clim\u00e1ticos son visibles y medibles. Si bien persiste la discusi\u00f3n sobre la incidencia de las <strong>actividades humanas <\/strong>en estos fen\u00f3menos, en la \u00faltima d\u00e9cada la cuesti\u00f3n ambiental se instal\u00f3 en la agenda pol\u00edtica.<\/p>\n\n\n\n<p>La gesti\u00f3n ambiental y la generaci\u00f3n de <strong>energ\u00eda limpia <\/strong>aparecen en los programas de casi todos los partidos pol\u00edticos. La pregunta es si la pol\u00edtica va a liderar la transici\u00f3n hacia la <strong>sostenibilidad <\/strong>o se limitar\u00e1 a correr detr\u00e1s de los problemas. Porque los extremos parecen indicar que no estamos controlando los problemas en forma adecuada.<\/p>\n\n\n\n<p>Las recientes <strong>inundaciones <\/strong>en el sur de <strong>Brasil <\/strong>pueden servir de ejemplo para analizar el problema. La explicaci\u00f3n meteorol\u00f3gica ser\u00eda que mientras el centro del pa\u00eds padec\u00eda una ola seca y caliente, en el sur se produjeron lluvias intensas. El resultado fue que el r\u00edo Guaiba super\u00f3 la cota de inundaci\u00f3n de 3 metros y alcanz\u00f3, despu\u00e9s de nueve d\u00edas de lluvia, los 5,33 metros. Los meteor\u00f3logos hablan de una <em>tempestad perfecta<\/em>.<\/p>\n\n\n\n<p><strong>Territorio arrasado<\/strong><\/p>\n\n\n\n<p>El resultado fue el <a href=\"https:\/\/www.youtube.com\/watch?v=4V-AxB9XeaA\"><em>mayor desastre clim\u00e1tico<\/em><\/a> en la historia de Brasil, en t\u00e9rminos de extensi\u00f3n de territorio y cantidad de personas afectadas. M\u00e1s de 150 fallecidos, 108 desaparecidos y cerca de 620.000 <strong>desplazados <\/strong>constituyen el balance provisorio. La superficie afectada es mayor que la del Reino Unido. La <strong>reconstrucci\u00f3n <\/strong>de la infraestructura llevar\u00e1 d\u00e9cadas.<\/p>\n\n\n\n<p>Si los partidos pol\u00edticos pretenden liderar la <strong>transici\u00f3n <\/strong>hacia una econom\u00eda sostenible, deben hablar de forma clara. No es posible seguir fingiendo que las cat\u00e1strofes son excepciones y que tarde o temprano retornar\u00e1 alg\u00fan tipo de confortable normalidad. Definitivamente, no alcanza con mencionar la <strong>sustentabilidad <\/strong>de vez en cuando o adherir a alguna noble causa ambiental para volver a la agenda habitual.<\/p>\n\n\n\n<p>Una <strong>gesti\u00f3n ambiental <\/strong>responsable, acorde con los desaf\u00edos que enfrentar\u00e1n realmente las sociedades, implica hacerse cargo de algunos temas. Estos no son necesariamente atractivos, sino por el contrario inc\u00f3modos, ya que desaf\u00edan las certezas del presente.<\/p>\n\n\n\n<p><strong>Emergencia clim\u00e1tica<\/strong><\/p>\n\n\n\n<p>Los <strong>eventos extremos <\/strong>llegaron para quedarse. El ejercicio del liderazgo obliga a decir esto claramente. Si anteriormente ocurr\u00edan en un siglo, es probable que en el futuro ocurran en una d\u00e9cada. Para enfrentar situaciones como la de R\u00edo Grande del Sur hay que prepararse. Es necesario disponer de <strong>planes para las emergencias clim\u00e1ticas<\/strong>.<\/p>\n\n\n\n<p>Esto tiene implicaciones en la asignaci\u00f3n de dineros p\u00fablicos para enfrentar inundaciones e incendios cada vez m\u00e1s intensos y frecuentes.<\/p>\n\n\n\n<p><strong>Adaptaci\u00f3n<\/strong><\/p>\n\n\n\n<p>Los <strong>eventos clim\u00e1ticos <\/strong>no pueden ser evitados. Es una ilusi\u00f3n pretender que siempre habr\u00e1 una soluci\u00f3n ingenieril para un desborde de un r\u00edo, o un muro para contener la suba del nivel del mar. La adaptaci\u00f3n a los extremos futuros implica un replanteo en la <strong>valoraci\u00f3n de los ecosistemas<\/strong>.<\/p>\n\n\n\n<p>Las dunas no son montones de arena improductiva. Por el contrario, constituyen un <strong>ecosistema din\u00e1mico <\/strong>y disipan la energ\u00eda del mar. Son, por lo tanto, la defensa m\u00e1s eficiente contra la suba del mar.<\/p>\n\n\n\n<p><strong>Valoraci\u00f3n del ambiente<\/strong><\/p>\n\n\n\n<p>Los <strong>humedales <\/strong>no son barriales con mosquitos. Son ecosistemas ricos por su biodiversidad. Tambi\u00e9n cumplen con una funci\u00f3n clave que es absorber excesos de agua durante las lluvias y tenerlos disponibles en \u00e9pocas de sequ\u00eda.<\/p>\n\n\n\n<p>La sistem\u00e1tica <strong>destrucci\u00f3n de estos ecosistemas <\/strong>trae consecuencias a mediano plazo que ning\u00fan muro podr\u00e1 amortiguar. Es necesario incluir seriamente las consecuencias ambientales en la evaluaci\u00f3n de muchos <strong>emprendimientos inmobiliarios <\/strong>construidos sobre humedales desecados, indudablemente atractivos desde el punto de vista econ\u00f3mico y en contiendas electorales.<\/p>\n\n\n\n<p><strong>Recursos limitados<\/strong><\/p>\n\n\n\n<p>Despu\u00e9s de cada cat\u00e1strofe surgen promesas de <strong>disponibilidad ilimitada <\/strong>de recursos. La respuesta a la sequ\u00eda no deber\u00eda ser la b\u00fasqueda de otra fuente de agua que permita seguir con el uso irresponsable. La clave de la sostenibilidad es el uso responsable, que asegure la disponibilidad del recurso en el futuro.<\/p>\n\n\n\n<p>Finalmente, las <strong>cat\u00e1strofes <\/strong>no son una maldici\u00f3n. En el caso de Brasil est\u00e1n asociadas a pr\u00e1cticas agropecuarias, concretamente a <a href=\"https:\/\/www.telenoche.com.uy\/mundo\/se-suma-otro-agravante-las-inundaciones-el-sur-brasil-la-deforestacion-n5368031#google_vignette\"><em>la desforestaci\u00f3n y al aumento de los monocultivos de soja<\/em><\/a>. En las <a href=\"https:\/\/www.telenoche.com.uy\/mundo\/se-suma-otro-agravante-las-inundaciones-el-sur-brasil-la-deforestacion-n5368031#google_vignette\"><em>\u00faltimas d\u00e9cadas<\/em><\/a>, en R\u00edo Grande del Sur, un mill\u00f3n de hect\u00e1reas de bosques fueron transformadas en cultivos de soja. Tambi\u00e9n se perdieron tres millones de hect\u00e1reas de pastizales. Esto cambi\u00f3 la capacidad de absorci\u00f3n y retenci\u00f3n del agua.<\/p>\n\n\n\n<p>Los partidos pol\u00edticos tienen la <strong>legitimidad del voto <\/strong>y responden frente al electorado por su gesti\u00f3n. Si pretenden seguir liderando el quehacer social, deben actualizar tanto el discurso como la pr\u00e1ctica. Las promesas de <strong>crecimiento ilimitado<\/strong>, de emprendimientos valorados solamente en funci\u00f3n del monto de la inversi\u00f3n, llevar\u00e1n a situaciones dram\u00e1ticas. Se trata de prevenirlas y, si ocurren, de tener <strong>planes de contingencia<\/strong>.<\/p>\n\n\n\n<p>Es inevitable que en el futuro se repitan las inundaciones. Podemos evitar construir en las <strong>planicies de inundaci\u00f3n <\/strong>para que, cuando se produzcan, no haya gente que lo pierda todo. La mejor defensa contra la suba del nivel del mar o de los r\u00edos no son los muros, son las dunas, los bosques ribere\u00f1os y los humedales.Los <strong>partidos pol\u00edticos <\/strong>no solo se deben a sus votantes. Como gestores de la cosa p\u00fablica, son responsables tambi\u00e9n del bienestar de las generaciones futuras. La cat\u00e1strofe en el sur de Brasil es un aviso claro. No deber\u00edamos ignorarlo, ni el <strong>D\u00eda del Ambiente<\/strong>, ni los dem\u00e1s d\u00edas.<\/p>\n","protected":false},"excerpt":{"rendered":"<p>El sur de Brasil est\u00e1 bajo agua. Lo que era excepcional hoy es parte de la nueva normalidad. La adaptaci\u00f3n, los planes de emergencia clim\u00e1tica y la valoraci\u00f3n de los ecosistemas deben ser incorporados a la pol\u00edtica. Se trata del mundo que dejaremos a nuestros hijos e hijas.<\/p>\n","protected":false},"author":446,"featured_media":41129,"comment_status":"closed","ping_status":"closed","sticky":false,"template":"","format":"standard","meta":{"_acf_changed":false,"episode_type":"","audio_file":"","cover_image":"","cover_image_id":"","duration":"","filesize":"","filesize_raw":"","date_recorded":"","explicit":"","block":"","itunes_episode_number":"","itunes_title":"","itunes_season_number":"","itunes_episode_type":"","footnotes":""},"categories":[16580,16487],"tags":[14128],"gps":[],"class_list":{"0":"post-41128","1":"post","2":"type-post","3":"status-publish","4":"format-standard","5":"has-post-thumbnail","7":"category-cambio-climatico","8":"category-brasil","9":"tag-ideas-en-es"},"acf":[],"_links":{"self":[{"href":"https:\/\/latinoamerica21.com\/es\/wp-json\/wp\/v2\/posts\/41128","targetHints":{"allow":["GET"]}}],"collection":[{"href":"https:\/\/latinoamerica21.com\/es\/wp-json\/wp\/v2\/posts"}],"about":[{"href":"https:\/\/latinoamerica21.com\/es\/wp-json\/wp\/v2\/types\/post"}],"author":[{"embeddable":true,"href":"https:\/\/latinoamerica21.com\/es\/wp-json\/wp\/v2\/users\/446"}],"replies":[{"embeddable":true,"href":"https:\/\/latinoamerica21.com\/es\/wp-json\/wp\/v2\/comments?post=41128"}],"version-history":[{"count":0,"href":"https:\/\/latinoamerica21.com\/es\/wp-json\/wp\/v2\/posts\/41128\/revisions"}],"wp:featuredmedia":[{"embeddable":true,"href":"https:\/\/latinoamerica21.com\/es\/wp-json\/wp\/v2\/media\/41129"}],"wp:attachment":[{"href":"https:\/\/latinoamerica21.com\/es\/wp-json\/wp\/v2\/media?parent=41128"}],"wp:term":[{"taxonomy":"category","embeddable":true,"href":"https:\/\/latinoamerica21.com\/es\/wp-json\/wp\/v2\/categories?post=41128"},{"taxonomy":"post_tag","embeddable":true,"href":"https:\/\/latinoamerica21.com\/es\/wp-json\/wp\/v2\/tags?post=41128"},{"taxonomy":"gps","embeddable":true,"href":"https:\/\/latinoamerica21.com\/es\/wp-json\/wp\/v2\/gps?post=41128"}],"curies":[{"name":"wp","href":"https:\/\/api.w.org\/{rel}","templated":true}]}}