{"id":41319,"date":"2024-06-16T06:00:00","date_gmt":"2024-06-16T09:00:00","guid":{"rendered":"https:\/\/latinoamerica21.com\/?p=41319"},"modified":"2024-06-16T05:28:41","modified_gmt":"2024-06-16T08:28:41","slug":"presidencias-tuteladas-entre-el-carisma-y-la-legitimidad-legal","status":"publish","type":"post","link":"https:\/\/latinoamerica21.com\/es\/presidencias-tuteladas-entre-el-carisma-y-la-legitimidad-legal\/","title":{"rendered":"Presidencias tuteladas, entre el carisma y la legitimidad legal"},"content":{"rendered":"\n<p>El carisma es un rasgo individual de las personas que no puede ser traspasado ni heredado, ni siquiera de un presidente a su delf\u00edn. Sin embargo, en los \u00faltimos a\u00f1os se ha visto que un contendiente puede ganar los comicios si es apoyado por un personaje m\u00e1s popular. De esta forma, el poder pol\u00edtico puede quedar depositado en dos personas, lo que puede generar problemas de gobernabilidad.<\/p>\n\n\n\n<p>Por un lado, quien ocupa la presidencia es depositario de la legitimidad legal y a esto se suma el respaldo popular al haber sido electo. Pero por otro lado se mantiene el liderazgos del antiguo l\u00edder que seg\u00fan dir\u00eda Max Weber, se sustenta en el carisma, lo cual lo dota de una legitimidad que no emana de las urnas.<\/p>\n\n\n\n<p>Esta situaci\u00f3n, donde conviven dos liderazgos, tiende a la disputa ya que uno de los liderazgos tiende a elevarse sobre el otro. Si bien , para respetar el orden democr\u00e1tico deber\u00eda predominar quien ha sido escogido por los votos, existen en Am\u00e9rica Latina, muchos ejemplos donde el jefe de estado y un personaje con capacidad de incidir en la toma de decisiones gubernamentales se ha traducido en polarizaci\u00f3n e ingobernabilidad.<\/p>\n\n\n\n<p>Estos casos son recurrentes en la regi\u00f3n. El m\u00e1s sonado ha sido la <a href=\"https:\/\/latinoamerica21.com\/es\/el-factor-regional-en-la-crisis-politica-boliviana\/\">disputa entre el expresidente Evo Morales y el actual mandatario Luis Arce<\/a>, ambos militantes de MAS. Tras la crisis pol\u00edtico-electoral de 2020, cuando Morales comenz\u00f3 a organizar el partido Movimiento al Socialismo (MAS) a su alrededor, comenzaron tambi\u00e9n las cr\u00edticas hacia su correligionario. A su vez, Arce inici\u00f3 una batalla de declaraciones y se fue posicionando en esta batalla interna que ha generado una gran inestabilidad pol\u00edtica en el pa\u00eds<\/p>\n\n\n\n<p>En Argentina surgi\u00f3 una situaci\u00f3n semejante en el per\u00edodo de gobierno anterior entre el jefe del ejecutivo Alberto Fern\u00e1ndez y la vicepresidencia ocupada por Cristina Fern\u00e1ndez. La falta de carisma del primero y el fuerte liderazgo de la segunda evidenciaron, a pocos meses del nuevo gobierno, la duplicidad del poder&nbsp; que termin\u00f3 en una fractura total.<\/p>\n\n\n\n<p>Mientras tanto, en Brasil, Luiz In\u00e1cio <em>Lula<\/em> Da Silva, gobern\u00f3 entre 2003 y 2011, y cont\u00f3 con un fuerte apoyo popular, ciment\u00f3 el camino para dar paso a que el pa\u00eds tuviera su primera presidenta, Dilma Rousseff, quien le sucedi\u00f3 en el poder. Rousseff no es una persona particularmente carism\u00e1tica, sino que fue la marca pol\u00edtica de Lula y los resultados del gobierno lo que le permiti\u00f3 alcanzar el poder. Empero, cuando estallaron las investigaciones por los casos Odebrecht y Lava Jato, la presidenta nombr\u00f3 a Lula ministro de la Casa Civil para protegerlo y luego, \u00e9l, tomando en cuenta que podr\u00eda lastimar la administraci\u00f3n de Dilma, dimiti\u00f3 del cargo.<\/p>\n\n\n\n<p>En la regi\u00f3n andina, en Ecuador, Rafael Correa gobern\u00f3 bajo la marca de la Revoluci\u00f3n Ciudadana (2007-2017); su administraci\u00f3n es el primer caso de lo que se denomina tecnopopulismo, personajes que tienen una ret\u00f3rica nacionalista y polarizadora pero que en el tema econ\u00f3mico se apoyan en medidas de disciplina fiscal y perfiles t\u00e9cnicos.<\/p>\n\n\n\n<p>Correa intent\u00f3 un cuarto mandato, luego de que su partido Alianza-Pa\u00eds aprobara un proyecto de reelecci\u00f3n indefinida. Su aprobaci\u00f3n gener\u00f3 pol\u00e9mica y, para evitar una crisis que mermara su imagen, opt\u00f3 por Lenin Moreno, su vicepresidente. Moreno gan\u00f3 los comicios y r\u00e1pidamente rompi\u00f3 con su antecesor, lo cual gener\u00f3 una disputa con el expresidente que termin\u00f3 por dividir al partido. Este fue un factor determinante para la victoria de Guillermo Lasso en las siguientes elecciones.<\/p>\n\n\n\n<p>Otro caso es Panam\u00e1. El expresidente Ricardo Martinelli buscaba la presidencia del pa\u00eds; sin embargo, una investigaci\u00f3n por blanqueo de capitales y su asilo en Nicaragua le impidieron contender. Entonces un perfil cercano a \u00e9l, Jos\u00e9 Ra\u00fal Mulino, fue fungido como su sustituto y gan\u00f3 la presidencia. Si bien Mulino no contaba con un respaldo popular fuerte, al convertirse en el abanderado de Martinelli logr\u00f3 canalizar la simpat\u00eda. Tras la victoria de Mulino, la pregunta que surge es si el presidente lograr\u00e1 desmarcarse del expresidente o el poder quedar\u00e1 depositado en dos personas.<\/p>\n\n\n\n<p>El caso m\u00e1s reciente es el de M\u00e9xico, en el cual el partido Morena volvi\u00f3 a ganar la presidencia de la mano de Claudia Sheinbaum, que ser\u00e1 la primera mujer en gobernar el pa\u00eds. L\u00f3pez Obrador termina su administraci\u00f3n con una aprobaci\u00f3n del 60% y fue el motor de la campa\u00f1a de Sheinbaum ya que la presidenta electa no tiene el arrastre ni la fuerza de L\u00f3pez Obrador.<\/p>\n\n\n\n<p>Ahora, la principal duda es si habr\u00e1 una <a href=\"https:\/\/elpais.com\/us\/migracion\/2024-06-10\/el-dilema-de-la-presidenta-de-mexico-continuidad-o-ruptura-en-la-gestion-de-la-frontera-con-estados-unidos.html\">ruptura entre presidente y presidenta electa <\/a>o si la marca AMLO ser\u00e1 la depositaria del poder popular. La tensi\u00f3n ha escalado en estos d\u00edas por la iniciativa de reforma judicial, la cual busca que los ministros y magistrados sean electos mediante voto popular, como el sistema boliviano. Mientras el ejecutivo pugna por que la reforma se apruebe en septiembre, a un mes de concluir su sexenio; la presidenta electa dice que habr\u00e1 di\u00e1logo y an\u00e1lisis. Ambas posturas solo han provocado que el peso se deprecie.<\/p>\n\n\n\n<p>Por lo tanto, se puede corroborar que las presidencias tuteladas generan generalmente conflictos por demostrar quien ostenta el poder. En algunos casos el sucesor termina rompiendo con su antecesor y desaf\u00eda la figura de tutelaje que se cre\u00eda preestablecida. En otros casos, se mantiene la presencia del l\u00edder carism\u00e1tico como marca del siguiente gobierno y continuidad del proyecto pol\u00edtico y la figura del presidente sirve para viabilizar la victoria a trav\u00e9s de los votos.<\/p>\n\n\n\n<p>En conclusi\u00f3n, las presidencias tuteladas son un fen\u00f3meno que puede asociarse, aunque no siempre, al <a href=\"https:\/\/latinoamerica21.com\/es\/caudillos-mas-que-lideres\/\">caudillismo o al populismo.<\/a> Los l\u00edderes carism\u00e1ticos tienden a sobrepasar sus gobiernos y se vuelven motores de proyectos pol\u00edticos; mientras que quienes asumen el poder por la v\u00eda legal, pero que no cuentan con carisma propio, enfrentan el reto de crear un aura propia. Y en algunos casos mantener o romper los lazos con el proyecto original, lo cual puede generar disputas dentro del propio movimiento pol\u00edtico.<\/p>\n","protected":false},"excerpt":{"rendered":"<p>Los l\u00edderes carism\u00e1ticos tienden a sobrepasar sus gobiernos y se vuelven motores de proyectos pol\u00edticos; mientras que quienes asumen el poder por la v\u00eda legal enfrentan el reto de crear un aura propia.<\/p>\n","protected":false},"author":404,"featured_media":41360,"comment_status":"closed","ping_status":"closed","sticky":false,"template":"","format":"standard","meta":{"_acf_changed":false,"episode_type":"","audio_file":"","cover_image":"","cover_image_id":"","duration":"","filesize":"","filesize_raw":"","date_recorded":"","explicit":"","block":"","itunes_episode_number":"","itunes_title":"","itunes_season_number":"","itunes_episode_type":"","footnotes":""},"categories":[16497,16468],"tags":[14128],"gps":[],"class_list":{"0":"post-41319","1":"post","2":"type-post","3":"status-publish","4":"format-standard","5":"has-post-thumbnail","7":"category-democracia","8":"category-politica","9":"tag-ideas-en-es"},"acf":[],"_links":{"self":[{"href":"https:\/\/latinoamerica21.com\/es\/wp-json\/wp\/v2\/posts\/41319","targetHints":{"allow":["GET"]}}],"collection":[{"href":"https:\/\/latinoamerica21.com\/es\/wp-json\/wp\/v2\/posts"}],"about":[{"href":"https:\/\/latinoamerica21.com\/es\/wp-json\/wp\/v2\/types\/post"}],"author":[{"embeddable":true,"href":"https:\/\/latinoamerica21.com\/es\/wp-json\/wp\/v2\/users\/404"}],"replies":[{"embeddable":true,"href":"https:\/\/latinoamerica21.com\/es\/wp-json\/wp\/v2\/comments?post=41319"}],"version-history":[{"count":0,"href":"https:\/\/latinoamerica21.com\/es\/wp-json\/wp\/v2\/posts\/41319\/revisions"}],"wp:featuredmedia":[{"embeddable":true,"href":"https:\/\/latinoamerica21.com\/es\/wp-json\/wp\/v2\/media\/41360"}],"wp:attachment":[{"href":"https:\/\/latinoamerica21.com\/es\/wp-json\/wp\/v2\/media?parent=41319"}],"wp:term":[{"taxonomy":"category","embeddable":true,"href":"https:\/\/latinoamerica21.com\/es\/wp-json\/wp\/v2\/categories?post=41319"},{"taxonomy":"post_tag","embeddable":true,"href":"https:\/\/latinoamerica21.com\/es\/wp-json\/wp\/v2\/tags?post=41319"},{"taxonomy":"gps","embeddable":true,"href":"https:\/\/latinoamerica21.com\/es\/wp-json\/wp\/v2\/gps?post=41319"}],"curies":[{"name":"wp","href":"https:\/\/api.w.org\/{rel}","templated":true}]}}