{"id":41989,"date":"2024-07-07T06:00:00","date_gmt":"2024-07-07T09:00:00","guid":{"rendered":"https:\/\/latinoamerica21.com\/?p=41989"},"modified":"2024-07-05T06:54:33","modified_gmt":"2024-07-05T09:54:33","slug":"la-influencia-de-la-ultraderecha-europea-en-america-latina","status":"publish","type":"post","link":"https:\/\/latinoamerica21.com\/es\/la-influencia-de-la-ultraderecha-europea-en-america-latina\/","title":{"rendered":"La influencia de la ultraderecha europea en Am\u00e9rica Latina"},"content":{"rendered":"\n<p>Desde hace algunas d\u00e9cadas, el mundo viene presenciando el ascenso de la ultraderecha en varios pa\u00edses, cada una con sus respectivas particularidades. El nacionalismo ha enarbolado nuevas banderas en varias latitudes donde las derechas moderadas han perdido fuerza frente a la naciente ultraderecha. Hablar en plural de ellas implica reconocer sus peculiaridades y no encasillarlas en un concepto homog\u00e9neo.<\/p>\n\n\n\n<p>Autores como Anthony Giddens, Norberto Bobbio, Pippa Norris y Pablo Stefanoni coinciden en que los preceptos de las derechas se basan en la defensa de la vida y la propiedad privada; recientemente han adoptado la pugna por el libre mercado, el nacionalismo y los discursos antisistema. El siglo XXI ha dado paso a la formaci\u00f3n de la nueva derecha, la cual es m\u00e1s agresiva discursivamente, rayando el populismo en algunos casos.<\/p>\n\n\n\n<p>Las olas migratorias provenientes del norte de \u00c1frica y Medio Oriente detonaron discursos nacionalistas y anti inmigrantes en Europa. Partidos que provienen desde el siglo pasado, como el de Le Pen, han tenido un ascenso lento pero constante, mientras que en otros pa\u00edses han surgido nuevos partidos radicales. Viktor Orb\u00e1n en Hungr\u00eda, el partido pol\u00edtico Ley y Justicia en Polonia o Alternativa por Alemania cobraron relevancia producto, en parte, del rechazo a la migraci\u00f3n.<\/p>\n\n\n\n<p>Pero el ascenso del radicalismo se entiende tambi\u00e9n por el descontento con la democracia, los partidos tradicionales, las crisis econ\u00f3micas y la expansi\u00f3n de la ideolog\u00eda de izquierda en algunas naciones. En este contexto, sectores de diversos pa\u00edses comenzaron a verse atra\u00eddos por pol\u00edticos que dec\u00edan lo que quer\u00edan escuchar y dejaban de lado la correcci\u00f3n pol\u00edtica. Esto fue gestando la semilla de la derecha nacionalista europea. Y mientras que en el Reino Unido Boris Johnson se promov\u00eda como el \u00fanico capaz de concretar la salida de la Uni\u00f3n Europea, en Estados Unidos se consolidaba la primera candidatura de Donald Trump.<\/p>\n\n\n\n<p><strong>Los nexos entre la extremas derechas europeas y americanas<\/strong><\/p>\n\n\n\n<p>El triunfo electoral de Trump en 2015 signific\u00f3 un impulso a la ultraderechas de todo el mundo incluido\u00a0Europa, mientras que en la regi\u00f3n a\u00fan predominaba la <em>marea rosa<\/em>, llamada as\u00ed por la diversidad de izquierdas que gobernaban. Pero con el ciclo electoral 2018-2024 comenzaron a tener cada vez m\u00e1s relevancia los <a href=\"https:\/\/latinoamerica21.com\/es\/los-latinos-se-inclinan-por-trump\/\">radicales de derecha latinoamericanos<\/a>, que adoptaron posturas agresivas para atraer a nuevos sectores sociales. Nayib Bukele se convirti\u00f3 en el promotor de la pol\u00edtica de mano dura, el libertario Javier Milei logr\u00f3 que su voz fuera escuchada en todo el mundo, pero Jair Bolsonaro fue el primer gran l\u00edder de esta nueva era.<\/p>\n\n\n\n<p>Bolsonaro, fundador del bolsonarismo, representa una ideolog\u00eda caracterizada por un ferviente militarismo, la exaltaci\u00f3n de valores tradicionales como la familia y la religi\u00f3n, y la dura oposici\u00f3n de los avance de los derechos de las minor\u00edas y mujeres. Por otro lado, Nayib Bukele, el presidente de El Salvador, se ha dado a conocer a nivel mundial por su pol\u00edtica de mano dura fascinando a l\u00edderes de varios pa\u00edses. Bukele, a trav\u00e9s de los estados de excepci\u00f3n y la consolidaci\u00f3n de un partido cuasi hegem\u00f3nico, ha perseguido a las principales bandas delincuenciales.<\/p>\n\n\n\n<p>Su m\u00e9todo ha generado cr\u00edticas por la violaci\u00f3n a los derechos humanos. Sin embargo, varios pol\u00edticos de la regi\u00f3n se han interesado por su modelo para combatir la violencia; desde la izquierdista presidenta de Honduras, Xiomara Castro, hasta la ministra del Interior argentina, Patricia Bullrich.<\/p>\n\n\n\n<p>Finalmente, la victoria de Javier Milei en 2023 abri\u00f3 paso al libertarismo. Algunos lo han apodado \u201cel Trump argentino\u201d y lo han descrito como una respuesta del neoliberalismo ante la crisis marcada por la inflaci\u00f3n que vive el pa\u00eds y el desgaste tras casi veinte a\u00f1os de gobiernos kirchneristas.<\/p>\n\n\n\n<p>Al d\u00eda de hoy el avance de la ultraderecha es visible en todo el mundo. En Europa, mientras que en Italia Giorgia Meloni se convirti\u00f3 en primera ministra imponiendo una agenda nacionalista que busca devolver la gloria a la naci\u00f3n mediterr\u00e1nea, personajes como el holand\u00e9s Geert Wilders no paran de fortalecerse, al punto de que tras los comicios de 2024 es muy probable que se convierta en primer ministro. En Francia, tras las elecciones legislativas, Rassemblement National se convirti\u00f3 en la fuerza m\u00e1s votada, mientras que en Espa\u00f1a el partido Vox no ha tenido un crecimiento exponencial pero ha logrado posicionarse como una de las tres fuerzas m\u00e1s votadas a nivel nacional.<\/p>\n\n\n\n<p>Ante este ascenso de la extrema derecha, las derechas tradicionales pasaron a convertirse en las segundas fuerzas en diversos Parlamentos como Finlandia, Suecia, Serbia y Bulgaria, por mencionar algunos. En otros como Polonia, Hungr\u00eda y Austria se han convertido en partidos gobernantes que ahora pretenden acumular mayor poder, modificar la correlaci\u00f3n de fuerzas en la Uni\u00f3n Europea y extender su influencia hacia otras latitudes.<\/p>\n\n\n\n<p>El ascenso de estos partidos y l\u00edderes se debe, en gran medida, a los altos niveles de votaci\u00f3n de los j\u00f3venes de entre 21-29 a\u00f1os, quienes se sienten m\u00e1s atra\u00eddos por los extremos. Esto no es exclusivo del Viejo Continente; de acuerdo a Latinobar\u00f3metro, el apoyo a la democracia ha venido en descenso y muchos prefieren un l\u00edder autoritario que garantice estabilidad econ\u00f3mica, seguridad y movilidad social.<\/p>\n\n\n\n<figure class=\"wp-block-image size-large\"><img loading=\"lazy\" decoding=\"async\" width=\"1024\" height=\"682\" src=\"https:\/\/latinoamerica21.com\/wp-content\/uploads\/2024\/07\/392-B-1024x682.webp\" alt=\"\" class=\"wp-image-41990\" srcset=\"https:\/\/latinoamerica21.com\/wp-content\/uploads\/2024\/07\/392-B-1024x682.webp 1024w, https:\/\/latinoamerica21.com\/wp-content\/uploads\/2024\/07\/392-B-300x200.webp 300w, https:\/\/latinoamerica21.com\/wp-content\/uploads\/2024\/07\/392-B-768x512.webp 768w, https:\/\/latinoamerica21.com\/wp-content\/uploads\/2024\/07\/392-B-150x100.webp 150w, https:\/\/latinoamerica21.com\/wp-content\/uploads\/2024\/07\/392-B-696x464.webp 696w, https:\/\/latinoamerica21.com\/wp-content\/uploads\/2024\/07\/392-B-1068x712.webp 1068w, https:\/\/latinoamerica21.com\/wp-content\/uploads\/2024\/07\/392-B.webp 1364w\" sizes=\"auto, (max-width: 1024px) 100vw, 1024px\" \/><\/figure>\n\n\n\n<p><strong>2024 un a\u00f1o clave<\/strong><\/p>\n\n\n\n<p>Este ha sido <a href=\"https:\/\/latinoamerica21.com\/es\/elecciones-2024-los-riesgos-de-la-desinformacion\/\">un a\u00f1o clave<\/a> para las extremas derechas europeas y americanas. <a href=\"https:\/\/www.france24.com\/es\/europa\/20240611-una-ultraderecha-fortalecida-en-europa-c%C3%B3mo-se-explica-su-creciente-apoyo-electoral\">Los comicios para el Parlamento Europeo<\/a> arrojaron un crecimiento del radicalismo, y si bien los europe\u00edstas y centro derechistas tienen la mayor\u00eda, el nacionalismo se posicion\u00f3 como el segundo bloque de mayor presencia. Su victoria llev\u00f3 a Emmanuel Macron a disolver la Asamblea Nacional y llamar a elecciones anticipadas, lo que provoc\u00f3 el ascenso de Le Pen, y al primer ministro belga, Alexander De Croo, a dimitir de su cargo, mientras que en varios pa\u00edses se daban grandes protestas.<\/p>\n\n\n\n<p>En Am\u00e9rica, mientras tanto, sus correligionarios Javier Milei, Jair Bolsonaro, Nayib Bukele, Daniel Noboa y Donald Trump celebraron los resultados de las elecciones europeas. Y es que este avance europeo no s\u00f3lo resuena en la regi\u00f3n sino que puede llegar a ser un motor de radicalizaci\u00f3n de las derechas tradicionales de Am\u00e9rica Latina, una regi\u00f3n donde la izquierda gobierna en la mayor\u00eda de los pa\u00edses y en muchos casos bajo l\u00edderes populistas.<\/p>\n\n\n\n<p>En conclusi\u00f3n, aunque pueda parecer que los efectos electorales de Europa y de Estados Unidos no afectan a la realidad americana, esto es ya una realidad, y el primer gobierno de Trump fue una clara muestra de ello. En un mundo interconectado por la tecnolog\u00eda y la informaci\u00f3n, los discursos permean no solo a las audiencias nacionales sino tambi\u00e9n a las extraterritoriales. Por ello, quiz\u00e1 debemos comenzar a prestar m\u00e1s atenci\u00f3n a lo que ocurre, no solo del otro lado del R\u00edo Bravo, sino tambi\u00e9n al otro lado del oc\u00e9ano Atl\u00e1ntico para prever los posibles impactos en Am\u00e9rica Latina.<\/p>\n","protected":false},"excerpt":{"rendered":"<p>El avance de la ultraderecha en los comicios europeos no s\u00f3lo resuena en la regi\u00f3n sino que puede llegar a ser un motor de radicalizaci\u00f3n de las derechas tradicionales de Am\u00e9rica Latina.<\/p>\n","protected":false},"author":404,"featured_media":0,"comment_status":"closed","ping_status":"closed","sticky":false,"template":"","format":"standard","meta":{"_acf_changed":false,"episode_type":"","audio_file":"","cover_image":"","cover_image_id":"","duration":"","filesize":"","filesize_raw":"","date_recorded":"","explicit":"","block":"","itunes_episode_number":"","itunes_title":"","itunes_season_number":"","itunes_episode_type":"","footnotes":""},"categories":[16549,16504],"tags":[14128],"gps":[],"class_list":{"0":"post-41989","1":"post","2":"type-post","3":"status-publish","4":"format-standard","6":"category-europa","7":"category-populismo","8":"tag-ideas-en-es"},"acf":[],"_links":{"self":[{"href":"https:\/\/latinoamerica21.com\/es\/wp-json\/wp\/v2\/posts\/41989","targetHints":{"allow":["GET"]}}],"collection":[{"href":"https:\/\/latinoamerica21.com\/es\/wp-json\/wp\/v2\/posts"}],"about":[{"href":"https:\/\/latinoamerica21.com\/es\/wp-json\/wp\/v2\/types\/post"}],"author":[{"embeddable":true,"href":"https:\/\/latinoamerica21.com\/es\/wp-json\/wp\/v2\/users\/404"}],"replies":[{"embeddable":true,"href":"https:\/\/latinoamerica21.com\/es\/wp-json\/wp\/v2\/comments?post=41989"}],"version-history":[{"count":0,"href":"https:\/\/latinoamerica21.com\/es\/wp-json\/wp\/v2\/posts\/41989\/revisions"}],"wp:attachment":[{"href":"https:\/\/latinoamerica21.com\/es\/wp-json\/wp\/v2\/media?parent=41989"}],"wp:term":[{"taxonomy":"category","embeddable":true,"href":"https:\/\/latinoamerica21.com\/es\/wp-json\/wp\/v2\/categories?post=41989"},{"taxonomy":"post_tag","embeddable":true,"href":"https:\/\/latinoamerica21.com\/es\/wp-json\/wp\/v2\/tags?post=41989"},{"taxonomy":"gps","embeddable":true,"href":"https:\/\/latinoamerica21.com\/es\/wp-json\/wp\/v2\/gps?post=41989"}],"curies":[{"name":"wp","href":"https:\/\/api.w.org\/{rel}","templated":true}]}}