{"id":421,"date":"2018-11-22T12:24:13","date_gmt":"2018-11-22T15:24:13","guid":{"rendered":"http:\/\/latinoamerica21.com\/?p=421"},"modified":"2022-12-19T19:57:51","modified_gmt":"2022-12-19T22:57:51","slug":"pesimismo-en-torno-al-comercio-latinoamericano-pese-a-su-expansion","status":"publish","type":"post","link":"https:\/\/latinoamerica21.com\/es\/pesimismo-en-torno-al-comercio-latinoamericano-pese-a-su-expansion\/","title":{"rendered":"Pesimismo sobre el comercio, pese a su crecimiento"},"content":{"rendered":"\n<p>El \u00faltimo informe del&nbsp;Banco Interamericano de Desarrollo (BID) acaba de anunciar que el valor de las exportaciones aument\u00f3 un 9,7% en el primer semestre del a\u00f1o en comparaci\u00f3n con el anterior, mientras que la Comisi\u00f3n Econ\u00f3mica para Am\u00e9rica Latina y el Caribe (Cepal) ha proyectado un crecimiento de 9,7% del valor de las exportaciones para este a\u00f1o. As\u00ed, se cierran dos a\u00f1os consecutivos de recuperaci\u00f3n tras el descenso entre 2012 y 2016.<\/p>\n\n\n\n<p>A pesar del aumento de los montos, el crecimiento del volumen de las exportaciones <a href=\"https:\/\/latinoamerica21.com\/es\/en-america-latina-el-rescate-bancario-recaeria-aun-en-los-contribuyentes\/\">latinoamericanas<\/a>, de apenas de 2,1%, ser\u00eda, seg\u00fan la Cepal, menos de la mitad que el de las econom\u00edas en desarrollo que, de cuerdo con la Organizaci\u00f3n Mundial del Comercio (OMC), se incrementar\u00eda un 4,6%. M\u00e1s negativos a\u00fan son los datos del BID, que afirman que el volumen exportado en el primer semestre del a\u00f1o se ha reducido.<\/p>\n\n\n\n<p>El estancamiento del crecimiento del volumen exportado ha tenido una compensaci\u00f3n por el alza de los precios. En Am\u00e9rica del Sur, inform\u00f3 la Cepal, el <a href=\"https:\/\/www.imf.org\/es\/Blogs\/Articles\/2018\/01\/25\/latin-america-and-the-caribbean-in-2018-an-economic-recovery-in-the-making\">crecimiento<\/a> esperado, que se acerca al 10% del valor de las exportaciones, se debe en su totalidad al aumento de los precios de los productos b\u00e1sicos de exportaci\u00f3n como el petr\u00f3leo, los minerales y los metales. En el caso del Caribe, con un alza del 12,1%, sucede algo similar. A diferencia de estos, el crecimiento de M\u00e9xico se debe en proporciones similares al acrecentamiento del volumen y al de los precios. Mientras en Centroam\u00e9rica, el crecimiento se deber\u00eda totalmente al alza del volumen exportado, ya que los precios de los productos de mayor demanda como el az\u00facar y el caf\u00e9 descienden levemente. As\u00ed, las exportaciones manufactureras de M\u00e9xico y Centroam\u00e9rica se han visto beneficiadas por el mayor dinamismo de la demanda de Estados Unidos.<\/p>\n\n\n\n<p>La principal alza se registra en las exportaciones a China, uno de los principales socios comerciales de Am\u00e9rica Latina, y estas pr\u00e1cticamente se limitan a materias primas y manufacturas basadas en recursos naturales. Mientras, las exportaciones intrarregionales o hacia EE. UU., caracterizadas por un mayor valor agregado, crecer\u00edan a tasas sensiblemente menores. Esto acent\u00faa a\u00fan m\u00e1s la reprimarizaci\u00f3n de la producci\u00f3n, sobre todo en Am\u00e9rica del Sur, donde los <em>commodities<\/em> han pr\u00e1cticamente duplicado su peso en las \u00faltimas dos d\u00e9cadas.<\/p>\n\n\n\n<blockquote class=\"wp-block-quote is-layout-flow wp-block-quote-is-layout-flow\">\n<p>La regi\u00f3n <strong>\u2018<\/strong>ha perdido cuota de mercado en la regi\u00f3n\u201d.<\/p>\n<\/blockquote>\n\n\n\n<p>El valor de las exportaciones latinoamericanas ha mantenido su progresi\u00f3n gracias al alza de los precios, sin embargo, la regi\u00f3n \u201cha perdido cuota de mercado en la regi\u00f3n\u201d, debido, en parte, a una disminuci\u00f3n de la competitividad, afirm\u00f3 el informe del BID. A esto se suma el riesgo de un debilitamiento a futuro por la inestabilidad de la demanda exterior, la inestabilidad del d\u00f3lar y las tensiones comerciales en el mundo, sobre todo entre EE. UU. y China.<\/p>\n\n\n\n<p>En cuanto a las importaciones regionales de bienes, estas tambi\u00e9n han crecido por segundo a\u00f1o consecutivo con un aumento del 9,5%, pero a diferencia de lo sucedido con las exportaciones, el crecimiento responde m\u00e1s al del volumen que al de los precios. En concreto, las importaciones que m\u00e1s han crecido son las de manufacturas de China, que, en gran medida, compiten con las industrias latinoamericanas.<\/p>\n\n\n\n<p>Para cambiar el estancamiento de las exportaciones, la salida neta de capitales y el creciente proteccionismo al que se enfrenta la regi\u00f3n, es necesario, seg\u00fan la secretaria ejecutiva de la Cepal, Alicia B\u00e1rcena, \u201cintensificar los esfuerzos dirigidos a construir un mercado regional integrado\u201d. Y frente al bajo nivel de sofisticaci\u00f3n de la oferta exportable, el informe del BID, \u201curge a adoptar pol\u00edticas de integraci\u00f3n comercial que estimulen relaciones de complementaci\u00f3n productiva m\u00e1s complejas y flujos comerciales de mayor sofisticaci\u00f3n\u201d.<\/p>\n","protected":false},"excerpt":{"rendered":"<p>El \u00faltimo informe del  Banco Interamericano de Desarrollo (BID) acaba de anunciar que el valor de las exportaciones aument\u00f3 un 9,7% en el primer semestre del a\u00f1o en comparaci\u00f3n con el anterior, mientras que la Cepal prev\u00e9 un crecimiento de 9,7% del valor de las exportaciones para este a\u00f1o.<\/p>\n","protected":false},"author":2,"featured_media":422,"comment_status":"closed","ping_status":"closed","sticky":false,"template":"","format":"standard","meta":{"_acf_changed":false,"episode_type":"","audio_file":"","cover_image":"","cover_image_id":"","duration":"","filesize":"","filesize_raw":"","date_recorded":"","explicit":"","block":"","itunes_episode_number":"","itunes_title":"","itunes_season_number":"","itunes_episode_type":"","footnotes":""},"categories":[16498,16498,16499,16499,16500,16500],"tags":[],"gps":[],"class_list":{"0":"post-421","1":"post","2":"type-post","3":"status-publish","4":"format-standard","5":"has-post-thumbnail","7":"category-comercio","9":"category-exportaciones","11":"category-cepal"},"acf":[],"_links":{"self":[{"href":"https:\/\/latinoamerica21.com\/es\/wp-json\/wp\/v2\/posts\/421","targetHints":{"allow":["GET"]}}],"collection":[{"href":"https:\/\/latinoamerica21.com\/es\/wp-json\/wp\/v2\/posts"}],"about":[{"href":"https:\/\/latinoamerica21.com\/es\/wp-json\/wp\/v2\/types\/post"}],"author":[{"embeddable":true,"href":"https:\/\/latinoamerica21.com\/es\/wp-json\/wp\/v2\/users\/2"}],"replies":[{"embeddable":true,"href":"https:\/\/latinoamerica21.com\/es\/wp-json\/wp\/v2\/comments?post=421"}],"version-history":[{"count":0,"href":"https:\/\/latinoamerica21.com\/es\/wp-json\/wp\/v2\/posts\/421\/revisions"}],"wp:featuredmedia":[{"embeddable":true,"href":"https:\/\/latinoamerica21.com\/es\/wp-json\/wp\/v2\/media\/422"}],"wp:attachment":[{"href":"https:\/\/latinoamerica21.com\/es\/wp-json\/wp\/v2\/media?parent=421"}],"wp:term":[{"taxonomy":"category","embeddable":true,"href":"https:\/\/latinoamerica21.com\/es\/wp-json\/wp\/v2\/categories?post=421"},{"taxonomy":"post_tag","embeddable":true,"href":"https:\/\/latinoamerica21.com\/es\/wp-json\/wp\/v2\/tags?post=421"},{"taxonomy":"gps","embeddable":true,"href":"https:\/\/latinoamerica21.com\/es\/wp-json\/wp\/v2\/gps?post=421"}],"curies":[{"name":"wp","href":"https:\/\/api.w.org\/{rel}","templated":true}]}}