{"id":42149,"date":"2024-07-13T21:00:00","date_gmt":"2024-07-14T00:00:00","guid":{"rendered":"https:\/\/latinoamerica21.com\/?p=42149"},"modified":"2024-07-12T07:32:44","modified_gmt":"2024-07-12T10:32:44","slug":"golpe-blando-en-mexico","status":"publish","type":"post","link":"https:\/\/latinoamerica21.com\/es\/golpe-blando-en-mexico\/","title":{"rendered":"\u00bfGolpe blando en M\u00e9xico?"},"content":{"rendered":"\n<p>Luego del triunfo de la coalici\u00f3n Sigamos Haciendo Historia en las elecciones del pasado 2 de junio y el desconcierto de la oposici\u00f3n social y pol\u00edtica, han quedado a la vista las llamadas <a href=\"https:\/\/cnnespanol.cnn.com\/2024\/06\/08\/reformas-constitucionales-amlo-orix\/\">20 reformas constitucionales<\/a> de despedida del presidente L\u00f3pez Obrador, y, especialmente, la destinada a la refundaci\u00f3n del Poder Judicial, considerado por \u00e9l como \u201ccorrupto\u201d, por lo que es necesario limpiarlo completamente mediante la pol\u00e9mica elecci\u00f3n popular de jueces, magistrados y ministros.\u00a0<\/p>\n\n\n\n<p>Para lo que ya es parte de la historia, se puso en marcha una estrategia en la que el Poder Ejecutivo \u2014a trav\u00e9s de la Secretar\u00eda de Gobernaci\u00f3n\u2014 dio a conocer, antes que el Instituto Nacional Electoral (INE), los resultados preliminares en la elecci\u00f3n presidencial y del Congreso de la Uni\u00f3n. Llamaba la atenci\u00f3n especialmente que la coalici\u00f3n ganadora hab\u00eda obtenido la <a href=\"https:\/\/latinoamerica21.com\/es\/mexico-el-riesgo-de-la-sobrerepresentacion\/\">mayor\u00eda calificada en la C\u00e1mara de Diputados<\/a> al obtener el 72 por ciento de la representaci\u00f3n pol\u00edtica, lo que significa que los partidos coaligados pueden cambiar la Constituci\u00f3n sin necesidad de pactar con los partidos de la oposici\u00f3n.\u00a0<\/p>\n\n\n\n<p>Esta \u201cl\u00ednea\u201d dictada desde el poder presidencial inmediatamente se reprodujo y lleg\u00f3 a socializarse de tal manera que, salvo voces aisladas, se cuestionaba que as\u00ed fuera, ya que la coalici\u00f3n mencionada, ahora lo sabemos, solo hab\u00eda alcanzado el 54% de la votaci\u00f3n emitida y, sumada a la sobrerrepresentaci\u00f3n legal del 8%, solo le alcanzaba para tener el 62% y no el 72% de los diputados de la c\u00e1mara baja \u2014la c\u00e1mara alta de senadores ha quedado tentativamente en 82 contra los 84 que se necesitan para tener tambi\u00e9n ah\u00ed la mayor\u00eda calificada.&nbsp;<\/p>\n\n\n\n<p>La discusi\u00f3n, que hasta ahora es principalmente medi\u00e1tica, habr\u00e1 de escenificarse en el seno del Consejo General del INE, que es la instancia constitucional que deber\u00e1 hacer el c\u00e1lculo de distribuci\u00f3n conforme lo que establece el art\u00edculo 54 constitucional. Sin embargo, est\u00e1 tambi\u00e9n el art\u00edculo 41, que establece en el apartado A y B lo relativo a los partidos pol\u00edticos en distintos renglones y no se refiere en ning\u00fan momento a las coaliciones, por lo que valdr\u00eda el principio \u201clo que vale para los partidos, tambi\u00e9n vale para las coaliciones\u201d.&nbsp;&nbsp;<\/p>\n\n\n\n<p>La Ley General de Partidos Pol\u00edticos expresamente lo se\u00f1ala cuando afirma, por ejemplo, en el art\u00edculo 91, fracci\u00f3n segunda: \u201cEn el convenio de coalici\u00f3n se deber\u00e1 manifestar que los partidos pol\u00edticos coaligados, seg\u00fan el tipo de coalici\u00f3n de que se trate, se sujetar\u00e1n a los topes de gastos de campa\u00f1a que se hayan fijado para las distintas elecciones como si se tratara de un solo partido. De la misma manera, deber\u00e1 se\u00f1alarse el monto de las aportaciones de cada partido pol\u00edtico coaligado para el desarrollo de las campa\u00f1as respectivas, as\u00ed como la forma de reportarlo en los informes correspondientes\u201d.&nbsp;&nbsp;<\/p>\n\n\n\n<p>Y as\u00ed para todo lo que tenga que ver con las coaliciones (financiamiento, paridad de g\u00e9nero, etc.). Entonces, con estos preceptos constitucionales y reglamentarios, la discusi\u00f3n constitucional no est\u00e1 cerrada y deber\u00e1 llevarse a cabo en el seno del Consejo General del INE antes de rechazar o certificar el pronunciamiento fuera de lugar que hizo la secretaria de Gobernaci\u00f3n la noche de las elecciones concurrentes.&nbsp;<\/p>\n\n\n\n<p>Y esta, como lo han dicho distintos observadores pol\u00edticos, no puede ser una lectura gramatical sino sustantiva del esp\u00edritu constitucional y reglamentario de lo que compete a los partidos pol\u00edticos y a las coaliciones, que no tendr\u00edan por qu\u00e9 ser diferentes, como pretende el oficialismo.&nbsp;<\/p>\n\n\n\n<p>Una lectura literal y sesgada del art\u00edculo 54 constitucional provocar\u00eda que se imponga sin m\u00e1s la mayor\u00eda calificada en la C\u00e1mara de Diputados, y, en menor medida, en la de Senadores.&nbsp;<\/p>\n\n\n\n<p>Y, peor, ya sin estos contrapesos, vaya el presidente, y la futura presidenta, por el control total del Poder Judicial a trav\u00e9s de los abogados m\u00e1s populares. Visto a la luz de otras experiencias latinoamericanas \u2014especialmente la boliviana\u2014, significar\u00eda lo que el polit\u00f3logo norteamericano Gene Sharp denomina \u201cgolpe de estado blando\u201d, con una singularidad muy mexicana, pues lo frecuente es que este tipo de intervenciones en el llamado <em>lawfare<\/em> (guerra jur\u00eddica o guerra judicial) que hoy pretende hacer la \u201cizquierda\u201d, tradicionalmente la ha padecido, como sucedi\u00f3 en Brasil, donde cayeron los presidentes Lula Da Silva y Dilma Rousseff, uno en la c\u00e1rcel y la otra desaforada.&nbsp;&nbsp;<\/p>\n\n\n\n<p>En definitiva, lo que resuelva el INE, en materia de integraci\u00f3n del Congreso de la Uni\u00f3n y el Tribunal Electoral del Poder Judicial de la Federaci\u00f3n, abrir\u00e1 sin duda un comp\u00e1s entre la consolidaci\u00f3n de la democracia preservando los contrapesos indispensables al presidencialismo omnipotente y omnicomprensivo o la debacle con un hiperpresidencialismo sin contrapesos.&nbsp;&nbsp;<\/p>\n\n\n\n<p>De esa magnitud es lo que est\u00e1 en juego en M\u00e9xico en los pr\u00f3ximos meses. &nbsp;<\/p>\n","protected":false},"excerpt":{"rendered":"<p>Lo que resuelva el INE, en materia de integraci\u00f3n del Congreso de la Uni\u00f3n y el Tribunal Electoral del Poder Judicial, abrir\u00e1 un comp\u00e1s entre la preservaci\u00f3n de los contrapesos democr\u00e1ticos o la debacle con un hiperpresidencialismo.  <\/p>\n","protected":false},"author":331,"featured_media":42150,"comment_status":"closed","ping_status":"closed","sticky":false,"template":"","format":"standard","meta":{"_acf_changed":false,"episode_type":"","audio_file":"","cover_image":"","cover_image_id":"","duration":"","filesize":"","filesize_raw":"","date_recorded":"","explicit":"","block":"","itunes_episode_number":"","itunes_title":"","itunes_season_number":"","itunes_episode_type":"","footnotes":""},"categories":[16466,16642],"tags":[14126],"gps":[],"class_list":{"0":"post-42149","1":"post","2":"type-post","3":"status-publish","4":"format-standard","5":"has-post-thumbnail","7":"category-mexico","8":"category-sistema-judicial","9":"tag-debates-br-es"},"acf":[],"_links":{"self":[{"href":"https:\/\/latinoamerica21.com\/es\/wp-json\/wp\/v2\/posts\/42149","targetHints":{"allow":["GET"]}}],"collection":[{"href":"https:\/\/latinoamerica21.com\/es\/wp-json\/wp\/v2\/posts"}],"about":[{"href":"https:\/\/latinoamerica21.com\/es\/wp-json\/wp\/v2\/types\/post"}],"author":[{"embeddable":true,"href":"https:\/\/latinoamerica21.com\/es\/wp-json\/wp\/v2\/users\/331"}],"replies":[{"embeddable":true,"href":"https:\/\/latinoamerica21.com\/es\/wp-json\/wp\/v2\/comments?post=42149"}],"version-history":[{"count":0,"href":"https:\/\/latinoamerica21.com\/es\/wp-json\/wp\/v2\/posts\/42149\/revisions"}],"wp:featuredmedia":[{"embeddable":true,"href":"https:\/\/latinoamerica21.com\/es\/wp-json\/wp\/v2\/media\/42150"}],"wp:attachment":[{"href":"https:\/\/latinoamerica21.com\/es\/wp-json\/wp\/v2\/media?parent=42149"}],"wp:term":[{"taxonomy":"category","embeddable":true,"href":"https:\/\/latinoamerica21.com\/es\/wp-json\/wp\/v2\/categories?post=42149"},{"taxonomy":"post_tag","embeddable":true,"href":"https:\/\/latinoamerica21.com\/es\/wp-json\/wp\/v2\/tags?post=42149"},{"taxonomy":"gps","embeddable":true,"href":"https:\/\/latinoamerica21.com\/es\/wp-json\/wp\/v2\/gps?post=42149"}],"curies":[{"name":"wp","href":"https:\/\/api.w.org\/{rel}","templated":true}]}}