{"id":42260,"date":"2024-07-18T09:00:00","date_gmt":"2024-07-18T12:00:00","guid":{"rendered":"https:\/\/latinoamerica21.com\/?p=42260"},"modified":"2024-07-17T06:00:11","modified_gmt":"2024-07-17T09:00:11","slug":"mas-alla-de-una-cumbre-donde-esta-el-futuro","status":"publish","type":"post","link":"https:\/\/latinoamerica21.com\/es\/mas-alla-de-una-cumbre-donde-esta-el-futuro\/","title":{"rendered":"M\u00e1s all\u00e1 de una cumbre: \u00bfd\u00f3nde est\u00e1 el futuro?"},"content":{"rendered":"\n<p>Abordar el futuro se trata de un ejercicio creativo; no es apto para los realistas\/privilegiados que no pueden ver m\u00e1s all\u00e1 de la urgencia del presente o de los paradigmas puramente racionales. Si, adem\u00e1s, se trata de una urgencia del presente basado en crisis y sesgos de confirmaci\u00f3n, donde las certezas son escasas, el ejercicio de proyectar nuestro futuro se vuelve m\u00e1s dif\u00edcil.&nbsp;<\/p>\n\n\n\n<p>Sin embargo, m\u00e1s cerca han estado <a href=\"https:\/\/historia.nationalgeographic.com.es\/a\/julio-verne-espiritu-viajero-aventurero_13488\">Julio Verne<\/a>, <a href=\"https:\/\/historia.nationalgeographic.com.es\/a\/isaac-asimov-maestro-ciencia-ficcion_15035\">Isaac Asimov<\/a> o <a href=\"https:\/\/historia.nationalgeographic.com.es\/a\/aldous-huxley-y-su-distopia-feliz_15522\">Aldous Huxley<\/a> de decodificar nuestro actual presente (idealista o dist\u00f3pico) que cualquier materialista hist\u00f3rico, pol\u00edtico o bur\u00f3crata <em>realpolitik <\/em>de los siglos XIX y XX. Si esto es as\u00ed, m\u00e1s all\u00e1 de nuestra actual emergencia global con toques de ansiedad, contradicciones y cuestionamientos al sentido com\u00fan: \u00bfqu\u00e9 futuro podemos imaginar?&nbsp;<\/p>\n\n\n\n<figure class=\"wp-block-image size-large\"><img loading=\"lazy\" decoding=\"async\" width=\"1024\" height=\"576\" src=\"https:\/\/latinoamerica21.com\/wp-content\/uploads\/2024\/07\/image-1-1024x576.png\" alt=\"\" class=\"wp-image-42264\" srcset=\"https:\/\/latinoamerica21.com\/wp-content\/uploads\/2024\/07\/image-1-1024x576.png 1024w, https:\/\/latinoamerica21.com\/wp-content\/uploads\/2024\/07\/image-1-300x169.png 300w, https:\/\/latinoamerica21.com\/wp-content\/uploads\/2024\/07\/image-1-768x432.png 768w, https:\/\/latinoamerica21.com\/wp-content\/uploads\/2024\/07\/image-1-150x84.png 150w, https:\/\/latinoamerica21.com\/wp-content\/uploads\/2024\/07\/image-1-696x392.png 696w, https:\/\/latinoamerica21.com\/wp-content\/uploads\/2024\/07\/image-1-1068x601.png 1068w, https:\/\/latinoamerica21.com\/wp-content\/uploads\/2024\/07\/image-1-180x100.png 180w, https:\/\/latinoamerica21.com\/wp-content\/uploads\/2024\/07\/image-1.png 1230w\" sizes=\"auto, (max-width: 1024px) 100vw, 1024px\" \/><\/figure>\n\n\n\n<p><sub>Fuente: Retrato de Isaac Asimov. Revista Meer.<\/sub><\/p>\n\n\n\n<p>Me atrevo a dejar volar la imaginaci\u00f3n y pensar en escenarios considerando los \u00e1mbitos pol\u00edtico, social y econ\u00f3mico.&nbsp;<\/p>\n\n\n\n<ul class=\"wp-block-list\">\n<li>Es muy probable que se presente una guerra civil en alg\u00fan pa\u00eds occidental por discrepancias en t\u00e9rminos val\u00f3ricos.<\/li>\n<\/ul>\n\n\n\n<ul class=\"wp-block-list\">\n<li>Quiz\u00e1s exista una especie de legalizaci\u00f3n de la poligamia para crear un marco legal que proteja a las personas con relaciones poliamorosas, que les permita heredar y asegurar a sus seres queridos.<\/li>\n<\/ul>\n\n\n\n<ul class=\"wp-block-list\">\n<li>Puede ser que el modelo de arriendo de viviendas vacacionales iniciado por Airbnb ahora sea la forma dominante en el alquiler de viviendas. Muy pocas personas pueden tener una casa propia. Como alternativa a esta imposibilidad, muchas personas prefieren comprar acciones en este tipo de aplicaciones y obtener utilidades por el uso del mismo.<\/li>\n<\/ul>\n\n\n\n<ul class=\"wp-block-list\">\n<li>Ante la escasez de agua, el reciclaje de la misma se vuelve algo com\u00fan. En muchos hogares hay aparatos especializados para reciclar todo tipo de agua, basado en la tecnolog\u00eda espacial.\u00a0<\/li>\n<\/ul>\n\n\n\n<figure class=\"wp-block-image size-large\"><img loading=\"lazy\" decoding=\"async\" width=\"1024\" height=\"576\" src=\"https:\/\/latinoamerica21.com\/wp-content\/uploads\/2024\/07\/image-1024x576.png\" alt=\"\" class=\"wp-image-42261\" srcset=\"https:\/\/latinoamerica21.com\/wp-content\/uploads\/2024\/07\/image-1024x576.png 1024w, https:\/\/latinoamerica21.com\/wp-content\/uploads\/2024\/07\/image-300x169.png 300w, https:\/\/latinoamerica21.com\/wp-content\/uploads\/2024\/07\/image-768x432.png 768w, https:\/\/latinoamerica21.com\/wp-content\/uploads\/2024\/07\/image-1536x864.png 1536w, https:\/\/latinoamerica21.com\/wp-content\/uploads\/2024\/07\/image-150x84.png 150w, https:\/\/latinoamerica21.com\/wp-content\/uploads\/2024\/07\/image-696x392.png 696w, https:\/\/latinoamerica21.com\/wp-content\/uploads\/2024\/07\/image-1068x601.png 1068w, https:\/\/latinoamerica21.com\/wp-content\/uploads\/2024\/07\/image-180x100.png 180w, https:\/\/latinoamerica21.com\/wp-content\/uploads\/2024\/07\/image.png 1600w\" sizes=\"auto, (max-width: 1024px) 100vw, 1024px\" \/><\/figure>\n\n\n\n<p><sub>Fuente: Im\u00e1genes de referencia creadas con la plataforma de AI de Google<\/sub><\/p>\n\n\n\n<ul class=\"wp-block-list\">\n<li>De forma paulatina, ante los cortes de energ\u00eda, las casas empiezan a tener plantas el\u00e9ctricas multifuentes que incluyen energ\u00eda solar, e\u00f3lica, gasolina, gas y materia org\u00e1nica.<\/li>\n<\/ul>\n\n\n\n<ul class=\"wp-block-list\">\n<li>Al igual que en el pasado, las clases presenciales terminan siendo un lujo que no todas las familias se pueden permitir. La mayor\u00eda de las personas de clase baja o media baja opta por una educaci\u00f3n completamente virtual con una variedad en la calidad en funci\u00f3n de la capacidad econ\u00f3mica.\u00a0<\/li>\n<\/ul>\n\n\n\n<ul class=\"wp-block-list\">\n<li>Luego de m\u00faltiples filtraciones, los datos de salud de las personas se vuelven p\u00fablicos en muchos pa\u00edses occidentales y se vuelve un criterio impl\u00edcito al momento de evaluar a personas en b\u00fasqueda de empleo.<\/li>\n<\/ul>\n\n\n\n<ul class=\"wp-block-list\">\n<li>Las monedas nacionales dejan de existir, ya que, a causa de la miner\u00eda especial, las reservas de oro se cuadruplican, pero solo se concentran en determinados pa\u00edses, donde sus monedas se imponen al resto.<\/li>\n<\/ul>\n\n\n\n<ul class=\"wp-block-list\">\n<li>La soberan\u00eda de los pa\u00edses se ve debilitada y el poder no se concentra en los gobiernos nacionales. Los gobiernos subnacionales y locales obtienen m\u00e1s poder para administrar la pol\u00edtica a nivel territorial y la recaudaci\u00f3n fiscal es m\u00e1s directa. Mientras, las estructuras supranacionales mantienen la administraci\u00f3n de la movilidad territorial y especial.<\/li>\n<\/ul>\n\n\n\n<ul class=\"wp-block-list\">\n<li>Regresan las teocracias en regiones frustradas con la democracia y gozan de estabilidad.<\/li>\n<\/ul>\n\n\n\n<ul class=\"wp-block-list\">\n<li>Latinoam\u00e9rica se posiciona como la nueva regi\u00f3n m\u00e1s atractiva del mundo por su poca densidad poblacional en relaci\u00f3n con su territorio.<\/li>\n<\/ul>\n\n\n\n<ul class=\"wp-block-list\">\n<li>Se invade la Ant\u00e1rtida y hay una guerra por el territorio.<\/li>\n<\/ul>\n\n\n\n<ul class=\"wp-block-list\">\n<li>El narcotr\u00e1fico crea o conquista el primer pa\u00eds de manera oficial. Pero, en un giro inesperado, este pa\u00eds se mantiene, ya que los dem\u00e1s pa\u00edses lo utilizan para enviar dictadores y criminales inc\u00f3modos. Esto se termina convirtiendo en una gran c\u00e1rcel autogestionada.\u00a0<\/li>\n<\/ul>\n\n\n\n<ul class=\"wp-block-list\">\n<li>Un fallo en la inteligencia artificial produce un grave accidente y empiezan a restringir su uso. Se necesita un permiso especial del gobierno para usar ciertos programas.<\/li>\n<\/ul>\n\n\n\n<figure class=\"wp-block-image size-large\"><img loading=\"lazy\" decoding=\"async\" width=\"1024\" height=\"576\" src=\"https:\/\/latinoamerica21.com\/wp-content\/uploads\/2024\/07\/image-2-1024x576.png\" alt=\"\" class=\"wp-image-42267\" srcset=\"https:\/\/latinoamerica21.com\/wp-content\/uploads\/2024\/07\/image-2-1024x576.png 1024w, https:\/\/latinoamerica21.com\/wp-content\/uploads\/2024\/07\/image-2-300x169.png 300w, https:\/\/latinoamerica21.com\/wp-content\/uploads\/2024\/07\/image-2-768x432.png 768w, https:\/\/latinoamerica21.com\/wp-content\/uploads\/2024\/07\/image-2-1536x864.png 1536w, https:\/\/latinoamerica21.com\/wp-content\/uploads\/2024\/07\/image-2-150x84.png 150w, https:\/\/latinoamerica21.com\/wp-content\/uploads\/2024\/07\/image-2-696x392.png 696w, https:\/\/latinoamerica21.com\/wp-content\/uploads\/2024\/07\/image-2-1068x601.png 1068w, https:\/\/latinoamerica21.com\/wp-content\/uploads\/2024\/07\/image-2-180x100.png 180w, https:\/\/latinoamerica21.com\/wp-content\/uploads\/2024\/07\/image-2.png 1600w\" sizes=\"auto, (max-width: 1024px) 100vw, 1024px\" \/><\/figure>\n\n\n\n<p><sub>Fuente: Im\u00e1genes de referencia creadas con la plataforma de AI de Google<\/sub><\/p>\n\n\n\n<p>En este breve ejercicio de <a href=\"https:\/\/www.lisainstitute.com\/blogs\/blog\/prospectiva-y-analisis-prospectivo\">prospectiva<\/a> o de provocaci\u00f3n, se pueden hacer valoraciones positivas o negativas. Puede que mis ideas asomen realismo, cinismo o lugares comunes, pero el centro de la conversaci\u00f3n no es qu\u00e9 tipo de futuro podemos tener o no, sino c\u00f3mo estamos discutiendo el futuro, c\u00f3mo hacemos un esfuerzo para detenernos a pensar hacia d\u00f3nde estamos caminando y con qu\u00e9 herramientas: \u00bfser\u00e1 avance o retroceso?&nbsp;<\/p>\n\n\n\n<p>En septiembre de este a\u00f1o se celebrar\u00e1 en Nueva York la <a href=\"https:\/\/www.un.org\/es\/summit-of-the-future\">Cumbre del Futuro<\/a>, un evento de Naciones Unidas que re\u00fane a los l\u00edderes mundiales para forjar un nuevo consenso internacional a fin de mejorar el presente y salvaguardar el futuro. Esta cumbre tiene un doble objetivo: acelerar los esfuerzos para los compromisos internacionales y adoptar medidas concretas para hacer frente a los nuevos retos y aprovechar las nuevas oportunidades que se presentan. Para ello, se elaborar\u00e1 un documento final orientado a la acci\u00f3n que se denominar\u00e1 <a href=\"https:\/\/www.un.org\/sites\/un2.un.org\/files\/sotf-pact-for-the-future-rev.1.pdf\"><em>Un pacto para el futuro<\/em><\/a>.<\/p>\n\n\n\n<p>Este pacto promete ser un punto de inflexi\u00f3n para transformar la gobernanza global, primero proponiendo reformas a instancias tan importantes como el Consejo de Seguridad de la ONU, as\u00ed como tambi\u00e9n fomentando medios pac\u00edficos y sostenibles sobre <strong>el uso del espacio exterior, la inteligencia artificial y la postergada defensa de los derechos a los civiles en zonas de conflicto<\/strong>. Aun as\u00ed, la experiencia nos dice que el futuro se construye desde otras instancias.<\/p>\n\n\n\n<p>En ese sentido, m\u00e1s all\u00e1 de la Cumbre del Futuro, resulta necesario que los Verne, los Asimov, las Mary Shelley o los Edward Bellamy de esta generaci\u00f3n salgan a la luz. No soy de los que piensa que haya una orfandad intelectual o adormecimiento de ideas. Lo que s\u00ed existe es una mayor distracci\u00f3n a nuestros sentidos y una mayor concentraci\u00f3n econ\u00f3mica que nos impide ver nuestra humanidad bajo otras perspectivas.<\/p>\n\n\n\n<p>El poder quiere un pensamiento uniforme, inclusive en las nuevas tecnolog\u00edas como la inteligencia artificial; basta ver las im\u00e1genes que he utilizado para este art\u00edculo, a trav\u00e9s de la plataforma Gemini de Google. \u00bfEstas herramientas facilitan mi creatividad o la atrofian? \u00bfPor qu\u00e9 todas las im\u00e1genes se parecen? Mis ideas deben encuadrar en la est\u00e9tica de esta empresa, si quiero usarlas. Esto esconde peligros m\u00e1s all\u00e1 de la noci\u00f3n de inmediatez.<\/p>\n\n\n\n<p>Estoy convencido de que el futuro no solo lo definen los pol\u00edticos. Nunca ha sido as\u00ed en ninguna \u00e9poca, tampoco aquellos que concentran todo el poder econ\u00f3mico o tecnol\u00f3gico; ayer se llamaban Rockefeller o Carnegie, hoy se pueden llamar Musk o Zuckerberg. Lo cierto es que el futuro empieza y se construye sobre la base de quienes padecen los problemas del presente, no de quienes viven c\u00f3modamente en sus privilegios.\u00a0<\/p>\n\n\n\n<p>Por esa raz\u00f3n y aprovechando que el <em>futuro<\/em> como concepto ser\u00e1 un tema importante a nivel global en los pr\u00f3ximos meses, quisiera invitar especialmente a las personas m\u00e1s j\u00f3venes de la regi\u00f3n a interpelar a sus gobiernos frente a esta Cumbre del Futuro, ya sea desde la generaci\u00f3n de propuestas pol\u00edticas para esta instancia, como est\u00e1 pasando en <a href=\"https:\/\/redpublica.com.pe\/es-CL\/projects\/cumbre-del-futuro\">Per\u00fa<\/a>, o generando instancias alternativas o contenido a nivel intelectual con el que se invite a imaginar m\u00e1s all\u00e1 de los par\u00e1metros del actual <em>statu quo<\/em>.<\/p>\n","protected":false},"excerpt":{"rendered":"<p>No hay una orfandad intelectual o adormecimiento de ideas. Lo que s\u00ed existe es una mayor distracci\u00f3n a nuestros sentidos y una mayor concentraci\u00f3n econ\u00f3mica que nos impide ver nuestra humanidad bajo otras perspectivas.<\/p>\n","protected":false},"author":598,"featured_media":42278,"comment_status":"closed","ping_status":"closed","sticky":false,"template":"","format":"standard","meta":{"_acf_changed":false,"episode_type":"","audio_file":"","cover_image":"","cover_image_id":"","duration":"","filesize":"","filesize_raw":"","date_recorded":"","explicit":"","block":"","itunes_episode_number":"","itunes_title":"","itunes_season_number":"","itunes_episode_type":"","footnotes":""},"categories":[16577,16599],"tags":[14128],"gps":[],"class_list":{"0":"post-42260","1":"post","2":"type-post","3":"status-publish","4":"format-standard","5":"has-post-thumbnail","7":"category-tecnologia-es","8":"category-internet-es","9":"tag-ideas-en-es"},"acf":[],"_links":{"self":[{"href":"https:\/\/latinoamerica21.com\/es\/wp-json\/wp\/v2\/posts\/42260","targetHints":{"allow":["GET"]}}],"collection":[{"href":"https:\/\/latinoamerica21.com\/es\/wp-json\/wp\/v2\/posts"}],"about":[{"href":"https:\/\/latinoamerica21.com\/es\/wp-json\/wp\/v2\/types\/post"}],"author":[{"embeddable":true,"href":"https:\/\/latinoamerica21.com\/es\/wp-json\/wp\/v2\/users\/598"}],"replies":[{"embeddable":true,"href":"https:\/\/latinoamerica21.com\/es\/wp-json\/wp\/v2\/comments?post=42260"}],"version-history":[{"count":0,"href":"https:\/\/latinoamerica21.com\/es\/wp-json\/wp\/v2\/posts\/42260\/revisions"}],"wp:featuredmedia":[{"embeddable":true,"href":"https:\/\/latinoamerica21.com\/es\/wp-json\/wp\/v2\/media\/42278"}],"wp:attachment":[{"href":"https:\/\/latinoamerica21.com\/es\/wp-json\/wp\/v2\/media?parent=42260"}],"wp:term":[{"taxonomy":"category","embeddable":true,"href":"https:\/\/latinoamerica21.com\/es\/wp-json\/wp\/v2\/categories?post=42260"},{"taxonomy":"post_tag","embeddable":true,"href":"https:\/\/latinoamerica21.com\/es\/wp-json\/wp\/v2\/tags?post=42260"},{"taxonomy":"gps","embeddable":true,"href":"https:\/\/latinoamerica21.com\/es\/wp-json\/wp\/v2\/gps?post=42260"}],"curies":[{"name":"wp","href":"https:\/\/api.w.org\/{rel}","templated":true}]}}