{"id":42477,"date":"2024-07-25T09:00:00","date_gmt":"2024-07-25T12:00:00","guid":{"rendered":"https:\/\/latinoamerica21.com\/?p=42477"},"modified":"2024-07-24T06:13:00","modified_gmt":"2024-07-24T09:13:00","slug":"el-embargo-un-asunto-entre-cubanos","status":"publish","type":"post","link":"https:\/\/latinoamerica21.com\/es\/el-embargo-un-asunto-entre-cubanos\/","title":{"rendered":"El embargo, un asunto entre cubanos"},"content":{"rendered":"\n<p>La pregunta de si el embargo de los Estados Unidos es la causa de la actual situaci\u00f3n econ\u00f3mica y financiera de Cuba no tiene una respuesta simple. <a href=\"https:\/\/latinoamerica21.com\/es\/dos-modelos-economicos-socialistas-cuba-y-china-vietnam-cual-es-mas-eficiente\/\">La ineficiencia del socialismo cubano<\/a>, mucho mayor a la de cualquier otro socialismo leninista, y la tendencia del r\u00e9gimen a no pagar sus deudas, incluso cuando pod\u00eda, explican en parte esa situaci\u00f3n. No obstante, es evidente que el embargo s\u00ed tiene repercusiones importantes en la misma, porque, si no, no se explicar\u00eda la insistencia en conservarlo.\u00a0<\/p>\n\n\n\n<p>Nadie se empe\u00f1a en usar un recurso que el contrario utiliza exitosamente para victimizarse, y descalificarte, a menos que en el c\u00e1lculo general de ganancias-p\u00e9rdidas el saldo percibido sea positivo. A fin de cuentas, si el suelo y las producciones de Cuba, un peque\u00f1o archipi\u00e9lago sin grandes recursos naturales, valen algo, es por nuestra vecindad a los Estados Unidos. Un pa\u00eds de cuya econom\u00eda, la cubana ha sido complemento desde el siglo XVIII, cuando un subproducto de nuestra producci\u00f3n de az\u00facar, las mieles, se convirti\u00f3 en materia prima para la producci\u00f3n del ron de Nueva Inglaterra.\u00a0<\/p>\n\n\n\n<p>La dependencia econ\u00f3mica de Cuba a los Estados Unidos es tal que, tras la ruptura de 1960, el r\u00e9gimen solo ha conseguido sacar al pa\u00eds de la crisis al venderse como el aliado ideal de todo aquel dispuesto a sufragar al ineficiente socialismo cubano por tal de molestar a nuestro vecino. Cuba ha conseguido sobrevivir a m\u00e1s de sesenta a\u00f1os de desconexi\u00f3n con los Estados Unidos, su econom\u00eda complementaria natural e hist\u00f3rica, al buscar el apoyo econ\u00f3mico, pol\u00edticamente interesado, de los enemigos abiertos o solapados de ese pa\u00eds. Porque la realidad es que, m\u00e1s all\u00e1 de la cercan\u00eda a los Estados Unidos, Cuba tiene poco que ofrecer a otras econom\u00edas, y tampoco puede vivir aut\u00e1rquicamente.<\/p>\n\n\n\n<p>Pero la conservaci\u00f3n de ese embargo \u2014que, recordemos, no es la causa \u00fanica de la actual situaci\u00f3n cubana aunque influye en ella \u2014, \u00bfal inter\u00e9s de qui\u00e9n responde? Contrariamente a la creencia generalizada en Latinoam\u00e9rica, el embargo no se conserva por el inter\u00e9s del p\u00fablico o de la clase pol\u00edtica de los Estados Unidos. Si as\u00ed fuera, a la manera de Vietnam, hace mucho que habr\u00eda desaparecido.<\/p>\n\n\n\n<p>A diferencia de los tiempos de la Guerra Fr\u00eda, cuando tanto los pol\u00edticos de un partido como del otro apoyaban las medidas de castigo contra la isla vecina que se hab\u00eda atrevido a aliarse a su archienemigo, la Uni\u00f3n Sovi\u00e9tica, desde los a\u00f1os noventa ha habido en la pol\u00edtica americana una tendencia a establecer un <em>modus vivendi<\/em> con el r\u00e9gimen cubano. Si ello no ha sido posible es por la existencia de un importante y muy activo exilio cubano en los Estados Unidos, el cual, a diferencia del vietnamita, ha sabido hacerse con una influencia desproporcionada en la pol\u00edtica americana. Consid\u00e9rese que, si bien los cubanoamericanos no llegan al 0,8% del censo, tienen una representaci\u00f3n de <a href=\"https:\/\/www.cibercuba.com\/tags\/congresistas-cubanoamericanos\">casi un 2% en el Congreso<\/a>, con tres senadores, y siete representantes.\u00a0<\/p>\n\n\n\n<p>Fue el exilio, con sus relaciones y su habilidad pol\u00edtica para imponer sus intereses, quien en los noventa no s\u00f3lo consigui\u00f3 conservar el embargo sino incluso que su abrogaci\u00f3n quedara en manos \u00fanicamente del Congreso, en raz\u00f3n de determinadas condiciones que deber\u00e1 cumplir cualquier futuro gobierno cubano. Y todo ello, a pesar de la idea extendida dentro de la clase pol\u00edtica americana de que un r\u00e9gimen como el cubano tiene sus ventajas, como las de controlar con mayor eficacia los flujos de drogas y de emigrantes, en una isla casi a la vista de sus costas.<\/p>\n\n\n\n<p>Desenga\u00f1\u00e9monos: desde el final de la Guerra Fr\u00eda, el diferendo no es entre los gobiernos de Estados Unidos y Cuba, como pretende el r\u00e9gimen, sino entre el exilio y ese r\u00e9gimen totalitario establecido sobre la limitaci\u00f3n de derechos civiles, pol\u00edticos y econ\u00f3micos a los cubanos. Diferendo precisamente por conservar o eliminar esas limitaciones, dentro de una sociedad transnacional o transfronteriza cubana cada vez m\u00e1s interconectada, y en la que, por ejemplo, las remesas de los exiliados representan la principal entrada econ\u00f3mica para m\u00e1s de un tercio de las familias de la isla, y casi todo el capital con el que se inician los emprendimientos privados.<\/p>\n\n\n\n<p>El embargo es hoy el \u00fanico recurso eficaz de presi\u00f3n en manos de un significativo y en aumento porcentaje de cubanos que, inconformes con la situaci\u00f3n en Cuba, y sobre todo con las limitaciones econ\u00f3micas y pol\u00edticas en un sistema totalitario, han terminado por poner mares de por medio entre ellos y su patria. Algunos cuestionar\u00e1n ese uso \u201cpoco\u201d patri\u00f3tico del embargo, pero a quienes lo hagan cabe preguntarles: \u00bfqui\u00e9n es menos patriota, quien priva de derechos a sus compatriotas o quien sin derechos en su patria trata de conseguirlos de vuelta por las escasas v\u00edas abiertas ante \u00e9l?\u00a0<\/p>\n\n\n\n<p>A pesar de la evidencia de que hace mucho que el exilio es el \u00fanico apoyo importante dentro de la pol\u00edtica americana a la conservaci\u00f3n del embargo, La Habana insiste en tratar su eliminaci\u00f3n como un asunto exclusivo entre las canciller\u00edas de los dos pa\u00edses. Esto impide la soluci\u00f3n de un problema vital para Cuba, solo porque el r\u00e9gimen se niega a reconocer al exilio como una parte de la sociedad transnacional cubana y un interlocutor v\u00e1lido. Algo cada vez m\u00e1s iluso, dada la proporci\u00f3n creciente de la poblaci\u00f3n exiliada dentro de la sociedad transfronteriza cubana y su importancia tanto en la econom\u00eda isle\u00f1a como en la pol\u00edtica de los Estados Unidos.<\/p>\n\n\n\n<p>La comunidad internacional debe entender que solo ser\u00e1 posible eliminar el embargo cuando el r\u00e9gimen acepte a su exilio como un interlocutor v\u00e1lido, y tenga en cuenta sus reclamos, porque est\u00e1 en sus manos cambiar la pol\u00edtica de Washington hacia la Habana. En un final no se pod\u00eda privar a los cubanos de derechos en su pa\u00eds, darle a los inconformes como \u00fanica salida el emigrar, y a la vez esperar que al acumularse por millones esos excluidos no terminaran por controlar la pol\u00edtica de Estados Unidos hacia Cuba. Ahora hay que tratar con ellos, si de verdad se desea reconectar a Cuba con su mercado natural e hist\u00f3rico.<\/p>\n","protected":false},"excerpt":{"rendered":"<p>Desde el final de la Guerra Fr\u00eda, el diferendo no es entre los gobiernos de Estados Unidos y Cuba, como pretende la isla, sino entre el exilio y el r\u00e9gimen totalitario cubano.<\/p>\n","protected":false},"author":456,"featured_media":42478,"comment_status":"closed","ping_status":"closed","sticky":false,"template":"","format":"standard","meta":{"_acf_changed":false,"episode_type":"","audio_file":"","cover_image":"","cover_image_id":"","duration":"","filesize":"","filesize_raw":"","date_recorded":"","explicit":"","block":"","itunes_episode_number":"","itunes_title":"","itunes_season_number":"","itunes_episode_type":"","footnotes":""},"categories":[16581,16506],"tags":[14128],"gps":[],"class_list":{"0":"post-42477","1":"post","2":"type-post","3":"status-publish","4":"format-standard","5":"has-post-thumbnail","7":"category-cuba-es","8":"category-economia","9":"tag-ideas-en-es"},"acf":[],"_links":{"self":[{"href":"https:\/\/latinoamerica21.com\/es\/wp-json\/wp\/v2\/posts\/42477","targetHints":{"allow":["GET"]}}],"collection":[{"href":"https:\/\/latinoamerica21.com\/es\/wp-json\/wp\/v2\/posts"}],"about":[{"href":"https:\/\/latinoamerica21.com\/es\/wp-json\/wp\/v2\/types\/post"}],"author":[{"embeddable":true,"href":"https:\/\/latinoamerica21.com\/es\/wp-json\/wp\/v2\/users\/456"}],"replies":[{"embeddable":true,"href":"https:\/\/latinoamerica21.com\/es\/wp-json\/wp\/v2\/comments?post=42477"}],"version-history":[{"count":0,"href":"https:\/\/latinoamerica21.com\/es\/wp-json\/wp\/v2\/posts\/42477\/revisions"}],"wp:featuredmedia":[{"embeddable":true,"href":"https:\/\/latinoamerica21.com\/es\/wp-json\/wp\/v2\/media\/42478"}],"wp:attachment":[{"href":"https:\/\/latinoamerica21.com\/es\/wp-json\/wp\/v2\/media?parent=42477"}],"wp:term":[{"taxonomy":"category","embeddable":true,"href":"https:\/\/latinoamerica21.com\/es\/wp-json\/wp\/v2\/categories?post=42477"},{"taxonomy":"post_tag","embeddable":true,"href":"https:\/\/latinoamerica21.com\/es\/wp-json\/wp\/v2\/tags?post=42477"},{"taxonomy":"gps","embeddable":true,"href":"https:\/\/latinoamerica21.com\/es\/wp-json\/wp\/v2\/gps?post=42477"}],"curies":[{"name":"wp","href":"https:\/\/api.w.org\/{rel}","templated":true}]}}