{"id":426,"date":"2018-11-15T12:34:27","date_gmt":"2018-11-15T15:34:27","guid":{"rendered":"http:\/\/latinoamerica21.com\/?p=426"},"modified":"2023-10-24T10:33:59","modified_gmt":"2023-10-24T13:33:59","slug":"el-desafio-de-la-gobernabilidad-en-el-brasil-de-bolsonaro","status":"publish","type":"post","link":"https:\/\/latinoamerica21.com\/es\/el-desafio-de-la-gobernabilidad-en-el-brasil-de-bolsonaro\/","title":{"rendered":"El desaf\u00edo de la gobernabilidad en el Brasil de Bolsonaro"},"content":{"rendered":"\n<p>El triunfo de Jair Bolsonaro ha dado paso a las especulaciones sobre las condiciones de gobernabilidad que enfrentar\u00e1 una vez que est\u00e9 en el poder. En el pr\u00f3ximo Congreso estar\u00e1n representados 30 partidos, y el del presidente tendr\u00e1 \u00fanicamente el 5% del Senado (4 senadores) y poco m\u00e1s del 10% de la C\u00e1mara Baja (52 diputados), menos del 13,4% obtenido por el Partido de los Trabajadores (PT), de la presidenta Dilma Rousseff en las elecciones de 2014. El sistema pol\u00edtico de Brasil es uno de los m\u00e1s fragmentados del mundo, y en cada elecci\u00f3n viene rompiendo su propio r\u00e9cord. En 2014 hab\u00eda 28 partidos representados en la C\u00e1mara Baja. De los 30 que obtuvieron representaci\u00f3n este a\u00f1o, 15 poseer\u00e1n menos de 10 diputados. En 2014 ese n\u00famero era de 12 partidos.<\/p>\n\n\n\n<p>Si bien el incremento de la fragmentaci\u00f3n puede ser peque\u00f1o en relaci\u00f3n con la legislatura anterior, su dimensi\u00f3n preocupa, teniendo en cuenta los problemas de gobernabilidad que afront\u00f3 la presidenta Rousseff desde el inicio de su segundo gobierno y que derivaron en su <em>impeachment<\/em>, a pesar de haber sido elegida con una amplia coalici\u00f3n de partidos. Una diferencia importante es que <a href=\"https:\/\/latinoamerica21.com\/es\/bolsonaro-el-ultimo-populista-latinoamericano\/\">Bolsonaro<\/a> emerge de las elecciones m\u00e1s fuerte que Dilma en 2014. No solo por haber conseguido un porcentaje de votos mayor, 55,1% frente al 51,6% de Dilma aquel a\u00f1o, sino tambi\u00e9n porque Bolsonaro no carga con el peso del desgaste de un primer gobierno, y se beneficia del \u00abcr\u00e9dito\u00bb dado a presidentes en el comienzo de mandato. <\/p>\n\n\n\n<blockquote class=\"wp-block-quote is-layout-flow wp-block-quote-is-layout-flow\">\n<p>La estabilidad a medio y largo plazo de esos apoyos depender\u00e1, en gran medida, de la recuperaci\u00f3n econ\u00f3mica.<\/p>\n<\/blockquote>\n\n\n\n<p>Otro antecedente de escasa gobernabilidad es el gobierno de Fernando Collor, quien fue elegido en 1989 por una coalici\u00f3n de peque\u00f1os partidos con menos del 10% de los diputados, y tambi\u00e9n fue objeto de <em>impeachment<\/em>. Pero el perfil m\u00e1s conservador de la mayor\u00eda de los partidos y legisladores del pr\u00f3ximo Congreso, y el respaldo m\u00e1s o menos expl\u00edcito de algunos de ellos a Bolsonaro en la segunda vuelta, hacen factible el apoyo de m\u00e1s del 50% de los congresistas. Y alcanzar los tres quintos necesarios para enmiendas constitucionales tampoco parece imposible. Sin embargo, la estabilidad a medio y largo plazo de esos apoyos depender\u00e1, en gran medida, de la recuperaci\u00f3n econ\u00f3mica.<\/p>\n\n\n\n<p>Ese posible respaldo legislativo presenta, no obstante, dos obst\u00e1culos notorios. Por un lado, una de las m\u00e1s reiteradas promesas de campa\u00f1a de Bolsonaro fue que en su gobierno los nombramientos ser\u00edan exclusivamente por criterios t\u00e9cnicos y no implicar\u00edan acuerdos pol\u00edticos. No es una promesa m\u00e1s. Se trata de una de las principales razones de adhesi\u00f3n de gran parte de su electorado: el distanciamiento de la clase pol\u00edtica tradicional. Pero sin cargos p\u00fablicos que negociar, principal mecanismo de formaci\u00f3n de coaliciones en democracias multipartidarias, Bolsonaro dif\u00edcilmente conseguir\u00e1 una mayor\u00eda estable. El segundo obst\u00e1culo para afirmar apoyos es la falta de experiencia de muchos de los colaboradores pr\u00f3ximos al presidente electo en aspectos b\u00e1sicos de las normas que rigen la actividad pol\u00edtica. Exceso de \u201cruido\u201d con potenciales aliados puede minar posibles acuerdos.<\/p>\n\n\n\n<p>Sin embargo, las recientes declaraciones de uno de los hijos de Bolsonaro, que adem\u00e1s ha sido elegido senador, sobre la posibilidad de acuerdos con el MDB, el camale\u00f3nico partido del actual presidente <a href=\"https:\/\/www.cidob.org\/biografias_lideres_politicos\/america_del_sur\/brasil\/michel_temer\">Michel Temer<\/a>, sugieren que hay disposici\u00f3n para la negociaci\u00f3n. Por otra parte, algunos nombramientos, como el del pol\u00e9mico juez Sergio Moro para el Ministerio de Justicia, que han suscitado amplia aceptaci\u00f3n entre su electorado, pueden dar margen de maniobra para incursionar, en cierto grado, en negociaciones pol\u00edticas sin gran reprobaci\u00f3n por parte de sus seguidores.<\/p>\n\n\n\n<p>La gobernabilidad est\u00e1 asociada, adem\u00e1s, al debate sobre la fortaleza de las instituciones para hacer frente a eventuales desbordes autoritarios del futuro presidente. Este debate no es infundado en virtud de las pol\u00e9micas declaraciones de Bolsonaro en su trayectoria como diputado, dejando clara su baja adhesi\u00f3n a valores democr\u00e1ticos b\u00e1sicos, incluso durante la campa\u00f1a electoral. Este es un tema central, debido a que los Ejecutivos liderados por presidentes con poca adhesi\u00f3n a valores democr\u00e1ticos que cuentan con mayor\u00edas legislativas, suelen generar conflictos institucionales con el Poder Judicial. As\u00ed, el presidente del Supremo Tribunal Federal y la fiscal general de la rep\u00fablica ya han enfatizado, en m\u00e1s de una ocasi\u00f3n desde la definici\u00f3n electoral, que el nuevo presidente deber\u00e1 cumplir con la Constituci\u00f3n y respetar los derechos individuales y de las minor\u00edas. Este tipo de pronunciamiento, bastante inusuales, se\u00f1alan la preocupaci\u00f3n que genera el futuro gobierno de Bolsonaro. <\/p>\n\n\n\n<p>Finalmente, sus reiteradas cr\u00edticas hacia los medios de comunicaci\u00f3n insin\u00faan otro posible frente de conflictos. Si bien hay un amplio abanico de opiniones entre los analistas pol\u00edticos sobre el grado de fortaleza de las instituciones democr\u00e1ticas del pa\u00eds, parece haber menos divergencias en que estas ser\u00e1n puestas a prueba en los pr\u00f3ximos a\u00f1os. <\/p>\n\n\n\n<hr class=\"wp-block-separator\" id=\"block-ad479456-90c3-41b5-ade0-586b2032ee7e\"\/>\n\n\n\n<p class=\"has-text-align-right\" id=\"block-829d7943-9f44-4450-a6f4-84aa58c3a0e4\"><strong><em>Episodio relacionado de nuestro&nbsp;<a href=\"http:\/\/latinoamerica21.com\/podcast\/\">podcast<\/a><\/em>:<\/strong><\/p>\n\n\n\n<figure class=\"wp-block-embed is-type-rich is-provider-spotify wp-block-embed-spotify wp-embed-aspect-21-9 wp-has-aspect-ratio\"><div class=\"wp-block-embed__wrapper\">\n<iframe title=\"Spotify Embed: Comunicaci\u00f3n pol\u00edtica y pandemia en Brasil\" style=\"border-radius: 12px\" width=\"100%\" height=\"152\" frameborder=\"0\" allowfullscreen allow=\"autoplay; clipboard-write; encrypted-media; fullscreen; picture-in-picture\" loading=\"lazy\" src=\"https:\/\/open.spotify.com\/embed\/episode\/6SFNsOr0vridCIIMIY051e?si=FLAT1OUEQuGzjIww0j7G5g&#038;utm_source=oembed\"><\/iframe>\n<\/div><\/figure>\n","protected":false},"excerpt":{"rendered":"<p>El sistema pol\u00edtico de Brasil es uno de los m\u00e1s fragmentados del mundo y en cada elecci\u00f3n viene rompiendo su propio r\u00e9cord. En 2014 hab\u00eda 28 partidos representados en la C\u00e1mara Baja. De los 30 que obtuvieron representaci\u00f3n este a\u00f1o, 15 poseer\u00e1n menos de 10 diputados. En 2014 ese n\u00famero era de 12 partidos.<\/p>\n","protected":false},"author":4,"featured_media":427,"comment_status":"closed","ping_status":"closed","sticky":false,"template":"","format":"standard","meta":{"_acf_changed":false,"episode_type":"","audio_file":"","cover_image":"","cover_image_id":"","duration":"","filesize":"","filesize_raw":"","date_recorded":"","explicit":"","block":"","itunes_episode_number":"","itunes_title":"","itunes_season_number":"","itunes_episode_type":"","footnotes":""},"categories":[16501,16501,16502,16502,16487,16487],"tags":[14126],"gps":[],"class_list":{"0":"post-426","1":"post","2":"type-post","3":"status-publish","4":"format-standard","5":"has-post-thumbnail","7":"category-gobernabilidad","9":"category-jair-bolsonaro","11":"category-brasil","13":"tag-debates-br-es"},"acf":[],"_links":{"self":[{"href":"https:\/\/latinoamerica21.com\/es\/wp-json\/wp\/v2\/posts\/426","targetHints":{"allow":["GET"]}}],"collection":[{"href":"https:\/\/latinoamerica21.com\/es\/wp-json\/wp\/v2\/posts"}],"about":[{"href":"https:\/\/latinoamerica21.com\/es\/wp-json\/wp\/v2\/types\/post"}],"author":[{"embeddable":true,"href":"https:\/\/latinoamerica21.com\/es\/wp-json\/wp\/v2\/users\/4"}],"replies":[{"embeddable":true,"href":"https:\/\/latinoamerica21.com\/es\/wp-json\/wp\/v2\/comments?post=426"}],"version-history":[{"count":0,"href":"https:\/\/latinoamerica21.com\/es\/wp-json\/wp\/v2\/posts\/426\/revisions"}],"wp:featuredmedia":[{"embeddable":true,"href":"https:\/\/latinoamerica21.com\/es\/wp-json\/wp\/v2\/media\/427"}],"wp:attachment":[{"href":"https:\/\/latinoamerica21.com\/es\/wp-json\/wp\/v2\/media?parent=426"}],"wp:term":[{"taxonomy":"category","embeddable":true,"href":"https:\/\/latinoamerica21.com\/es\/wp-json\/wp\/v2\/categories?post=426"},{"taxonomy":"post_tag","embeddable":true,"href":"https:\/\/latinoamerica21.com\/es\/wp-json\/wp\/v2\/tags?post=426"},{"taxonomy":"gps","embeddable":true,"href":"https:\/\/latinoamerica21.com\/es\/wp-json\/wp\/v2\/gps?post=426"}],"curies":[{"name":"wp","href":"https:\/\/api.w.org\/{rel}","templated":true}]}}