{"id":42756,"date":"2024-08-08T09:00:00","date_gmt":"2024-08-08T12:00:00","guid":{"rendered":"https:\/\/latinoamerica21.com\/?p=42756"},"modified":"2024-08-05T09:23:38","modified_gmt":"2024-08-05T12:23:38","slug":"la-salud-mental-de-una-region-en-crisis-el-suicidio-en-america-latina","status":"publish","type":"post","link":"https:\/\/latinoamerica21.com\/es\/la-salud-mental-de-una-region-en-crisis-el-suicidio-en-america-latina\/","title":{"rendered":"La salud mental de una regi\u00f3n en crisis: el suicidio en Am\u00e9rica Latina"},"content":{"rendered":"\n<p>El suicidio es la causa de m\u00e1s de 703,000 muertes al a\u00f1o en todo el mundo, lo que equivale a que cada 40 segundos una persona se quite la vida, de acuerdo con la Organizaci\u00f3n Mundial de la Salud (OMS). La salud mental no hab\u00eda sido tema de discusi\u00f3n por a\u00f1os, pero luego de la pandemia de COVID-19 ha recobrado la importancia que merece, aunque no a los niveles necesarios para la implementaci\u00f3n de pol\u00edticas espec\u00edficas. De hecho, esta es la cuarta causa de muerte a nivel global y <a href=\"https:\/\/latinoamerica21.com\/es\/las-sociedades-en-crisis-favorecen-el-extremismo-y-el-suicidio-entre-los-jovenes\/\">la tercera en Am\u00e9rica Latina<\/a> donde en 2019, unas 98,000 personas de entre los 15 y los 29 a\u00f1os se quitaron la vida, seg\u00fan la OMS.<\/p>\n\n\n\n<p>En el a\u00f1o 2000, <a href=\"https:\/\/www.paho.org\/es\/noticias\/22-10-2014-americas-hay-mas-7-suicidios-por-hora-indica-nuevo-informe-ops\">la tasa de suicidios en Am\u00e9rica fue de 7.53 suicidios por cada 100,000 habitantes<\/a>, en contraste con las 21.88 suicidios por cada 100,000 habitantes en Europa, seg\u00fan datos de <em>Burden of Suicides <\/em>de la Organizaci\u00f3n Panamericana de la Salud (OPS). Para el a\u00f1o 2019, la tasa de suicidios en Am\u00e9rica aument\u00f3 a 9.64, mientras que en Europa descendi\u00f3 a 12.76.<\/p>\n\n\n\n<p>De acuerdo con esa misma fuente, durante el periodo 2000-2019, el mayor \u00edndice de suicidios se encuentra en Estados Unidos y Canad\u00e1, en comparaci\u00f3n con el resto de los pa\u00edses de la regi\u00f3n. En Am\u00e9rica Latina y El Caribe, Uruguay es el pa\u00eds que presenta la mayor tasa de suicidios (15.51), el doble del promedio de la regi\u00f3n (6.5).<\/p>\n\n\n\n<p>La salud mental considera varios aspectos como la salud emocional, cognitiva y conductual, as\u00ed como la capacidad de enfrentar y adaptarse eficazmente a los desaf\u00edos de la vida. Estas condiciones de buena salud mental requieren comprender la salud como un bien com\u00fan e implica que, el bienestar de la sociedad depende de la participaci\u00f3n y el compromiso de todos sus miembros para lograrlo.<\/p>\n\n\n\n<p>Sin embargo, cuando este estado de bienestar se ve afectado, pueden manifestarse diversos trastornos como resultado del sufrimiento emocional. El exceso de dolor y angustia pueden llevar a las personas a contemplar el suicidio.<\/p>\n\n\n\n<p>A pesar de que la decisi\u00f3n de quitarse la vida es individual, las implicaciones sociales del suicidio son sustanciales en t\u00e9rminos de la salud y el bienestar de una comunidad y de la sociedad en su conjunto. Por tales motivos, este fen\u00f3meno debe considerarse un problema de salud mental y de salud p\u00fablica que requiere la acci\u00f3n conjunta de los gobiernos, las instituciones de salud y la sociedad en general para ser solucionado.<\/p>\n\n\n\n<p>La OMS considera cuatro acciones claves para mejorar este estado situacional: 1) la promoci\u00f3n, que busca incidir sobre los determinantes favorables (factores de protecci\u00f3n, es decir, condiciones que favorezcan a la disminuci\u00f3n de la vulnerabilidad de una persona al suicidio y al aumento de su capacidad para afrontar las dificultades) para la salud de la sociedad; 2) la prevenci\u00f3n, que busca detectar y trata con anticipaci\u00f3n a las personas con un mayor riesgo de suicidio; 3) la intervenci\u00f3n, que consiste en brindar apoyo y tratamiento al individuo que ha tenido un intento de suicidio, as\u00ed como a su familia; y finalmente, 4) el enfoque multisectorial, que promueve la colaboraci\u00f3n y coordinaci\u00f3n entre diversos sectores de la sociedad.<\/p>\n\n\n\n<p>Para que la intervenci\u00f3n desde la pol\u00edtica p\u00fablica sea eficiente y efectiva, es requisito fundamental que los Estados garanticen la estabilidad fiscal, de tal manera que las intervenciones sean sostenibles. La perspectiva econ\u00f3mica es relevante debido al cumplimiento de las reglas fiscales, pero tambi\u00e9n teniendo en cuenta que la p\u00e9rdida de vidas a causa del suicidio tiene repercusiones en la fuerza laboral y la productividad de los pa\u00edses.<\/p>\n\n\n\n<p>La participaci\u00f3n del Estado adquiere un papel primordial con la implementaci\u00f3n de pol\u00edticas p\u00fablicas, que son posibles gracias a la inversi\u00f3n del gobierno. De acuerdo con los datos de la Comisi\u00f3n Econ\u00f3mica para Am\u00e9rica Latina y el Caribe (CEPAL), el gasto en salud como porcentaje del Producto Interno Bruto (PIB), en promedio entre el 2000 al 2019, represent\u00f3 aproximadamente el 7.21% del presupuesto total de los gobiernos de Am\u00e9rica Latina. Presentando un aumento gradual, con un m\u00ednimo del 5.84% en 2003 y un m\u00e1ximo del 11.86% en 2019.<\/p>\n\n\n\n<p>El pa\u00eds de la regi\u00f3n que m\u00e1s presupuesto destin\u00f3 al sector salud en el per\u00edodo analizado es Chile (3,97% del PIB). Sin embargo, resulta un n\u00famero relativamente bajo, pues es menor al porcentaje m\u00e1s bajo destinado al sector salud por un pa\u00eds europeo, Letonia, que destin\u00f3 un 4,17% de su PIB.<\/p>\n\n\n\n<p>De acuerdo con el <em>World Bank Open Data<\/em>, el gasto en salud mental como porcentaje del gasto total en salud en la regi\u00f3n est\u00e1 encabezado por Jamaica y Costa Rica con el 6,04% y el 2,91% respectivamente. Otros pa\u00edses como Paraguay y Per\u00fa comprometen una fracci\u00f3n menor de sus recursos, con tan solo el 0,31% y el 0,27%, respectivamente. Este destino del gasto en salud mental resalta las prioridades de gasto de los gobiernos respecto a este tema.<\/p>\n\n\n\n<p>En el corto plazo es crucial enfocarse en la capacitaci\u00f3n del personal de salud para afrontar casos de autolesi\u00f3n y muestras de enfermedades psicol\u00f3gicas. Mientras que en el largo plazo, ser\u00e1 necesario evaluar los resultados de las pol\u00edticas p\u00fablicas ya implementadas como la creaci\u00f3n y mantenimiento de infraestructura m\u00e9dica, en lo tangible; y los esfuerzos para reducir el estigma asociado a ciertas condiciones de salud como problemas de salud mental, en lo intangible.<\/p>\n\n\n\n<p>El impacto del aumento del gasto p\u00fablico en salud no se manifiesta de manera inmediata, la inversi\u00f3n en salud mental mostrar\u00e1 resultados en el largo plazo, y aunque los r\u00e9ditos pol\u00edticos no sean tan evidentes en las esperadas elecciones, la inversi\u00f3n en salud en general es crucial para el bien de las familias y los pa\u00edses. Ojal\u00e1 la clase pol\u00edtica latinoamericana entienda que los verdaderos estadistas deben pensar en la siguiente generaci\u00f3n y no en la pr\u00f3xima elecci\u00f3n.<\/p>\n","protected":false},"excerpt":{"rendered":"<p>A pesar de que la decisi\u00f3n de quitarse la vida es individual, las implicaciones sociales del suicidio son sustanciales en t\u00e9rminos de la salud y el bienestar de una comunidad y de la sociedad en su conjunto. <\/p>\n","protected":false},"author":135,"featured_media":42757,"comment_status":"closed","ping_status":"closed","sticky":false,"template":"","format":"standard","meta":{"_acf_changed":false,"episode_type":"","audio_file":"","cover_image":"","cover_image_id":"","duration":"","filesize":"","filesize_raw":"","date_recorded":"","explicit":"","block":"","itunes_episode_number":"","itunes_title":"","itunes_season_number":"","itunes_episode_type":"","footnotes":""},"categories":[17430],"tags":[14126],"gps":[],"class_list":{"0":"post-42756","1":"post","2":"type-post","3":"status-publish","4":"format-standard","5":"has-post-thumbnail","7":"category-salud-2","8":"tag-debates-br-es"},"acf":[],"_links":{"self":[{"href":"https:\/\/latinoamerica21.com\/es\/wp-json\/wp\/v2\/posts\/42756","targetHints":{"allow":["GET"]}}],"collection":[{"href":"https:\/\/latinoamerica21.com\/es\/wp-json\/wp\/v2\/posts"}],"about":[{"href":"https:\/\/latinoamerica21.com\/es\/wp-json\/wp\/v2\/types\/post"}],"author":[{"embeddable":true,"href":"https:\/\/latinoamerica21.com\/es\/wp-json\/wp\/v2\/users\/135"}],"replies":[{"embeddable":true,"href":"https:\/\/latinoamerica21.com\/es\/wp-json\/wp\/v2\/comments?post=42756"}],"version-history":[{"count":0,"href":"https:\/\/latinoamerica21.com\/es\/wp-json\/wp\/v2\/posts\/42756\/revisions"}],"wp:featuredmedia":[{"embeddable":true,"href":"https:\/\/latinoamerica21.com\/es\/wp-json\/wp\/v2\/media\/42757"}],"wp:attachment":[{"href":"https:\/\/latinoamerica21.com\/es\/wp-json\/wp\/v2\/media?parent=42756"}],"wp:term":[{"taxonomy":"category","embeddable":true,"href":"https:\/\/latinoamerica21.com\/es\/wp-json\/wp\/v2\/categories?post=42756"},{"taxonomy":"post_tag","embeddable":true,"href":"https:\/\/latinoamerica21.com\/es\/wp-json\/wp\/v2\/tags?post=42756"},{"taxonomy":"gps","embeddable":true,"href":"https:\/\/latinoamerica21.com\/es\/wp-json\/wp\/v2\/gps?post=42756"}],"curies":[{"name":"wp","href":"https:\/\/api.w.org\/{rel}","templated":true}]}}