{"id":43201,"date":"2024-08-22T09:00:00","date_gmt":"2024-08-22T12:00:00","guid":{"rendered":"https:\/\/latinoamerica21.com\/?p=43201"},"modified":"2024-08-20T08:03:59","modified_gmt":"2024-08-20T11:03:59","slug":"invisibles-e-indispensables-las-trabajadoras-de-cuello-rosa-en-america-latina","status":"publish","type":"post","link":"https:\/\/latinoamerica21.com\/es\/invisibles-e-indispensables-las-trabajadoras-de-cuello-rosa-en-america-latina\/","title":{"rendered":"Invisibles e indispensables: las trabajadoras de cuello rosa en Am\u00e9rica Latina"},"content":{"rendered":"\n<p>Luisa trabaja de cajera en un almac\u00e9n. Rosa es maestra en una escuela de educaci\u00f3n b\u00e1sica. Maribel tiene diez a\u00f1os como enfermera. Luc\u00eda es ama de llaves en un hotel 5 estrellas. Andrea es recepcionista en una gran empresa, junto a Martha, la secretaria. Kathy es manicurista, y su hija Alicia cocina en un restaurante de la localidad. Clara cuida ni\u00f1os en una guarder\u00eda. Antonia vende flores en el supermercado en la ma\u00f1ana y en la tarde cose ropa en una tintorer\u00eda. Maricarmen hace labores de relacionista p\u00fablica en el gobierno, mientras se prepara como administradora para buscar trabajo en un banco.<\/p>\n\n\n\n<p>\u00bfQu\u00e9 tienen en com\u00fan todas ellas? S\u00ed, todas son mujeres. Y s\u00ed, se trata de posiciones que no es extra\u00f1o que ocupe una mujer. Son puestos de sectores econ\u00f3micos asociados a servicios sociales, comercio minorista, turismo, cosmetolog\u00eda; est\u00e1n usualmente hiperfeminizados, mal remunerados y poco reconocidos como roles esenciales. Son los llamados <em>trabajos de cuello rosa<\/em>.<\/p>\n\n\n\n<p>Desde las oficinas corporativas hasta los peque\u00f1os emprendimientos, estas mujeres sostienen sectores clave con su trabajo y sin embargo enfrentan una realidad oculta: la discriminaci\u00f3n que limita sus oportunidades y perpet\u00faa desigualdades profundamente arraigadas. En este art\u00edculo analizo qu\u00e9 es, c\u00f3mo opera y cu\u00e1les son las causas y consecuencias de este fen\u00f3meno del cuello rosa en Am\u00e9rica Latina, y sugiero acciones para mitigar sus negativos efectos en la econom\u00eda.<\/p>\n\n\n\n<p><strong>El cuello rosa discrimina<\/strong><\/p>\n\n\n\n<p>Desde 1930, en los Estados Unidos se comenz\u00f3 a popularizar la clasificaci\u00f3n de los trabajadores por el color del cuello de su uniforme en el ambiente laboral. En ese momento se hizo la distinci\u00f3n entre trabajadores de cuello azul (los que realizan labores f\u00edsicas y de manufactura) y los de cuello blanco (aquellos que desempe\u00f1an trabajos de oficina m\u00e1s administrativos y profesionales, considerados m\u00e1s productivos, capacitados y receptores de mejores salarios).<\/p>\n\n\n\n<p>M\u00e1s recientemente surgieron otras clasificaciones, como el trabajo de cuello dorado (altamente calificados como emprendedores y cient\u00edficos), de cuello verde (especialistas en producir bienes y servicios para el medio ambiente), de cuello negro (dedicados a la industria minera y extracci\u00f3n de petr\u00f3leo, pero tambi\u00e9n al trabajo ilegal) y de cuello rosa (dedicados a la industria de servicios).<\/p>\n\n\n\n<p>Un trabajo de cuello rosa es uno que tradicionalmente se ha reservado solo para mujeres. El t\u00e9rmino fue acu\u00f1ado a finales de la d\u00e9cada de los 70 por la escritora y cr\u00edtica social Louise Kapp Howe para denotar a las mujeres que trabajaban como enfermeras, secretarias y maestras de escuela primaria. Estos puestos no eran trabajos administrativos, pero tampoco eran trabajos manuales.<\/p>\n\n\n\n<p>Se les llama tambi\u00e9n \u201cgueto rosa\u201d (<em>pink ghetto<\/em>) como una manera de describir los l\u00edmites que tienen las mujeres para avanzar en sus carreras, ya que estos trabajos suelen ser un callej\u00f3n sin salida. Es un mecanismo de exclusi\u00f3n institucionalizado, una suerte de segregaci\u00f3n ocupacional, que impide el ascenso a posiciones de poder real en las empresas y encasilla a las mujeres en labores asociadas a ser mujer. Se trata de un fen\u00f3meno por el cual las trabajadoras acceden al mercado de trabajo de manera diferenciada, tendiendo a concentrarse en diferentes sectores u ocupaciones en funci\u00f3n de su sexo y no de sus capacidades.<\/p>\n\n\n\n<p><strong>Disparidades laborales por sexo en LA<\/strong><\/p>\n\n\n\n<p>Aun cuando los esfuerzos feministas por vencer los estereotipos y roles asignados al sexo han dejado frutos positivos y abierto caminos a muchas mujeres para desempe\u00f1arse en espacios hist\u00f3ricamente hipermasculinizados, se sigue reproduciendo el modelo que las relega a funciones de servicio y apoyo.<\/p>\n\n\n\n<p>Seg\u00fan un reporte de la Organizaci\u00f3n para la Cooperaci\u00f3n y el Desarrollo Econ\u00f3mico (OCDE), el 70% de las mujeres tienen puestos de trabajo en el campo del cuello rosa, como la industria de servicios de alimentos y cosm\u00e9ticos. Espec\u00edficamente, las econom\u00edas de Am\u00e9rica Latina presentan importantes disparidades en sus mercados laborales, frenando su crecimiento productivo al limitar el potencial productivo de las mujeres.<\/p>\n\n\n\n<p><a href=\"https:\/\/webapps.ilo.org\/wcmsp5\/groups\/public\/---americas\/---ro-lima\/documents\/publication\/wcms_920315.pdf\">Un estudio de la OIT<\/a>, que abarca pa\u00edses como Brasil, Colombia, Costa Rica, Ecuador, El Salvador, Guatemala, M\u00e9xico y Uruguay, revela que la segregaci\u00f3n ocupacional de g\u00e9nero, marcada por la prevalencia de ocupaciones predominantemente femeninas o masculinas, persiste a niveles significativos en Am\u00e9rica Latina. <a href=\"https:\/\/latinoamerica21.com\/es\/a-este-ritmo-nos-tomara-casi-300-anos-lograr-la-igualdad-de-genero\/\">La segregaci\u00f3n de g\u00e9nero <\/a>conlleva efectos negativos perpetuando estereotipos, influyendo en decisiones educativas y afectando el desarrollo del capital humano. Adem\u00e1s, contribuye a incrementar las brechas salariales de g\u00e9nero y desajustar la relaci\u00f3n entre habilidades y puestos, lo que impacta en la eficiencia de los mercados laborales.<\/p>\n\n\n\n<p>Las<a href=\"https:\/\/foroalc2030.cepal.org\/2024\/sites\/foro2024\/files\/presentations\/indicadoresgenero_dag.pdf\"> mujeres est\u00e1n sobrerrepresentadas en los servicios no comerciales en Am\u00e9rica Latina<\/a>, los cuales incluyen el sector de cuidados y de turismo, con bajos salarios y altas tasas de informalidad laboral. Por otro lado, en los sectores de miner\u00eda y energ\u00eda solamente 2 de cada 10 empleados son mujeres.<\/p>\n\n\n\n<p>Las mujeres de Am\u00e9rica Latina tienen empleos de peor calidad que los hombres, con una brecha de 16 puntos en el <a href=\"https:\/\/www.iadb.org\/es\/noticias\/en-america-latina-y-el-caribe-hay-empleo-pero-es-urgente-aumentar-su-calidad\">\u00cdndice de Mejores Trabajos del Banco Interamericano de Desarrollo<\/a> (BID): \u201cDe 2010 a 2022, el \u00cdndice de Mejores Trabajos para las mujeres creci\u00f3 a una tasa del 0,8% anual. A ese ritmo, el \u00edndice para las mujeres tardar\u00eda m\u00e1s de 47 a\u00f1os en alcanzar el nivel de calidad y cantidad del empleo que tienen los hombres\u201d, afirma el BID. Esta situaci\u00f3n conlleva una significativa disminuci\u00f3n del potencial productivo que representan las mujeres en la regi\u00f3n.<\/p>\n\n\n\n<p><strong>Eliminar el g\u00e9nero en las ocupaciones<\/strong><\/p>\n\n\n\n<p>En Am\u00e9rica Latina, varios pa\u00edses han dise\u00f1ado y puesto en pr\u00e1ctica pol\u00edticas para promover la igualdad de g\u00e9nero en el mercado laboral y mejorar las condiciones de trabajo de las mujeres en sectores tradicionalmente femeninos. Entre ellas est\u00e1n las leyes de igualdad salarial, el establecimiento de cuotas de g\u00e9nero, medidas de conciliaci\u00f3n laboral y familiar, as\u00ed como programas de empoderamiento econ\u00f3mico y capacitaci\u00f3n de mujeres en carreras cient\u00edficas e inform\u00e1ticas. Tambi\u00e9n ofrecen servicios de orientaci\u00f3n, certificaci\u00f3n de competencias y la creaci\u00f3n de condiciones igualitarias en la informaci\u00f3n y contrataciones laborales m\u00e1s justas.<\/p>\n\n\n\n<p>Pero nada de esto funcionar\u00e1 si los sesgos que sostienen la idea del color rosa como identificador de las vocaciones y dedicaci\u00f3n de las mujeres contin\u00faan definiendo la cultura laboral, porque envuelven creencias asignadas al sexo que son arbitrarias e injustas. Todo lo que refuerce estereotipos basados en prejuicios es da\u00f1ino para la econom\u00eda y la sociedad en su conjunto.<\/p>\n\n\n\n<p>Los cuidados, la salud o la educaci\u00f3n son sectores esenciales para la sociedad, pero en nuestros pa\u00edses emplearse en ellos est\u00e1 devaluado y sus puestos ofrecen pocas oportunidades para avanzar en la carrera. El camino entonces es m\u00e1s sensibilizaci\u00f3n y educaci\u00f3n para desmontar aquellos sesgos que hacen ver como \u201cnatural\u201d el que una mujer se dedique a este tipo de labores de soporte y apoyo, y lograr que m\u00e1s hombres se involucren en estas tareas. Pero tambi\u00e9n revalorizarlas porque son funciones que agregan valor econ\u00f3mico y, por lo tanto, sus actividades y perfiles ocupacionales pueden y deben estar mejor considerados y remunerados.<\/p>\n","protected":false},"excerpt":{"rendered":"<p>Se les llama tambi\u00e9n \u201cgueto rosa\u201d como una manera de describir los l\u00edmites que tienen las mujeres para avanzar en sus carreras, ya que estos trabajos suelen ser un callej\u00f3n sin salida.<\/p>\n","protected":false},"author":626,"featured_media":43206,"comment_status":"closed","ping_status":"closed","sticky":false,"template":"","format":"standard","meta":{"_acf_changed":false,"episode_type":"","audio_file":"","cover_image":"","cover_image_id":"","duration":"","filesize":"","filesize_raw":"","date_recorded":"","explicit":"","block":"","itunes_episode_number":"","itunes_title":"","itunes_season_number":"","itunes_episode_type":"","footnotes":""},"categories":[16476,16526],"tags":[14128],"gps":[],"class_list":{"0":"post-43201","1":"post","2":"type-post","3":"status-publish","4":"format-standard","5":"has-post-thumbnail","7":"category-desigualdad-es","8":"category-genero","9":"tag-ideas-en-es"},"acf":[],"_links":{"self":[{"href":"https:\/\/latinoamerica21.com\/es\/wp-json\/wp\/v2\/posts\/43201","targetHints":{"allow":["GET"]}}],"collection":[{"href":"https:\/\/latinoamerica21.com\/es\/wp-json\/wp\/v2\/posts"}],"about":[{"href":"https:\/\/latinoamerica21.com\/es\/wp-json\/wp\/v2\/types\/post"}],"author":[{"embeddable":true,"href":"https:\/\/latinoamerica21.com\/es\/wp-json\/wp\/v2\/users\/626"}],"replies":[{"embeddable":true,"href":"https:\/\/latinoamerica21.com\/es\/wp-json\/wp\/v2\/comments?post=43201"}],"version-history":[{"count":0,"href":"https:\/\/latinoamerica21.com\/es\/wp-json\/wp\/v2\/posts\/43201\/revisions"}],"wp:featuredmedia":[{"embeddable":true,"href":"https:\/\/latinoamerica21.com\/es\/wp-json\/wp\/v2\/media\/43206"}],"wp:attachment":[{"href":"https:\/\/latinoamerica21.com\/es\/wp-json\/wp\/v2\/media?parent=43201"}],"wp:term":[{"taxonomy":"category","embeddable":true,"href":"https:\/\/latinoamerica21.com\/es\/wp-json\/wp\/v2\/categories?post=43201"},{"taxonomy":"post_tag","embeddable":true,"href":"https:\/\/latinoamerica21.com\/es\/wp-json\/wp\/v2\/tags?post=43201"},{"taxonomy":"gps","embeddable":true,"href":"https:\/\/latinoamerica21.com\/es\/wp-json\/wp\/v2\/gps?post=43201"}],"curies":[{"name":"wp","href":"https:\/\/api.w.org\/{rel}","templated":true}]}}